{"id":104594,"date":"2026-01-14T16:48:13","date_gmt":"2026-01-14T16:48:13","guid":{"rendered":"https:\/\/www.europesays.com\/lv\/104594\/"},"modified":"2026-01-14T16:48:13","modified_gmt":"2026-01-14T16:48:13","slug":"tiesas-prieksa-nonak-caur-erkskiem-uz-dalibniece-no-jekabpils-jekabpils-laiks-jekabpils-zinas","status":"publish","type":"post","link":"https:\/\/www.europesays.com\/lv\/104594\/","title":{"rendered":"Tiesas priek\u0161\u0101 non\u0101k \u201cCaur \u0113rk\u0161\u0137iem uz\u2026\u201d dal\u012bbniece no J\u0113kabpils \/ J\u0113kabpils Laiks: J\u0113kabpils zi\u0146as"},"content":{"rendered":"<p>K\u0101 jau iepriek\u0161 st\u0101st\u012bj\u0101m, p\u0113rn novembr\u012b pie iebrauk\u0161anas J\u0113kabpil\u012b no R\u012bgas puses notika <a href=\"https:\/\/www.jekabpilslaiks.lv\/lv\/zinas\/jekabpili-autovaditaja-tarane-cela-zimes-un-pamet-notikuma-vietu\/\" target=\"_blank\" rel=\"nofollow noopener\">ce\u013cu satiksmes negad\u012bjums<\/a>, kur\u0101 tika saboj\u0101tas nesen uzst\u0101d\u012btas ce\u013ca z\u012bmes. Pag\u0101ju\u0161aj\u0101 ned\u0113\u013c\u0101 saist\u012bb\u0101 ar \u0161o gad\u012bjumu tiesas priek\u0161\u0101 st\u0101j\u0101s \u0161ova \u201cCaur \u0113rk\u0161\u0137iem uz\u2026\u201d 7. sezonas spilgt\u0101k\u0101 dal\u012bbniece, j\u0113kabpiliete Ksenija \u0145e\u017eenkina.<\/p>\n<p>Negad\u012bjums noticis net\u0101lu no CSDD \u2013 Ksenija ar automa\u0161\u012bnu \u201cVolkswagen Polo\u201d ietriekusies ce\u013ca z\u012bm\u0113s. Vi\u0146a skaidro, ka z\u012bmes biju\u0161as p\u0113k\u0161\u0146i uzst\u0101d\u012btas brauktuves vid\u016b. Sadursmes rezult\u0101t\u0101 automa\u0161\u012bnai nodar\u012bti b\u016btiski boj\u0101jumi, ta\u010du pati vad\u012bt\u0101ja cietusi vien ar izb\u012bli, jo bijusi piespr\u0101dz\u0113jusies.<\/p>\n<p><a rel=\"group\" class=\"lightbox content-image content-img-auto-gen\" title=\"\" href=\"https:\/\/www.europesays.com\/lv\/wp-content\/uploads\/2026\/01\/10043486783cb20.jpg\"><img decoding=\"async\" alt=\"\" src=\"https:\/\/www.europesays.com\/lv\/wp-content\/uploads\/2026\/01\/10043486783cb20.jpg\" style=\"width: 900px; height: 506px;\" class=\"img-fluid\"\/><\/a><\/p>\n<p>Ksenija noliedz, ka negad\u012bjuma br\u012bd\u012b b\u016btu bijusi alkohola vai narkotisko vielu reibum\u0101, tom\u0113r atteikusies veikt ekspert\u012bzi. Policija vi\u0146u sastapusi jau p\u0113c negad\u012bjuma, kad automa\u0161\u012bna bija pamesta notikuma viet\u0101 un vi\u0146a atrad\u0101s sav\u0101 pagalm\u0101. Tie\u0161i atteik\u0161an\u0101s no ekspert\u012bzes k\u013cuva par pamatu krimin\u0101lprocesa uzs\u0101k\u0161anai.<\/p>\n<blockquote><p>&#13;<\/p>\n<p>\u201cEs nesapratu, k\u0101p\u0113c tas tiek piepras\u012bts, un nezin\u0101ju, ka likumi ir main\u012bti un par atteik\u0161anos draud krimin\u0101latbild\u012bba. To uzzin\u0101ju tikai iecirkn\u012b,\u201d nor\u0101da Ksenija.<\/p>\n<p>&#13;\n<\/p><\/blockquote>\n<p>Tiesa vi\u0146ai piesprieda transportl\u012bdzek\u013ca vad\u012b\u0161anas ties\u012bbu at\u0146em\u0161anu uz pieciem gadiem, prob\u0101cijas uzraudz\u012bbu uz pusotru gadu un naudas sodu 250 eiro apm\u0113r\u0101, kas atbilst automa\u0161\u012bnas v\u0113rt\u012bbai. Papildus tam piespriests 300 eiro sods k\u0101 kompens\u0101cija par saboj\u0101taj\u0101m ce\u013ca z\u012bm\u0113m, k\u0101 ar\u012b 25 eiro sods par aizbrauk\u0161anu no notikuma vietas. Ksenija inform\u0113, ka pirm\u0101s instances spriedumu pl\u0101no p\u0101rs\u016bdz\u0113t.<\/p>\n<p>Automob\u012bls re\u0123istr\u0113ts uz vi\u0146as v\u012bra v\u0101rda. Lai gan p\u0101ris vairs nedz\u012bvo kop\u0101, laul\u012bba juridiski v\u0113l nav \u0161\u0137irta mantisko jaut\u0101jumu d\u0113\u013c. Ar tiesas l\u0113mumu automa\u0161\u012bna bija nodota Ksenijas lieto\u0161an\u0101, lai nodro\u0161in\u0101tu b\u0113rnu nog\u0101d\u0101\u0161anu izgl\u012bt\u012bbas iest\u0101d\u0113s.<\/p>\n<p>\u0160obr\u012bd Ksenija uzskata, ka av\u0101rija notikusi vi\u0146as nestabil\u0101 emocion\u0101l\u0101 st\u0101vok\u013ca d\u0113\u013c.<\/p>\n<blockquote><p>&#13;<\/p>\n<p>\u201cBiju sakre\u0146\u0137\u0113jusies, braucu izv\u0113din\u0101t galvu, ma\u0161\u012bn\u0101 klaus\u012bjos ska\u013cu m\u016bziku,\u201d vi\u0146a st\u0101sta.<\/p>\n<p>&#13;\n<\/p><\/blockquote>\n<p>Inform\u0101ciju sagatavoja port\u0101ls <a href=\"https:\/\/www.santa.lv\/raksts\/personibas\/_erksku_-sova-ksenija-jekabpili-_nones_-celazimes-un-pamet-notikuma-vietu-80150\/?utm_term=Autofeed&amp;utm_medium=Social&amp;utm_source=Facebook&amp;fbclid=IwY2xjawPUV1FleHRuA2FlbQIxMQBzcnRjBmFwcF9pZBAyMjIwMzkxNzg4MjAwODkyAAEeW5UE8e25RoLh3-XL0hz-ShAPTejmQ0AfCR4vi1qi5pJBuzkLcNkDbAvvhug_aem_wZZpWAaw4vn-bIC556deIA\" target=\"_blank\" rel=\"nofollow noopener\">santa.lv<\/a><\/p>\n","protected":false},"excerpt":{"rendered":"K\u0101 jau iepriek\u0161 st\u0101st\u012bj\u0101m, p\u0113rn novembr\u012b pie iebrauk\u0161anas J\u0113kabpil\u012b no R\u012bgas puses notika ce\u013cu satiksmes negad\u012bjums, kur\u0101 tika&hellip;\n","protected":false},"author":2,"featured_media":104595,"comment_status":"","ping_status":"","sticky":false,"template":"","format":"standard","meta":{"footnotes":""},"categories":[12],"tags":[23,28,29,32,33,22,987,986,30,31,35,39,38,36,37,34,40,20,26,27,24,25,21],"class_list":{"0":"post-104594","1":"post","2":"type-post","3":"status-publish","4":"format-standard","5":"has-post-thumbnail","7":"category-latvija","8":"tag-aktualitates","9":"tag-breaking-news","10":"tag-breakingnews","11":"tag-featured-news","12":"tag-featurednews","13":"tag-headlines","14":"tag-jekabpils-zinas","15":"tag-jekabpilslaiks","16":"tag-latest-news","17":"tag-latestnews","18":"tag-latvia","19":"tag-latvian","20":"tag-latviesu","21":"tag-latviesu-valoda","22":"tag-latviesuvaloda","23":"tag-latvija","24":"tag-lv","25":"tag-news","26":"tag-popularakas-zinas","27":"tag-popularakaszinas","28":"tag-top-stories","29":"tag-topstories","30":"tag-zinas"},"share_on_mastodon":{"url":"https:\/\/pubeurope.com\/@lv\/115894478662441911","error":""},"_links":{"self":[{"href":"https:\/\/www.europesays.com\/lv\/wp-json\/wp\/v2\/posts\/104594","targetHints":{"allow":["GET"]}}],"collection":[{"href":"https:\/\/www.europesays.com\/lv\/wp-json\/wp\/v2\/posts"}],"about":[{"href":"https:\/\/www.europesays.com\/lv\/wp-json\/wp\/v2\/types\/post"}],"author":[{"embeddable":true,"href":"https:\/\/www.europesays.com\/lv\/wp-json\/wp\/v2\/users\/2"}],"replies":[{"embeddable":true,"href":"https:\/\/www.europesays.com\/lv\/wp-json\/wp\/v2\/comments?post=104594"}],"version-history":[{"count":0,"href":"https:\/\/www.europesays.com\/lv\/wp-json\/wp\/v2\/posts\/104594\/revisions"}],"wp:featuredmedia":[{"embeddable":true,"href":"https:\/\/www.europesays.com\/lv\/wp-json\/wp\/v2\/media\/104595"}],"wp:attachment":[{"href":"https:\/\/www.europesays.com\/lv\/wp-json\/wp\/v2\/media?parent=104594"}],"wp:term":[{"taxonomy":"category","embeddable":true,"href":"https:\/\/www.europesays.com\/lv\/wp-json\/wp\/v2\/categories?post=104594"},{"taxonomy":"post_tag","embeddable":true,"href":"https:\/\/www.europesays.com\/lv\/wp-json\/wp\/v2\/tags?post=104594"}],"curies":[{"name":"wp","href":"https:\/\/api.w.org\/{rel}","templated":true}]}}