{"id":104600,"date":"2026-01-14T17:01:07","date_gmt":"2026-01-14T17:01:07","guid":{"rendered":"https:\/\/www.europesays.com\/lv\/104600\/"},"modified":"2026-01-14T17:01:07","modified_gmt":"2026-01-14T17:01:07","slug":"al-atija-atgriezas-dakara-liderpozicija-vieglo-automasinu-klase","status":"publish","type":"post","link":"https:\/\/www.europesays.com\/lv\/104600\/","title":{"rendered":"Al-Atija atgrie\u017eas \u201cDakara\u201d l\u012bderpoz\u012bcij\u0101 vieglo automa\u0161\u012bnu klas\u0113"},"content":{"rendered":"<p>Meh\u0101nisku un navig\u0101cijas probl\u0113mu d\u0113\u013c daudz laika \u0161aj\u0101 posm\u0101 zaud\u0113ja pirms \u0161\u012b posma pirm\u0101s divas vietas ie\u0146\u0113mu\u0161ie sp\u0101\u0146i Nani Roma (\u201cFord\u201d) un Karloss Sainss juniors (\u201cFord\u201d), k\u0101 ar\u012b vi\u0146u komandas biedrs zviedrs Mat\u012bass \u0112kstrems, kur\u0161 bija piektais.<\/p>\n<p>Al-Atiju un vicel\u012bderi Dienvid\u0101frikas autosportistu Henku Lateganu (\u201cToyota Gazoo\u201d) tagad \u0161\u0137ir 12 min\u016btes, bet v\u0113l 50 sekundes atpaliek Roma.<\/p>\n<blockquote class=\"twitter-tweet\" data-width=\"550\" data-dnt=\"true\">\n<p lang=\"en\" dir=\"ltr\">\ud83d\udcca What a performance by Mathieu Serradori, who claims his second victory at the Dakar and the first ever for South African manufacturer Century.<br \/>Nasser Al-Attiyah regains the lead in the overall standings.<\/p>\n<p>All the results \ud83d\udc49<a href=\"https:\/\/t.co\/BrruP0oEtI\" rel=\"nofollow\">https:\/\/t.co\/BrruP0oEtI<\/a><a href=\"https:\/\/twitter.com\/hashtag\/BornToDare?src=hash&amp;ref_src=twsrc%5Etfw\" rel=\"nofollow noopener\" target=\"_blank\">#BornToDare<\/a> <a href=\"https:\/\/twitter.com\/hashtag\/TudorWatch?src=hash&amp;ref_src=twsrc%5Etfw\" rel=\"nofollow noopener\" target=\"_blank\">#TudorWatch<\/a>\u2026 <a href=\"https:\/\/t.co\/aU7e6v2yob\" rel=\"nofollow\">pic.twitter.com\/aU7e6v2yob<\/a><\/p>\n<p>\u2014 DAKAR RALLY (@dakar) <a href=\"https:\/\/twitter.com\/dakar\/status\/2011428652253139037?ref_src=twsrc%5Etfw\" rel=\"nofollow noopener\" target=\"_blank\">January 14, 2026<\/a><\/p>\n<\/blockquote>\n<p>Motocikliem 371 kilometru gar\u0101s distances pirmaj\u0101 pus\u0113 Sanderss (\u201cRed Bull KTM\u201d) piedz\u012bvoja kritienu un salauza atsl\u0113gas kaulu kreisaj\u0101 pus\u0113. Austr\u0101lietis gan turpin\u0101ja braucienu, bet fini\u0161\u0113ja gandr\u012bz pusstundu p\u0113c posma uzvar\u0113t\u0101ja franc\u016b\u017ea Adrj\u0113na van Beverena (\u201cMonster Energy Honda\u201d).<\/p>\n<p>Otrs \u0101tr\u0101kais \u0161aj\u0101 posm\u0101 bija amerik\u0101nis Rikijs Breibeks, kur\u0161 savam komandas biedram zaud\u0113ja tr\u012bs min\u016btes un 49 sekundes. V\u0113l 15 sekundes atpalika Lusjano Benavidess (\u201cRed Bull KTM\u201d).<\/p>\n<p class=\"ad-desc ad-desc-main\">Saturs turpin\u0101s p\u0113c rekl\u0101mas<\/p>\n<p class=\"ad-desc ad-desc-sec\">Rekl\u0101ma<\/p>\n<p>Kopv\u0113rt\u0113jum\u0101 l\u012bderpoz\u012bciju p\u0101r\u0146\u0113mis Breibeks, kur\u0161 par 56 sekund\u0113m apsteidz Benavidesu, bet n\u0101kamais sekot\u0101js sp\u0101nis To\u0161a \u0160areina (\u201cMonster Energy Honda\u201d) zaud\u0113 jau teju 16 min\u016btes.<\/p>\n<p>\u201cDakaras\u201d rallijreids norisin\u0101s 48. reizi. P\u0113rn vieglo automa\u0161\u012bnu klas\u0113 uzvar\u0113ja Sa\u016bda Ar\u0101bijas pilots Jaz\u012bds Al-Rad\u017ei, bet motociklu klas\u0113 kopv\u0113rt\u0113jum\u0101 pirmais bija austr\u0101lietis Daniels Sanderss.<\/p>\n<p>Rallijreids no 1979. l\u012bdz 2007. gadam 29 reizes norisin\u0101j\u0101s \u0100frik\u0101. 2008. gad\u0101 tas dro\u0161\u012bbas iemeslu d\u0113\u013c tika atcelts, bet n\u0101kamaj\u0101 gad\u0101 tas debit\u0113ja Dienvidamerik\u0101.<\/p>\n<p class=\"tv3-fw-500\">Zi\u0146o par k\u013c\u016bdu rakst\u0101<\/p>\n<p class=\"d-md-block d-none\">Iez\u012bm\u0113 k\u013c\u016bdaino tekstu un spied Ctrl+Enter.<\/p>\n<p class=\"d-md-none d-block\">Iez\u012bm\u0113 k\u013c\u016bdaino tekstu un zi\u0146o par to!<\/p>\n<p>                <script async src=\"https:\/\/platform.twitter.com\/widgets.js\" charset=\"utf-8\"><\/script><\/p>\n","protected":false},"excerpt":{"rendered":"Meh\u0101nisku un navig\u0101cijas probl\u0113mu d\u0113\u013c daudz laika \u0161aj\u0101 posm\u0101 zaud\u0113ja pirms \u0161\u012b posma pirm\u0101s divas vietas ie\u0146\u0113mu\u0161ie sp\u0101\u0146i&hellip;\n","protected":false},"author":2,"featured_media":104601,"comment_status":"","ping_status":"","sticky":false,"template":"","format":"standard","meta":{"footnotes":""},"categories":[17],"tags":[23589,35,39,38,36,37,34,40,67],"class_list":{"0":"post-104600","1":"post","2":"type-post","3":"status-publish","4":"format-standard","5":"has-post-thumbnail","7":"category-sports","8":"tag-dakaras-rallijreidsmotoru-sports","9":"tag-latvia","10":"tag-latvian","11":"tag-latviesu","12":"tag-latviesu-valoda","13":"tag-latviesuvaloda","14":"tag-latvija","15":"tag-lv","16":"tag-sports"},"share_on_mastodon":{"url":"https:\/\/pubeurope.com\/@lv\/115894529701373107","error":""},"_links":{"self":[{"href":"https:\/\/www.europesays.com\/lv\/wp-json\/wp\/v2\/posts\/104600","targetHints":{"allow":["GET"]}}],"collection":[{"href":"https:\/\/www.europesays.com\/lv\/wp-json\/wp\/v2\/posts"}],"about":[{"href":"https:\/\/www.europesays.com\/lv\/wp-json\/wp\/v2\/types\/post"}],"author":[{"embeddable":true,"href":"https:\/\/www.europesays.com\/lv\/wp-json\/wp\/v2\/users\/2"}],"replies":[{"embeddable":true,"href":"https:\/\/www.europesays.com\/lv\/wp-json\/wp\/v2\/comments?post=104600"}],"version-history":[{"count":0,"href":"https:\/\/www.europesays.com\/lv\/wp-json\/wp\/v2\/posts\/104600\/revisions"}],"wp:featuredmedia":[{"embeddable":true,"href":"https:\/\/www.europesays.com\/lv\/wp-json\/wp\/v2\/media\/104601"}],"wp:attachment":[{"href":"https:\/\/www.europesays.com\/lv\/wp-json\/wp\/v2\/media?parent=104600"}],"wp:term":[{"taxonomy":"category","embeddable":true,"href":"https:\/\/www.europesays.com\/lv\/wp-json\/wp\/v2\/categories?post=104600"},{"taxonomy":"post_tag","embeddable":true,"href":"https:\/\/www.europesays.com\/lv\/wp-json\/wp\/v2\/tags?post=104600"}],"curies":[{"name":"wp","href":"https:\/\/api.w.org\/{rel}","templated":true}]}}