{"id":104604,"date":"2026-01-14T17:05:16","date_gmt":"2026-01-14T17:05:16","guid":{"rendered":"https:\/\/www.europesays.com\/lv\/104604\/"},"modified":"2026-01-14T17:05:16","modified_gmt":"2026-01-14T17:05:16","slug":"notiks-rigas-pasvaldibas-parstavju-un-bauskas-iela-spradziena-cietusas-majas-ipasnieku-tiksanas","status":"publish","type":"post","link":"https:\/\/www.europesays.com\/lv\/104604\/","title":{"rendered":"Notiks R\u012bgas pa\u0161vald\u012bbas p\u0101rst\u0101vju un Bauskas iel\u0101 spr\u0101dzien\u0101 cietu\u0161\u0101s m\u0101jas \u012bpa\u0161nieku tik\u0161an\u0101s"},"content":{"rendered":"<p>T\u0101 b\u016bs kopsapulce dz\u012bvok\u013cu \u012bpa\u0161niekiem, kur pa\u0161vald\u012bba piedal\u012bsies k\u0101 viens no \u012bpa\u0161niekiem.<\/p>\n<p>Sapulc\u0113 nav paredz\u0113ta mediju piedal\u012b\u0161an\u0101s.<\/p>\n<p>K\u0101 zi\u0146ots, pirmaj\u0101 san\u0101ksm\u0113 tika p\u0101rrun\u0101tas t\u0101l\u0101k\u0101s darb\u012bbas, pl\u0101not\u0101 pal\u012bdz\u012bba un citi jaut\u0101jumi.<\/p>\n<p>\u0160odien pl\u0101nots lemt par turpm\u0101ku apsardzes nodro\u0161in\u0101\u0161anu \u0113kai, k\u0101 ar\u012b p\u0101rvald\u012b\u0161anas maksas p\u0101rskat\u012b\u0161anu.<\/p>\n<p>R\u012bgas pa\u0161vald\u012bba l\u012bdz \u0161im sa\u0146\u0113musi 20 iesniegumus no Bauskas iel\u0101 spr\u0101dzien\u0101 cietu\u0161\u0101s m\u0101jas iedz\u012bvot\u0101jiem par pagaidu dz\u012bvesvietas nodro\u0161in\u0101\u0161anu.<\/p>\n<p>Iedz\u012bvot\u0101jiem pl\u0101nots pied\u0101v\u0101t pagaidu dz\u012bvesvietu \u016anijas iel\u0101 49, kur \u0113kas tika piel\u0101gotas Ukrainas b\u0113g\u013cu s\u0101kotn\u0113jai izmitin\u0101\u0161anai. \u0112k\u0101 ir veikts remonts, istab\u0101s ir m\u0113beles &#8211; skap\u012b\u0161i un gultas, ir labiek\u0101rtotas virtuves zonas ar traukiem, ir ve\u013cas ma\u0161\u012bnas un ve\u013cas \u017e\u0101v\u0113t\u0101ji.<\/p>\n<p><a href=\"https:\/\/www.apollo.lv\/term\/567141\/spradziens\" class=\"topicLink\" target=\"_blank\" rel=\"nofollow noopener\">Spr\u0101dziens<\/a> piecst\u0101vu dz\u012bvojam\u0101 m\u0101j\u0101 Tor\u0146akaln\u0101, Bauskas iel\u0101 notika 2. janv\u0101r\u012b, neleg\u0101li boj\u0101ta g\u0101zes vada d\u0113\u013c. T\u0101 rezult\u0101t\u0101 sagruvu\u0161i \u0113kas aug\u0161\u0113jie st\u0101vi un jumts, no m\u0101jas evaku\u0113ti iedz\u012bvot\u0101ji, vair\u0101ki cilv\u0113ki guvu\u0161i traumas, bet divi g\u0101ju\u0161i boj\u0101.<\/p>\n","protected":false},"excerpt":{"rendered":"T\u0101 b\u016bs kopsapulce dz\u012bvok\u013cu \u012bpa\u0161niekiem, kur pa\u0161vald\u012bba piedal\u012bsies k\u0101 viens no \u012bpa\u0161niekiem. Sapulc\u0113 nav paredz\u0113ta mediju piedal\u012b\u0161an\u0101s. K\u0101&hellip;\n","protected":false},"author":2,"featured_media":104605,"comment_status":"","ping_status":"","sticky":false,"template":"","format":"standard","meta":{"footnotes":""},"categories":[5],"tags":[23,23494,28,29,32,33,22,30,31,35,39,38,36,37,34,40,20,26,27,5981,24,25,21],"class_list":{"0":"post-104604","1":"post","2":"type-post","3":"status-publish","4":"format-standard","5":"has-post-thumbnail","7":"category-aktualitates","8":"tag-aktualitates","9":"tag-bauskas-iela","10":"tag-breaking-news","11":"tag-breakingnews","12":"tag-featured-news","13":"tag-featurednews","14":"tag-headlines","15":"tag-latest-news","16":"tag-latestnews","17":"tag-latvia","18":"tag-latvian","19":"tag-latviesu","20":"tag-latviesu-valoda","21":"tag-latviesuvaloda","22":"tag-latvija","23":"tag-lv","24":"tag-news","25":"tag-popularakas-zinas","26":"tag-popularakaszinas","27":"tag-spradziens","28":"tag-top-stories","29":"tag-topstories","30":"tag-zinas"},"share_on_mastodon":{"url":"https:\/\/pubeurope.com\/@lv\/115894545466483880","error":""},"_links":{"self":[{"href":"https:\/\/www.europesays.com\/lv\/wp-json\/wp\/v2\/posts\/104604","targetHints":{"allow":["GET"]}}],"collection":[{"href":"https:\/\/www.europesays.com\/lv\/wp-json\/wp\/v2\/posts"}],"about":[{"href":"https:\/\/www.europesays.com\/lv\/wp-json\/wp\/v2\/types\/post"}],"author":[{"embeddable":true,"href":"https:\/\/www.europesays.com\/lv\/wp-json\/wp\/v2\/users\/2"}],"replies":[{"embeddable":true,"href":"https:\/\/www.europesays.com\/lv\/wp-json\/wp\/v2\/comments?post=104604"}],"version-history":[{"count":0,"href":"https:\/\/www.europesays.com\/lv\/wp-json\/wp\/v2\/posts\/104604\/revisions"}],"wp:featuredmedia":[{"embeddable":true,"href":"https:\/\/www.europesays.com\/lv\/wp-json\/wp\/v2\/media\/104605"}],"wp:attachment":[{"href":"https:\/\/www.europesays.com\/lv\/wp-json\/wp\/v2\/media?parent=104604"}],"wp:term":[{"taxonomy":"category","embeddable":true,"href":"https:\/\/www.europesays.com\/lv\/wp-json\/wp\/v2\/categories?post=104604"},{"taxonomy":"post_tag","embeddable":true,"href":"https:\/\/www.europesays.com\/lv\/wp-json\/wp\/v2\/tags?post=104604"}],"curies":[{"name":"wp","href":"https:\/\/api.w.org\/{rel}","templated":true}]}}