{"id":104608,"date":"2026-01-14T17:11:09","date_gmt":"2026-01-14T17:11:09","guid":{"rendered":"https:\/\/www.europesays.com\/lv\/104608\/"},"modified":"2026-01-14T17:11:09","modified_gmt":"2026-01-14T17:11:09","slug":"skolas-medicinas-masa-drikst-skolenam-ar-hronisku-saslimsanu-injicet-arsta-nozimetas-zales-diena","status":"publish","type":"post","link":"https:\/\/www.europesays.com\/lv\/104608\/","title":{"rendered":"Skolas medic\u012bnas m\u0101sa dr\u012bkst skol\u0113nam ar hronisku saslim\u0161anu injic\u0113t \u0101rsta noz\u012bm\u0113tas z\u0101les \/ Diena"},"content":{"rendered":"<p>Ties\u012bbsarga biroj\u0101 a\u0123ent\u016brai LETA skaidroja, ka, rea\u0123\u0113jot uz publiskaj\u0101 telp\u0101 izskan\u0113ju\u0161u inform\u0101ciju, ka atsevi\u0161\u0137\u0101s skol\u0101s medic\u012bnas m\u0101sas atsaka insul\u012bna injekciju b\u0113rnam ar diab\u0113tu, ties\u012bbsardze sagatavojusi savu redz\u0113jumu par situ\u0101cijas risin\u0101jumiem.<\/p>\n<p>&#13;<br \/>\n&#13;<\/p>\n<p>Palkova uzsver, ka medic\u012bnas m\u0101sa, vienojoties ar b\u0113rna vec\u0101kiem, injekcijas dr\u012bkst veikt. &#8220;Ja b\u0113rnam vesel\u012bbas st\u0101vok\u013ca d\u0113\u013c skol\u0101 ir nepiecie\u0161ama medic\u012bniska pal\u012bdz\u012bba, tostarp insul\u012bna injekcija, skolai ir pien\u0101kums to nodro\u0161in\u0101t,&#8221; uzsver Palkova.<\/p>\n<p>&#13;<br \/>\n&#13;<\/p>\n<blockquote><p>&#13;<\/p>\n<p>Vi\u0146a nor\u0101da, ka skolas medic\u012bnas m\u0101sa ir kompetenta veikt \u0101rsta noz\u012bm\u0113tas injekcijas un b\u0113rna ties\u012bbas uz izgl\u012bt\u012bbu un vesel\u012bbas aizsardz\u012bbu nevar tikt ierobe\u017eotas organizatorisku, administrat\u012bvu vai nezin\u0101\u0161anas iemeslu d\u0113\u013c. &#8220;Atteik\u0161an\u0101s sniegt \u0101rsta noz\u012bm\u0113tu injekciju noz\u012bm\u0113 b\u0113rna ties\u012bbu uz vesel\u012bbu un izgl\u012bt\u012bbu p\u0101rk\u0101pumu un var tikt v\u0113rt\u0113ta k\u0101 diskrimin\u0101cija vesel\u012bbas st\u0101vok\u013ca d\u0113\u013c,&#8221; uzskata ties\u012bbsardze.<\/p>\n<p>&#13;\n<\/p><\/blockquote>\n<p>&#13;<br \/>\n&#13;<\/p>\n<p>P\u0113c Ties\u012bbsarga biroj\u0101 sniegt\u0101s inform\u0101cijas, Izgl\u012bt\u012bbas likums nosaka vec\u0101ku pien\u0101kumu inform\u0113t skolas direktoru par b\u0113rna vesel\u012bbas st\u0101vokli un jebk\u0101diem citiem apst\u0101k\u013ciem, kas var b\u016btiski ietekm\u0113t izgl\u012bt\u012bbas procesu un b\u016bt noz\u012bm\u012bgi taj\u0101 iesaist\u012btaj\u0101m person\u0101m. Savuk\u0101rt Ministru kabineta noteikumi nosaka skolas direktora pien\u0101kumu nodro\u0161in\u0101t atbalsta pas\u0101kumus skol\u0113niem ar hronisku saslim\u0161anu atbilsto\u0161i \u0101rst\u0113jo\u0161\u0101 \u0101rsta ieteikumiem.<\/p>\n<p>&#13;<br \/>\n&#13;<\/p>\n<p>L\u012bdz ar to nav pie\u013caujama situ\u0101cija, ka b\u0113rnam ar diab\u0113tu skol\u0101 nav nodro\u0161in\u0101ta atbilsto\u0161a apr\u016bpe vai tiek rad\u012bti \u0161\u0137\u0113r\u0161\u013ci pilnv\u0113rt\u012bgi apmekl\u0113t izgl\u012bt\u012bbas iest\u0101di, jo skolas \u0101rstniec\u012bbas persona nenodro\u0161ina atbalstu b\u0113rnam ar diab\u0113tu, ignor\u0113jot b\u0113rna \u0101rst\u0113jo\u0161\u0101 \u0101rsta rekomend\u0101cijas. Ne skola, ne skolas dibin\u0101t\u0101js &#8211; pa\u0161vald\u012bba &#8211; nav ties\u012bga nerisin\u0101t \u0161\u0101du situ\u0101ciju un pak\u013caut b\u0113rnu diskrimin\u0113jo\u0161ai attieksmei skol\u0113na vesel\u012bbas st\u0101vok\u013ca d\u0113\u013c, uzsver Palkova.<\/p>\n<p>&#13;<br \/>\n&#13;<\/p>\n<p>P\u0113c ties\u012bbsardzes l\u016bguma Vesel\u012bbas inspekcija ir sniegusi skaidrojumu, ka medic\u012bnas m\u0101sa ir \u0101rstniec\u012bbas persona, kura ir apm\u0101c\u012bta un kompetenta veikt injekcijas. L\u012bdz ar to Vesel\u012bbas inspekcijas ieskat\u0101, ja izgl\u012bt\u012bbas iest\u0101d\u0113 ir nodarbin\u0101ta medic\u012bnas m\u0101sa, vi\u0146a ir kompetenta veikt injekcijas, nodro\u0161inot \u0101rsta noz\u012bm\u0113to z\u0101\u013cu ievadi izgl\u012btojamam ar hronisku saslim\u0161anu.<\/p>\n<p>&#13;<br \/>\n&#13;<\/p>\n<p>\u00a0<\/p>\n<p>&#13;<\/p>\n","protected":false},"excerpt":{"rendered":"Ties\u012bbsarga biroj\u0101 a\u0123ent\u016brai LETA skaidroja, ka, rea\u0123\u0113jot uz publiskaj\u0101 telp\u0101 izskan\u0113ju\u0161u inform\u0101ciju, ka atsevi\u0161\u0137\u0101s skol\u0101s medic\u012bnas m\u0101sas atsaka&hellip;\n","protected":false},"author":2,"featured_media":104609,"comment_status":"","ping_status":"","sticky":false,"template":"","format":"standard","meta":{"footnotes":""},"categories":[5],"tags":[23,28,29,32,33,22,30,31,35,39,38,36,37,34,40,20,26,27,24,25,21],"class_list":{"0":"post-104608","1":"post","2":"type-post","3":"status-publish","4":"format-standard","5":"has-post-thumbnail","7":"category-aktualitates","8":"tag-aktualitates","9":"tag-breaking-news","10":"tag-breakingnews","11":"tag-featured-news","12":"tag-featurednews","13":"tag-headlines","14":"tag-latest-news","15":"tag-latestnews","16":"tag-latvia","17":"tag-latvian","18":"tag-latviesu","19":"tag-latviesu-valoda","20":"tag-latviesuvaloda","21":"tag-latvija","22":"tag-lv","23":"tag-news","24":"tag-popularakas-zinas","25":"tag-popularakaszinas","26":"tag-top-stories","27":"tag-topstories","28":"tag-zinas"},"share_on_mastodon":{"url":"https:\/\/pubeurope.com\/@lv\/115894569138787968","error":""},"_links":{"self":[{"href":"https:\/\/www.europesays.com\/lv\/wp-json\/wp\/v2\/posts\/104608","targetHints":{"allow":["GET"]}}],"collection":[{"href":"https:\/\/www.europesays.com\/lv\/wp-json\/wp\/v2\/posts"}],"about":[{"href":"https:\/\/www.europesays.com\/lv\/wp-json\/wp\/v2\/types\/post"}],"author":[{"embeddable":true,"href":"https:\/\/www.europesays.com\/lv\/wp-json\/wp\/v2\/users\/2"}],"replies":[{"embeddable":true,"href":"https:\/\/www.europesays.com\/lv\/wp-json\/wp\/v2\/comments?post=104608"}],"version-history":[{"count":0,"href":"https:\/\/www.europesays.com\/lv\/wp-json\/wp\/v2\/posts\/104608\/revisions"}],"wp:featuredmedia":[{"embeddable":true,"href":"https:\/\/www.europesays.com\/lv\/wp-json\/wp\/v2\/media\/104609"}],"wp:attachment":[{"href":"https:\/\/www.europesays.com\/lv\/wp-json\/wp\/v2\/media?parent=104608"}],"wp:term":[{"taxonomy":"category","embeddable":true,"href":"https:\/\/www.europesays.com\/lv\/wp-json\/wp\/v2\/categories?post=104608"},{"taxonomy":"post_tag","embeddable":true,"href":"https:\/\/www.europesays.com\/lv\/wp-json\/wp\/v2\/tags?post=104608"}],"curies":[{"name":"wp","href":"https:\/\/api.w.org\/{rel}","templated":true}]}}