{"id":104618,"date":"2026-01-14T17:19:11","date_gmt":"2026-01-14T17:19:11","guid":{"rendered":"https:\/\/www.europesays.com\/lv\/104618\/"},"modified":"2026-01-14T17:19:11","modified_gmt":"2026-01-14T17:19:11","slug":"grupejumiem-pa-vidu-diena","status":"publish","type":"post","link":"https:\/\/www.europesays.com\/lv\/104618\/","title":{"rendered":"Grup\u0113jumiem pa vidu \/ Diena"},"content":{"rendered":"<p>\t\t&#13;<\/p>\n<p>Jau \u0161\u012bs sezonas pirmaj\u0101 ned\u0113\u013c\u0101 tr\u012bs d\u0101mu biatlona izlases sportistes izpild\u012bja sam\u0113r\u0101 augsti uzst\u0101d\u012btos kvalifik\u0101cijas normat\u012bvus dal\u012bbai Mil\u0101nas un Kort\u012bnas olimpiskaj\u0101s sp\u0113l\u0113s, kur Latvijai ir \u010detras kvotas. At\u013cau\u0161os teikt, ka liel\u0101kais p\u0101rsteigums esi tu, kas \u0161o sezonu ies\u0101kusi ar lielisku sportisko formu, \u2013 kaut neizdev\u0101s iek\u013c\u016bt izlases pamatsast\u0101v\u0101 dal\u012bbai Pasaules kaus\u0101, jau otraj\u0101s sacens\u012bb\u0101s IBU kaus\u0101 guvi sesto vietu sprint\u0101 un ar\u012b turpm\u0101kaj\u0101s sezonas pirm\u0101 trimestra sacens\u012bb\u0101s par\u0101d\u012bji, ka, ja izdodas sa\u0161aut, vari sasniegt \u013coti labus rezult\u0101tus. Pie\u0146emu, ka noteikti esi apmierin\u0101ta, past\u0101sti savus secin\u0101jumus par \u0161\u012bs sezonas ievadu un pa\u0161saj\u016btu. <\/p>\n<p>&#13;<br \/>\n&#13;<\/p>\n<p>Esmu priec\u012bga par Obertilliah\u0101 sasniegto. Es zin\u0101ju, ka, ja iz\u0161auju, varu fini\u0161\u0101 b\u016bt lab\u0101 poz\u012bcij\u0101, jo ar\u012b Pasaules kausa pirmaj\u0101 posm\u0101 Este\u0161und\u0101, start\u0113jot stafet\u0113, uz sl\u0113p\u0113m jutos labi. \u0160au\u0161an\u0101 man \u012bsti nav p\u0101rliec\u012bbas un l\u012bdz ar to vienreiz san\u0101k, n\u0101kamaj\u0101 reiz\u0113 nesan\u0101k. Diem\u017e\u0113l \u0161au\u0161ana nav t\u0101 stabil\u0101k\u0101.<\/p>\n<p>&#13;<br \/>\n&#13;<\/p>\n<p>Kas j\u0101dara, lai tiktu pie p\u0101rliec\u012bbas \u0161au\u0161an\u0101? <\/p>\n<p>&#13;<br \/>\n&#13;<\/p>\n<p>Es pat \u012bsti nezinu. Man pa\u0161ai ir galv\u0101 j\u0101sa\u0146emas un j\u0101notic sev. Kad labi sokas treni\u0146os, es ar\u012b sev noticu, bet, kad tur neiet, ar\u012b sacens\u012bb\u0101s nav nepiecie\u0161am\u0101s p\u0101rliec\u012bbas.<\/p>\n<p>&#13;<br \/>\n&#13;<\/p>\n<p>Savuk\u0101rt sl\u0113po\u0161an\u0101 \u0161obr\u012bd ir tavas karjeras lab\u0101k\u0101 sportisk\u0101 forma?<\/p>\n<p>&#13;<br \/>\n&#13;<\/p>\n<p>Laboratorijas testos ir redzami b\u016btiski uzlabojumi. Sporta \u0101rsts teica, ka ar\u012b manai m\u0101sai Sandrai ir liels uzlabojums un p\u0113c lakt\u0101ta l\u012bkn\u0113m tagad piecas biatlonistes\u00a0atrodamies vien\u0101d\u0101 l\u012bmen\u012b. Ar\u012b tas sniedz prieku un motiv\u0113, apzinos, ka, ja labi iz\u0161auju, varu konkur\u0113t.<\/p>\n<p>&#13;<br \/>\n&#13;<\/p>\n<p>Ar ko vasar\u0101 tren\u0113jies un ko dar\u012bji cit\u0101di? <\/p>\n<p>&#13;<br \/>\n&#13;<\/p>\n<p>M\u0113s tren\u0113j\u0101mies ar Agnesi Cauni. Teik\u0161u god\u012bgi, s\u0101kum\u0101 nebija uztic\u012bbas, jo Agnese iepriek\u0161 ir tren\u0113jusi tikai jaunie\u0161us un jaunietes, tom\u0113r, kad vasaras vid\u016b izg\u0101j\u0101m Latvijas Olimpisk\u0101s vien\u012bbas laboratorijas testu, visas \u0161aubas pazuda. Vispirms maij\u0101 gan akcentu lik\u0101m uz \u0161au\u0161anu, jo bija iesp\u0113ja str\u0101d\u0101t ar ukrai\u0146u treneri [Vasilu Mik\u0161inu]. Tobr\u012bd bija cer\u012bba, ka viss uzlabosies, bet turpin\u0101jums nesekoja, jo m\u0113s ar Baibu Bendiku, Esteri Volfu un Elzu Bleideli vairs netren\u0113j\u0101mies kop\u0101, l\u012bdz ar to \u0161o treneri ar\u012b nesatik\u0101m un \u0161ie \u012bslaic\u012bgie treni\u0146i \u012bsti nedeva nek\u0101du efektu. Treni\u0146u pl\u0101nu mums starpsezon\u0101 sast\u0101d\u012bja K\u0101rlis Vanags, l\u012bdz ar to var teikt, ka mums \u0161obr\u012bd ir divi treneri.<\/p>\n<p>&#13;<\/p>\n<p>Visu sarunu lasiet \u017eurn\u0101la Sporta Av\u012bze janv\u0101ra numur\u0101! \u017durn\u0101la saturu gan druk\u0101t\u0101, gan digit\u0101l\u0101 form\u0101t\u0101 iesp\u0113jams abon\u0113t m\u016bsu m\u0101jaslap\u0101 <a href=\"https:\/\/ekiosks.lv\/\" rel=\"nofollow noopener\" target=\"_blank\">\u0160EIT<\/a>!<\/p>\n<p>\t\t\t&#13;<\/p>\n<p>&#13;<br \/>\n\t\t\t&#13;<br \/>\n\t\t\t\tRaksta pilno versiju var ieg\u0101d\u0101ties ar\u012b port\u0101l\u0101 Diena.lv &#8211; autoriz\u0113jies,  <a href=\"https:\/\/www.diena.lv\/raksts\/sporta-avize\/intervijas\/javascript:;\" onclick=\"Diena.user.showLogin()\" rel=\"nofollow noopener\" target=\"_blank\">klik\u0161\u0137inot \u0161eit!<\/a>&#13;<br \/>\n\t\t\t&#13;\n\t\t<\/p>\n<p>&#13;<br \/>\n\t\t&#13;<\/p>\n<p class=\"paid-article-text__price\">&#13;<br \/>\n\t\t\tRaksta cena: \u20ac2.00&#13;\n\t\t<\/p>\n<p>&#13;<br \/>\n\t\t&#13;<\/p>\n<p class=\"more\">&#13;<br \/>\n\t\t\t&#13;<br \/>\n\t\t\t<a target=\"_blank\" href=\"https:\/\/www.diena.lv\/maksas-saturs\" rel=\"nofollow noopener\">Vair\u0101k inform\u0101cijas<\/a>&#13;\n\t\t<\/p>\n<p>&#13;<br \/>\n\t\t&#13;<\/p>\n","protected":false},"excerpt":{"rendered":"&#13; Jau \u0161\u012bs sezonas pirmaj\u0101 ned\u0113\u013c\u0101 tr\u012bs d\u0101mu biatlona izlases sportistes izpild\u012bja sam\u0113r\u0101 augsti uzst\u0101d\u012btos kvalifik\u0101cijas normat\u012bvus dal\u012bbai&hellip;\n","protected":false},"author":2,"featured_media":104619,"comment_status":"","ping_status":"","sticky":false,"template":"","format":"standard","meta":{"footnotes":""},"categories":[17],"tags":[35,39,38,36,37,34,40,67],"class_list":{"0":"post-104618","1":"post","2":"type-post","3":"status-publish","4":"format-standard","5":"has-post-thumbnail","7":"category-sports","8":"tag-latvia","9":"tag-latvian","10":"tag-latviesu","11":"tag-latviesu-valoda","12":"tag-latviesuvaloda","13":"tag-latvija","14":"tag-lv","15":"tag-sports"},"share_on_mastodon":{"url":"https:\/\/pubeurope.com\/@lv\/115894600487229200","error":""},"_links":{"self":[{"href":"https:\/\/www.europesays.com\/lv\/wp-json\/wp\/v2\/posts\/104618","targetHints":{"allow":["GET"]}}],"collection":[{"href":"https:\/\/www.europesays.com\/lv\/wp-json\/wp\/v2\/posts"}],"about":[{"href":"https:\/\/www.europesays.com\/lv\/wp-json\/wp\/v2\/types\/post"}],"author":[{"embeddable":true,"href":"https:\/\/www.europesays.com\/lv\/wp-json\/wp\/v2\/users\/2"}],"replies":[{"embeddable":true,"href":"https:\/\/www.europesays.com\/lv\/wp-json\/wp\/v2\/comments?post=104618"}],"version-history":[{"count":0,"href":"https:\/\/www.europesays.com\/lv\/wp-json\/wp\/v2\/posts\/104618\/revisions"}],"wp:featuredmedia":[{"embeddable":true,"href":"https:\/\/www.europesays.com\/lv\/wp-json\/wp\/v2\/media\/104619"}],"wp:attachment":[{"href":"https:\/\/www.europesays.com\/lv\/wp-json\/wp\/v2\/media?parent=104618"}],"wp:term":[{"taxonomy":"category","embeddable":true,"href":"https:\/\/www.europesays.com\/lv\/wp-json\/wp\/v2\/categories?post=104618"},{"taxonomy":"post_tag","embeddable":true,"href":"https:\/\/www.europesays.com\/lv\/wp-json\/wp\/v2\/tags?post=104618"}],"curies":[{"name":"wp","href":"https:\/\/api.w.org\/{rel}","templated":true}]}}