{"id":104620,"date":"2026-01-14T17:21:07","date_gmt":"2026-01-14T17:21:07","guid":{"rendered":"https:\/\/www.europesays.com\/lv\/104620\/"},"modified":"2026-01-14T17:21:07","modified_gmt":"2026-01-14T17:21:07","slug":"asv-aptures-vizu-izsniegsanu-75-valstu-pilsoniem","status":"publish","type":"post","link":"https:\/\/www.europesays.com\/lv\/104620\/","title":{"rendered":"ASV aptur\u0113s v\u012bzu izsnieg\u0161anu 75 valstu pilso\u0146iem"},"content":{"rendered":"<p>Saska\u0146\u0101 ar Reuters r\u012bc\u012bb\u0101 eso\u0161o inform\u0101ciju to valstu vid\u016b, uz kur\u0101m attieksies \u0161ie ierobe\u017eojumi, ir Som\u0101lija, Krievija, Ir\u0101na, Afganist\u0101na, Braz\u012blija, Nig\u0113rija un Taizeme.<\/p>\n<p>L\u0113mums st\u0101sies sp\u0113k\u0101 21. janv\u0101r\u012b un b\u016bs sp\u0113k\u0101 uz nenoteiktu laiku \u2014 l\u012bdz br\u012bdim, kad iest\u0101de \u00abveiks v\u012bzu izsnieg\u0161anas procesa p\u0101rv\u0113rt\u0113\u0161anu\u00bb.<\/p>\n<p><a href=\"https:\/\/www.tvnet.lv\/term\/555410\/asv\" class=\"topicLink\" target=\"_blank\" rel=\"nofollow noopener\">ASV<\/a> telev\u012bzijas kan\u0101ls Fox News apgalvo, ka Valsts departaments \u0161\u0101du l\u0113mumu pie\u0146\u0113mis, lai \u00abv\u0113rstos pret pieteikumu iesniedz\u0113jiem\u00bb, kuri, p\u0113c amatpersonu dom\u0101m, \u00abvar\u0113tu k\u013c\u016bt par slogu valstij\u00bb.<\/p>\n<p>Saska\u0146\u0101 ar Fox News r\u012bc\u012bb\u0101 eso\u0161o inform\u0101ciju 2025. gada novembr\u012b Valsts departaments nos\u016bt\u012bjis konsul\u0101tiem vis\u0101 pasaul\u0113 telegrammu, kur\u0101 uzdots piem\u0113rot jaunus v\u012bzu pieteikumu p\u0101rbaudes noteikumus.<\/p>\n<p>Atbilsto\u0161i tiem konsul\u0101rajiem darbiniekiem j\u0101atsaka <a href=\"https:\/\/www.tvnet.lv\/term\/579435\/vizas\" class=\"topicLink\" target=\"_blank\" rel=\"nofollow noopener\">v\u012bzas<\/a> izsnieg\u0161ana pieteikumu iesniedz\u0113jiem, kuri, p\u0113c vi\u0146u v\u0113rt\u0113juma, var\u0113tu m\u0113\u0123in\u0101t sa\u0146emt soci\u0101los pabalstus ASV. Atlases krit\u0113riju vid\u016b min\u0113ta vesel\u012bba, vecums, ang\u013cu valodas prasmes, finansi\u0101lais st\u0101voklis un pat potenci\u0101la nepiecie\u0161am\u012bba p\u0113c ilgtermi\u0146a medic\u012bnisk\u0101s apr\u016bpes.<\/p>\n<p>\u00abImigr\u0101cija no \u0161\u012bm 75 valst\u012bm tiks aptur\u0113ta, kam\u0113r Valsts departaments p\u0101rskat\u012bs imigr\u0101cijas kontroles proced\u016bras, lai nov\u0113rstu \u0101rvalstu pilso\u0146u iece\u013co\u0161anu ar m\u0113r\u0137i sa\u0146emt soci\u0101lo nodro\u0161in\u0101jumu un valsts pabalstus,\u00bb Valsts departamenta teikto cit\u0113 Fox News.<\/p>\n<p>P\u0113c atgrie\u0161an\u0101s Baltaj\u0101 nam\u0101 p\u0113rn <a href=\"https:\/\/www.tvnet.lv\/term\/555636\/donalds-tramps\" class=\"topicLink\" target=\"_blank\" rel=\"nofollow noopener\">Donalds Tramps<\/a> konsekventi iest\u0101jas par stingr\u0101ku imigr\u0101cijas politiku.<\/p>\n","protected":false},"excerpt":{"rendered":"Saska\u0146\u0101 ar Reuters r\u012bc\u012bb\u0101 eso\u0161o inform\u0101ciju to valstu vid\u016b, uz kur\u0101m attieksies \u0161ie ierobe\u017eojumi, ir Som\u0101lija, Krievija, Ir\u0101na,&hellip;\n","protected":false},"author":2,"featured_media":104621,"comment_status":"","ping_status":"","sticky":false,"template":"","format":"standard","meta":{"footnotes":""},"categories":[14],"tags":[23,57,292,28,29,542,32,33,22,30,31,35,39,38,36,37,34,40,20,26,27,24,25,651,54,55,56,21,58],"class_list":{"0":"post-104620","1":"post","2":"type-post","3":"status-publish","4":"format-standard","5":"has-post-thumbnail","7":"category-zinas-no-arvalstim","8":"tag-aktualitates","9":"tag-arvalstim","10":"tag-asv","11":"tag-breaking-news","12":"tag-breakingnews","13":"tag-donalds-tramps","14":"tag-featured-news","15":"tag-featurednews","16":"tag-headlines","17":"tag-latest-news","18":"tag-latestnews","19":"tag-latvia","20":"tag-latvian","21":"tag-latviesu","22":"tag-latviesu-valoda","23":"tag-latviesuvaloda","24":"tag-latvija","25":"tag-lv","26":"tag-news","27":"tag-popularakas-zinas","28":"tag-popularakaszinas","29":"tag-top-stories","30":"tag-topstories","31":"tag-vizas","32":"tag-world","33":"tag-world-news","34":"tag-worldnews","35":"tag-zinas","36":"tag-zinas-no-arvalstim"},"share_on_mastodon":{"url":"https:\/\/pubeurope.com\/@lv\/115894608529273284","error":""},"_links":{"self":[{"href":"https:\/\/www.europesays.com\/lv\/wp-json\/wp\/v2\/posts\/104620","targetHints":{"allow":["GET"]}}],"collection":[{"href":"https:\/\/www.europesays.com\/lv\/wp-json\/wp\/v2\/posts"}],"about":[{"href":"https:\/\/www.europesays.com\/lv\/wp-json\/wp\/v2\/types\/post"}],"author":[{"embeddable":true,"href":"https:\/\/www.europesays.com\/lv\/wp-json\/wp\/v2\/users\/2"}],"replies":[{"embeddable":true,"href":"https:\/\/www.europesays.com\/lv\/wp-json\/wp\/v2\/comments?post=104620"}],"version-history":[{"count":0,"href":"https:\/\/www.europesays.com\/lv\/wp-json\/wp\/v2\/posts\/104620\/revisions"}],"wp:featuredmedia":[{"embeddable":true,"href":"https:\/\/www.europesays.com\/lv\/wp-json\/wp\/v2\/media\/104621"}],"wp:attachment":[{"href":"https:\/\/www.europesays.com\/lv\/wp-json\/wp\/v2\/media?parent=104620"}],"wp:term":[{"taxonomy":"category","embeddable":true,"href":"https:\/\/www.europesays.com\/lv\/wp-json\/wp\/v2\/categories?post=104620"},{"taxonomy":"post_tag","embeddable":true,"href":"https:\/\/www.europesays.com\/lv\/wp-json\/wp\/v2\/tags?post=104620"}],"curies":[{"name":"wp","href":"https:\/\/api.w.org\/{rel}","templated":true}]}}