{"id":104622,"date":"2026-01-14T17:22:20","date_gmt":"2026-01-14T17:22:20","guid":{"rendered":"https:\/\/www.europesays.com\/lv\/104622\/"},"modified":"2026-01-14T17:22:20","modified_gmt":"2026-01-14T17:22:20","slug":"2025-gads-tresais-siltakais-vesture","status":"publish","type":"post","link":"https:\/\/www.europesays.com\/lv\/104622\/","title":{"rendered":"2025. gads \u2013 tre\u0161ais silt\u0101kais v\u0113stur\u0113"},"content":{"rendered":"<p>2025. gads bijis tre\u0161ais silt\u0101kais kop\u0161 nov\u0113rojumu s\u0101kuma, un vid\u0113j\u0101 glob\u0101l\u0101 temperat\u016bra tr\u012bs gadus p\u0113c k\u0101rtas p\u0101rsniegusi 1,5 gr\u0101dus, atsaucoties uz Eiropas Savien\u012bbas (ES) zin\u0101tnieku datiem, v\u0113sta zi\u0146u a\u0123ent\u016bra &#8220;Reuters&#8221;.<\/p>\n<p>ES Eiropas Vid\u0113ja termi\u0146a laika progno\u017eu centra (ECMWF) dati liecina, ka p\u0113d\u0113jie tr\u012bs gadi biju\u0161i tr\u012bs karst\u0101kie plan\u0113tas v\u0113stur\u0113 kop\u0161 nov\u0113rojumu s\u0101kuma \u2013 2025. gads bija tikai nedaudz v\u0113s\u0101ks nek\u0101 2023. gads, vien par 0,01 gr\u0101diem.<\/p>\n<p class=\"MsoNormal\">Ar\u012b Lielbrit\u0101nijas nacion\u0101lais meteorolo\u0123ijas dienesta (UK Met Office) dati liecina, ka 2025. gads ir tre\u0161ais silt\u0101kais kop\u0161 1850. gada Savuk\u0101rt karst\u0101kais gads nov\u0113rojumu v\u0113stur\u0113 bija 2024. gads.<\/p>\n<p class=\"MsoNormal\">ECMWF nor\u0101d\u012bjis, ka plan\u0113ta pirmo reizi piedz\u012bvojusi tr\u012bs gadu periodu, kur\u0101 vid\u0113j\u0101 glob\u0101l\u0101 temperat\u016bra p\u0101rsniegusi 1,5 gr\u0101dus sal\u012bdzin\u0101jum\u0101 ar pirmsindustri\u0101lo laikmetu. Zin\u0101tnieki uzskata, ka \u0161\u012bs robe\u017eas p\u0101rsnieg\u0161ana var izrais\u012bt smagas, da\u013c\u0113ji neatgriezeniskas sekas.<\/p>\n<p class=\"MsoNormal\">&#8220;Reuters&#8221; atg\u0101dina, ka 2015. gad\u0101 Par\u012bzes nol\u012bgum\u0101 valstis ap\u0146\u0113m\u0101s nepie\u013caut glob\u0101l\u0101s sasil\u0161anas p\u0101rsnieg\u0161anu virs 1,5 gr\u0101diem. Ta\u010du nepietiekama siltumn\u012bcefekta g\u0101zu emisiju samazin\u0101\u0161ana noz\u012bm\u0113, ka \u0161is slieksnis var tikt p\u0101rsniegts jau pirms 2030. gada \u2013 par desmit gadiem agr\u0101k, nek\u0101 s\u0101kotn\u0113ji prognoz\u0113ts, nor\u0101da ECMWF.<\/p>\n<p class=\"MsoNormal\">Ar\u012b ES Kopernika klimata p\u0101rmai\u0146u dienesta direktors Karlo Buontempo prognoz\u0113jis, ka &#8220;m\u0113s neizb\u0113gami to p\u0101rsniegsim&#8221;.<\/p>\n<p class=\"MsoNormal\">Ilgtermi\u0146\u0101 <a rel=\"noopener nofollow\" target=\"_blank\" href=\"https:\/\/www.delfi.lv\/temas\/41944152\/globala-sasilsana\" tag-id=\"41944152\">glob\u0101l\u0101 sasil\u0161ana<\/a> ir ap 1,4 gr\u0101diem, bet \u012bstermi\u0146\u0101 1,5 gr\u0101du slieksnis p\u0101rsniegts jau 2024. gad\u0101, nor\u0101da ECMWF.<\/p>\n<p class=\"MsoNormal\">Ilgtermi\u0146a 1,5 gr\u0101du robe\u017eas p\u0101rsnieg\u0161ana novestu pie v\u0113l ekstr\u0113m\u0101k\u0101m un pla\u0161\u0101k\u0101m sek\u0101m, tostarp karst\u0101kiem un ilg\u0101kiem karstuma vi\u013c\u0146iem, k\u0101 ar\u012b sp\u0113c\u012bg\u0101k\u0101m v\u0113tr\u0101m un pl\u016bdiem, br\u012bdina &#8220;Reuters&#8221;. <\/p>\n<p class=\"MsoNormal\">Vienlaikus a\u0123ent\u016bra nor\u0101da, ka, neraugoties uz arvien nopietn\u0101kaj\u0101m klimata p\u0101rmai\u0146u sek\u0101m, klimata zin\u0101tne saskaras ar pieaugo\u0161u politisko pretest\u012bbu.<\/p>\n<p class=\"MsoNormal\">Latvij\u0101 p\u0113rn devi\u0146i no 12 m\u0113ne\u0161iem bija silt\u0101ki par normu.<\/p>\n<p class=\"m-0\">Seko &#8220;Delfi&#8221; ar\u012b  <a target=\"_blank\" href=\"https:\/\/www.instagram.com\/delfi.lv\/\" rel=\"nofollow noopener\">Instagram<\/a>  un <a target=\"_blank\" href=\"https:\/\/www.youtube.com\/channel\/UCw5foWtcJvAbUm64rv7jwUQ\" rel=\"nofollow noopener\">YouTube<\/a>  profil\u0101 \u2013 pievienojies, lai uzzin\u0101tu svar\u012bg\u0101ko un interesant\u0101ko pirmais!<\/p>\n<p>Publik\u0101cijas saturs vai t\u0101s jebk\u0101da apjoma da\u013ca ir aizsarg\u0101ts autorties\u012bbu objekts Autorties\u012bbu likuma izpratn\u0113, un t\u0101 izmanto\u0161ana bez izdev\u0113ja at\u013caujas ir aizliegta. Vair\u0101k lasi  <a target=\"_blank\" href=\"https:\/\/www.delfi.lv\/noteikumi#autortiesibas\" rel=\"nofollow noopener\">\u0161eit<\/a><script async src=\"\/\/www.instagram.com\/embed.js\"><\/script><\/p>\n","protected":false},"excerpt":{"rendered":"2025. gads bijis tre\u0161ais silt\u0101kais kop\u0161 nov\u0113rojumu s\u0101kuma, un vid\u0113j\u0101 glob\u0101l\u0101 temperat\u016bra tr\u012bs gadus p\u0113c k\u0101rtas p\u0101rsniegusi 1,5&hellip;\n","protected":false},"author":2,"featured_media":104623,"comment_status":"","ping_status":"","sticky":false,"template":"","format":"standard","meta":{"footnotes":""},"categories":[12],"tags":[23,28,29,32,33,11767,22,3761,152,30,31,35,39,38,36,37,34,40,20,26,27,24,25,25137,21],"class_list":{"0":"post-104622","1":"post","2":"type-post","3":"status-publish","4":"format-standard","5":"has-post-thumbnail","7":"category-latvija","8":"tag-aktualitates","9":"tag-breaking-news","10":"tag-breakingnews","11":"tag-featured-news","12":"tag-featurednews","13":"tag-globala-sasilsana","14":"tag-headlines","15":"tag-klimata-parmainas","16":"tag-laika-prognoze","17":"tag-latest-news","18":"tag-latestnews","19":"tag-latvia","20":"tag-latvian","21":"tag-latviesu","22":"tag-latviesu-valoda","23":"tag-latviesuvaloda","24":"tag-latvija","25":"tag-lv","26":"tag-news","27":"tag-popularakas-zinas","28":"tag-popularakaszinas","29":"tag-top-stories","30":"tag-topstories","31":"tag-zala-patiesiba","32":"tag-zinas"},"share_on_mastodon":{"url":"https:\/\/pubeurope.com\/@lv\/115894612429027885","error":""},"_links":{"self":[{"href":"https:\/\/www.europesays.com\/lv\/wp-json\/wp\/v2\/posts\/104622","targetHints":{"allow":["GET"]}}],"collection":[{"href":"https:\/\/www.europesays.com\/lv\/wp-json\/wp\/v2\/posts"}],"about":[{"href":"https:\/\/www.europesays.com\/lv\/wp-json\/wp\/v2\/types\/post"}],"author":[{"embeddable":true,"href":"https:\/\/www.europesays.com\/lv\/wp-json\/wp\/v2\/users\/2"}],"replies":[{"embeddable":true,"href":"https:\/\/www.europesays.com\/lv\/wp-json\/wp\/v2\/comments?post=104622"}],"version-history":[{"count":0,"href":"https:\/\/www.europesays.com\/lv\/wp-json\/wp\/v2\/posts\/104622\/revisions"}],"wp:featuredmedia":[{"embeddable":true,"href":"https:\/\/www.europesays.com\/lv\/wp-json\/wp\/v2\/media\/104623"}],"wp:attachment":[{"href":"https:\/\/www.europesays.com\/lv\/wp-json\/wp\/v2\/media?parent=104622"}],"wp:term":[{"taxonomy":"category","embeddable":true,"href":"https:\/\/www.europesays.com\/lv\/wp-json\/wp\/v2\/categories?post=104622"},{"taxonomy":"post_tag","embeddable":true,"href":"https:\/\/www.europesays.com\/lv\/wp-json\/wp\/v2\/tags?post=104622"}],"curies":[{"name":"wp","href":"https:\/\/api.w.org\/{rel}","templated":true}]}}