{"id":104624,"date":"2026-01-14T17:23:25","date_gmt":"2026-01-14T17:23:25","guid":{"rendered":"https:\/\/www.europesays.com\/lv\/104624\/"},"modified":"2026-01-14T17:23:25","modified_gmt":"2026-01-14T17:23:25","slug":"gada-balvu-makslas-kritika-sanemusi-kinokritike-elina-reitere-2","status":"publish","type":"post","link":"https:\/\/www.europesays.com\/lv\/104624\/","title":{"rendered":"Gada balvu m\u0101kslas kritik\u0101 sa\u0146\u0113musi kinokriti\u0137e El\u012bna Reitere"},"content":{"rendered":"<p class=\"lead\">\n                                Normunda Nauma\u0146a v\u0101rd\u0101 nosaukto Gada balvu m\u0101kslas kritik\u0101 \u0161ogad sa\u0146em kinokriti\u0137e El\u012bna Reitere, atz\u012bm\u0113jot vi\u0146as rakstus par film\u0101m &#8220;Anna LOL&#8221;, &#8220;Lotus&#8221;, &#8220;Dieva suns&#8221; un &#8220;Testaments&#8221;.\n                            <\/p>\n<p>\u017d\u016brijas priek\u0161s\u0113d\u0113t\u0101js Ilm\u0101rs \u0160l\u0101pins atzina: &#8220;Ar\u012b \u0161oreiz \u017e\u016brijas iz\u0161\u0137ir\u0161an\u0101s starp labu un v\u0113l lab\u0101ku bija \u0101rk\u0101rt\u012bgi gr\u016bta. M\u016bs p\u0101rliecin\u0101ja kriti\u0137es sp\u0113ja izmantot akad\u0113miskas zin\u0101\u0161anas un teor\u0113tiskas atzi\u0146as, ne vien analiz\u0113jot m\u0101kslinieciskos pa\u0146\u0113mienus un rado\u0161\u0101s idejas, bet ar\u012b v\u0113r\u0161ot uzman\u012bbu uz m\u0101kslas darba autora profesion\u0101lo \u0113tiku un cilv\u0113cisko mor\u0101li. Laikmet\u012bga attieksme un skaidras poz\u012bcijas pau\u0161ana \u0161\u012bs recenzijas padara \u012bpa\u0161i noz\u012bm\u012bgas, turkl\u0101t, k\u0101 vi\u0146a pati to ir rakst\u012bjusi: &#8220;Recenzija nekad nav tikai par filmu. T\u0101 vienm\u0113r ir ar\u012b par kriti\u0137i.&#8221;&#8221;<\/p>\n<p>Jaun\u0101 kriti\u0137a balva pie\u0161\u0137irta Arno Titovam\u00a0par\u00a0grupas &#8220;Alejas&#8221;, dueta &#8220;Domenique Dumont&#8221; un Keitijas B\u0101rbales m\u016bzikas albumu recenzij\u0101m.\u00a0<\/p>\n<p>Normunda Nauma\u0146a Gada balva m\u0101kslas kritik\u0101 tika pasniegta 11. reizi. \u0160ogad ceremonija jeb paz\u012bstam\u0101 \u201cNN nakts\u201d bija \u012bpa\u0161a ar to, ka pirmo reizi notika Latvijas Radio 1. studij\u0101.<\/p>\n<p>Ceremonijas papla\u0161in\u0101tais nosaukums \u0161ogad bija &#8220;Kritikas j\u0113gas pier\u0101d\u012b\u0161ana visu m\u0101kslu m\u012b\u013cot\u0101jam&#8221;, re\u017eija \u2013 M\u0101rti\u0146\u0161 Grauds, scen\u0101rijs \u2013 K\u0101rlis V\u0113rdi\u0146\u0161 un Ivars \u0160teinbergs, kur\u0161 ar\u012b uz\u0146\u0113m\u0101s vakara vad\u012bt\u0101ja lomu.\u00a0<\/p>\n<p>Balvas \u017e\u016brij\u0101 darbojas Ed\u012bte Ti\u0161heizere, Anda Bakl\u0101ne, K\u0101rlis V\u0113rdi\u0146\u0161, Aivars Madris, Andris Dzen\u012btis, Santa Hir\u0161a un Ilm\u0101rs \u0160l\u0101pins.<\/p>\n<p class=\"paragraph-muted\">Izv\u0113lies savu soct\u012bklu platformu, lai sekotu LASI.LV: <a href=\"https:\/\/www.facebook.com\/portals.lasi.lv\" target=\"_blank\" rel=\"noopener noreferrer nofollow\">Facebook<\/a>, <a href=\"https:\/\/twitter.com\/lasilvportals\" target=\"_blank\" rel=\"noopener noreferrer nofollow\">X<\/a>, <a href=\"https:\/\/bsky.app\/profile\/lasilv.bsky.social\" target=\"_blank\" rel=\"noopener noreferrer nofollow\">Bluesky<\/a>, <a href=\"https:\/\/www.draugiem.lv\/lasilv\/?pg=4\" target=\"_blank\" rel=\"noopener noreferrer nofollow\">Draugiem<\/a>, <a href=\"https:\/\/www.threads.com\/@lasilv_zinas\" rel=\"nofollow noopener\" target=\"_blank\">Threads<\/a> vai ar\u012b <a href=\"https:\/\/www.instagram.com\/lasilv_zinas\/\" target=\"_blank\" rel=\"noopener noreferrer nofollow\">Instagram<\/a>. Pievienojies m\u016bsu las\u012bt\u0101ju pulkam, lai sa\u0146emtu \u012bpa\u0161i tev atlas\u012btu noder\u012bgu, praktisku un aktu\u0101lu saturu.\u00a0<\/p>\n<p style=\"margin-left:auto;\">Pieraksties LASI.LV redaktora v\u0113stkopai <a href=\"https:\/\/lasi.lv\/vestkopa\/lasi-lv-galvena-redaktora-vestkopa\" rel=\"nofollow noopener\" target=\"_blank\">\u0161eit<\/a>.<\/p>\n<p>Pieraksties v\u0113stkopai un divas reizes ned\u0113\u013c\u0101 sa\u0146em padzi\u013cin\u0101tu LASI.LV galven\u0101 redaktora aktu\u0101lo zi\u0146u, kompetentu viedok\u013cu un interesant\u0101ko interviju apkopojumu.<\/p>\n<p>Ko tu sa\u0146emsi:<\/p>\n<ul>\n<li>Daudzveid\u012bgus koment\u0101rus un kompetentus Latvijas Mediju \u017eurn\u0101listu un autoru viedok\u013cus par aktu\u0101lo<\/li>\n<li>Ekspertu koment\u0101rus par da\u017e\u0101diem praktiskiem, noder\u012bgiem tematiem<\/li>\n<li>Aizraujo\u0161us materi\u0101lus par v\u0113sturi, psiholo\u0123iju, kult\u016bru<\/li>\n<li>Gata \u0160\u013c\u016bkas karikat\u016bru<\/li>\n<li>Tav\u0101 e-pasta kast\u012bt\u0113 katru ceturtdienu<\/li>\n<\/ul>\n<p style=\"margin-left:auto;\">\u00a0<\/p>\n<p><script async src=\"https:\/\/platform.twitter.com\/widgets.js\" charset=\"utf-8\"><\/script><script async src=\"\/\/www.instagram.com\/embed.js\"><\/script><\/p>\n","protected":false},"excerpt":{"rendered":"Normunda Nauma\u0146a v\u0101rd\u0101 nosaukto Gada balvu m\u0101kslas kritik\u0101 \u0161ogad sa\u0146em kinokriti\u0137e El\u012bna Reitere, atz\u012bm\u0113jot vi\u0146as rakstus par film\u0101m&hellip;\n","protected":false},"author":2,"featured_media":103929,"comment_status":"","ping_status":"","sticky":false,"template":"","format":"standard","meta":{"footnotes":""},"categories":[5],"tags":[23,28,29,32,33,22,30,31,35,39,38,36,37,34,40,20,26,27,24,25,21],"class_list":{"0":"post-104624","1":"post","2":"type-post","3":"status-publish","4":"format-standard","5":"has-post-thumbnail","7":"category-aktualitates","8":"tag-aktualitates","9":"tag-breaking-news","10":"tag-breakingnews","11":"tag-featured-news","12":"tag-featurednews","13":"tag-headlines","14":"tag-latest-news","15":"tag-latestnews","16":"tag-latvia","17":"tag-latvian","18":"tag-latviesu","19":"tag-latviesu-valoda","20":"tag-latviesuvaloda","21":"tag-latvija","22":"tag-lv","23":"tag-news","24":"tag-popularakas-zinas","25":"tag-popularakaszinas","26":"tag-top-stories","27":"tag-topstories","28":"tag-zinas"},"share_on_mastodon":{"url":"https:\/\/pubeurope.com\/@lv\/115894616240016108","error":""},"_links":{"self":[{"href":"https:\/\/www.europesays.com\/lv\/wp-json\/wp\/v2\/posts\/104624","targetHints":{"allow":["GET"]}}],"collection":[{"href":"https:\/\/www.europesays.com\/lv\/wp-json\/wp\/v2\/posts"}],"about":[{"href":"https:\/\/www.europesays.com\/lv\/wp-json\/wp\/v2\/types\/post"}],"author":[{"embeddable":true,"href":"https:\/\/www.europesays.com\/lv\/wp-json\/wp\/v2\/users\/2"}],"replies":[{"embeddable":true,"href":"https:\/\/www.europesays.com\/lv\/wp-json\/wp\/v2\/comments?post=104624"}],"version-history":[{"count":0,"href":"https:\/\/www.europesays.com\/lv\/wp-json\/wp\/v2\/posts\/104624\/revisions"}],"wp:featuredmedia":[{"embeddable":true,"href":"https:\/\/www.europesays.com\/lv\/wp-json\/wp\/v2\/media\/103929"}],"wp:attachment":[{"href":"https:\/\/www.europesays.com\/lv\/wp-json\/wp\/v2\/media?parent=104624"}],"wp:term":[{"taxonomy":"category","embeddable":true,"href":"https:\/\/www.europesays.com\/lv\/wp-json\/wp\/v2\/categories?post=104624"},{"taxonomy":"post_tag","embeddable":true,"href":"https:\/\/www.europesays.com\/lv\/wp-json\/wp\/v2\/tags?post=104624"}],"curies":[{"name":"wp","href":"https:\/\/api.w.org\/{rel}","templated":true}]}}