{"id":104625,"date":"2026-01-14T17:25:18","date_gmt":"2026-01-14T17:25:18","guid":{"rendered":"https:\/\/www.europesays.com\/lv\/104625\/"},"modified":"2026-01-14T17:25:18","modified_gmt":"2026-01-14T17:25:18","slug":"semjonovas-draudzene-par-sportistes-pedejam-dienam","status":"publish","type":"post","link":"https:\/\/www.europesays.com\/lv\/104625\/","title":{"rendered":"Semjonovas draudzene par sportistes p\u0113d\u0113j\u0101m dien\u0101m"},"content":{"rendered":"<p class=\"lead\">\n                                U\u013cjanas Semjonovas draudzene, \u017eurn\u0101liste un bijus\u012b basketboliste Inita Kresa-Katkovska  st\u0101sta, ka U\u013cjanas vesel\u012bbas st\u0101voklis pasliktin\u0101jies \u013coti strauji. P\u0113c vi\u0146as teikt\u0101, nopietn\u0101s probl\u0113mas att\u012bst\u012bju\u0161\u0101s da\u017eu dienu laik\u0101 un biju\u0161as saist\u012btas ar insulta sek\u0101m, raksta \u017eurn\u0101ls &#8220;Priv\u0101t\u0101 Dz\u012bve&#8221;.\n                            <\/p>\n<p>Inita par draudzeni r\u016bp\u0113jusies ilg\u0101ku laiku \u2013 regul\u0101ri apciemojusi, uztur\u0113jusi cie\u0161u kontaktu un pal\u012bdz\u0113jusi ikdienas gait\u0101s. P\u0113d\u0113j\u0101 saruna ar U\u013cjanu notikusi Ziemassv\u0113tkos.<\/p>\n<blockquote>\n<p>Nekas neesot liecin\u0101jis, ka atvad\u012b\u0161an\u0101s b\u016bs tik dr\u012bza.<\/p>\n<\/blockquote>\n<p>Vi\u0146ai \u012bpa\u0161i palicis atmi\u0146\u0101 sirsn\u012bgs sadz\u012bvisks br\u012bdis, kad U\u013cjana ar prieku dal\u012bjusies par atv\u0113rtu marin\u0113to gur\u0137u burku, kas vi\u0146ai \u013coti gar\u0161ojusi.<\/p>\n<p>Abas sievietes iepazinu\u0161\u0101s jau 1977. gad\u0101, kad sp\u0113l\u0113ju\u0161as R\u012bgas TTT sast\u0101v\u0101. Inita atceras, ka tolaik bijusi \u013coti jauna, kam\u0113r U\u013cjana jau baud\u012bjusi slavu. Lai gan laukum\u0101 vi\u0146u sadarb\u012bba bijusi ierobe\u017eota, cie\u0146a pret U\u013cjanas profesion\u0101lismu un raksturu bijusi nep\u0101rprotama. Vi\u0146a raksturo Semjonovu k\u0101 c\u012bn\u012bt\u0101ju, kura<\/p>\n<blockquote>\n<p>var\u0113jusi b\u016bt emocion\u0101la, ta\u010du vienm\u0113r god\u012bga un uzticama \u2013 ja kaut ko sol\u012bjusi, tad ar\u012b izdar\u012bjusi.<\/p>\n<\/blockquote>\n<p>Jau <a href=\"https:\/\/lasi.lv\/par-svarigo\/sports\/uljana-semjonova-jus-visi-esat-mani-berni.36692\" rel=\"nofollow noopener\" target=\"_blank\">rakst\u012bj\u0101m<\/a>, ka biju\u0161o basketbolisti ar\u012b citi vi\u0146as laika biedri atminas k\u0101 izcilu sp\u0113l\u0113t\u0101ju un cilv\u0113ku ar \u013coti pla\u0161u sirdi. Basketbolu iepaz\u012bstot vien 13 gadu vecum\u0101, kad komandas &#8220;TTT R\u012bga&#8221; treneriem vi\u0146u no Daugavpils rajona Medumiem izdev\u0101s pierun\u0101t p\u0101rcelties uz galvaspils\u0113tu, U\u013cjana sasniedza groza bumbas Everestu. Un tikpat lielu cie\u0146u taut\u0101 iemantoja p\u0113c karjeras \u2013 ar patiesu emp\u0101tiju r\u016bp\u0113joties par sporta vecmeistariem.<\/p>\n<p>&#8220;U\u013cai bija \u013coti liela sirds,&#8221; uzsver Vitolds Bark\u0101ns, 1968. gada olimpisko sp\u0113\u013cu dal\u012bbnieks, &#8220;vienm\u0113r dom\u0101ja un r\u016bp\u0113j\u0101s par sporta veter\u0101niem. Vi\u0146as organiz\u0113t\u0101s Ziemassv\u0113tku balles &#8220;M\u0101mu\u013c\u0101&#8221;! K\u0101 vi\u0146a sirsn\u012bgi teica: j\u016bs esat mana \u0123imene, mani b\u0113rni. Savies\u012bgos pas\u0101kumos bija smaid\u012bga, ener\u0123iska, daudzreiz uzl\u016bdzu uz deju, jut\u0101s priec\u012bga.<\/p>\n<blockquote>\n<p>Kuriem vajadz\u0113ja, veda rudens bag\u0101t\u012bbas: \u0101bolus, kartupe\u013cus, bietes. Veter\u0101ni bija pateic\u012bgi.<\/p>\n<\/blockquote>\n<p>Pal\u012bdz\u0113ja ar\u012b ar medic\u012bnu, kundzei Ingr\u012bdai sag\u0101d\u0101ja sirds z\u0101les. Ar U\u013cas iniciat\u012bvu savulaik veter\u0101niem tika abon\u0113ti laikraksti, vi\u0146a teica \u2013 j\u0101b\u016bt lietas kurs\u0101 par notieko\u0161o, var\u0113ja izv\u0113l\u0113ties ar\u012b &#8220;Latvijas Av\u012bzi&#8221;. Liela Latvijas patriote, 1991. gada janv\u0101r\u012b barik\u0101d\u0113s de\u017eur\u0113ja, sava dzimt\u0101 ciema Medumu iedz\u012bvot\u0101jus krieviski uzrun\u0101ja un p\u0101rliecin\u0101ja atbalst\u012bt Latvijas br\u012bv\u012bbas ce\u013cu.&#8221;<\/p>\n<p>Atvad\u012b\u0161an\u0101s no U\u013cjanas Semjonovas notiks 15. janv\u0101r\u012b no pulksten 12 l\u012bdz 13.30 R\u012bgas Latvie\u0161u biedr\u012bbas nam\u0101.<\/p>\n<p class=\"paragraph-muted\">Pla\u0161\u0101ku Initas Kresas-Katkovskas koment\u0101ru lasiet \u017eurn\u0101l\u0101 &#8220;Priv\u0101t\u0101 Dz\u012bve&#8221;.<\/p>\n<p> Aptauja <\/p>\n<p> K\u0101 v\u0113rt\u0113jat LASI.LV rakstu kvalit\u0101ti? <\/p>\n<p class=\"paragraph-muted\">Izv\u0113lies savu soct\u012bklu platformu, lai sekotu LASI.LV: <a href=\"https:\/\/www.facebook.com\/portals.lasi.lv\" target=\"_blank\" rel=\"noopener noreferrer nofollow\">Facebook<\/a>, <a href=\"https:\/\/twitter.com\/lasilvportals\" target=\"_blank\" rel=\"noopener noreferrer nofollow\">X<\/a>, <a href=\"https:\/\/bsky.app\/profile\/lasilv.bsky.social\" target=\"_blank\" rel=\"noopener noreferrer nofollow\">Bluesky<\/a>, <a href=\"https:\/\/www.draugiem.lv\/lasilv\/?pg=4\" target=\"_blank\" rel=\"noopener noreferrer nofollow\">Draugiem<\/a>, <a href=\"https:\/\/www.threads.com\/@lasilv_zinas\" rel=\"nofollow noopener\" target=\"_blank\">Threads<\/a> vai ar\u012b <a href=\"https:\/\/www.instagram.com\/lasilv_zinas\/\" target=\"_blank\" rel=\"noopener noreferrer nofollow\">Instagram<\/a>. Pievienojies m\u016bsu las\u012bt\u0101ju pulkam, lai sa\u0146emtu \u012bpa\u0161i tev atlas\u012btu noder\u012bgu, praktisku un aktu\u0101lu saturu.\u00a0<\/p>\n<p style=\"margin-left:auto;\">Pieraksties LASI.LV redaktora v\u0113stkopai <a href=\"https:\/\/lasi.lv\/vestkopa\/lasi-lv-galvena-redaktora-vestkopa\" rel=\"nofollow noopener\" target=\"_blank\">\u0161eit<\/a>.<\/p>\n<p>Pieraksties v\u0113stkopai un divas reizes ned\u0113\u013c\u0101 sa\u0146em padzi\u013cin\u0101tu LASI.LV galven\u0101 redaktora aktu\u0101lo zi\u0146u, kompetentu viedok\u013cu un interesant\u0101ko interviju apkopojumu.<\/p>\n<p>Ko tu sa\u0146emsi:<\/p>\n<ul>\n<li>Daudzveid\u012bgus koment\u0101rus un kompetentus Latvijas Mediju \u017eurn\u0101listu un autoru viedok\u013cus par aktu\u0101lo<\/li>\n<li>Ekspertu koment\u0101rus par da\u017e\u0101diem praktiskiem, noder\u012bgiem tematiem<\/li>\n<li>Aizraujo\u0161us materi\u0101lus par v\u0113sturi, psiholo\u0123iju, kult\u016bru<\/li>\n<li>Gata \u0160\u013c\u016bkas karikat\u016bru<\/li>\n<li>Tav\u0101 e-pasta kast\u012bt\u0113 katru ceturtdienu<\/li>\n<\/ul>\n<p style=\"margin-left:auto;\">\u00a0<\/p>\n<p><script async src=\"https:\/\/platform.twitter.com\/widgets.js\" charset=\"utf-8\"><\/script><script async src=\"\/\/www.instagram.com\/embed.js\"><\/script><\/p>\n","protected":false},"excerpt":{"rendered":"U\u013cjanas Semjonovas draudzene, \u017eurn\u0101liste un bijus\u012b basketboliste Inita Kresa-Katkovska st\u0101sta, ka U\u013cjanas vesel\u012bbas st\u0101voklis pasliktin\u0101jies \u013coti strauji. P\u0113c&hellip;\n","protected":false},"author":2,"featured_media":104626,"comment_status":"","ping_status":"","sticky":false,"template":"","format":"standard","meta":{"footnotes":""},"categories":[17],"tags":[35,39,38,36,37,34,40,67],"class_list":{"0":"post-104625","1":"post","2":"type-post","3":"status-publish","4":"format-standard","5":"has-post-thumbnail","7":"category-sports","8":"tag-latvia","9":"tag-latvian","10":"tag-latviesu","11":"tag-latviesu-valoda","12":"tag-latviesuvaloda","13":"tag-latvija","14":"tag-lv","15":"tag-sports"},"share_on_mastodon":{"url":"https:\/\/pubeurope.com\/@lv\/115894624089141887","error":""},"_links":{"self":[{"href":"https:\/\/www.europesays.com\/lv\/wp-json\/wp\/v2\/posts\/104625","targetHints":{"allow":["GET"]}}],"collection":[{"href":"https:\/\/www.europesays.com\/lv\/wp-json\/wp\/v2\/posts"}],"about":[{"href":"https:\/\/www.europesays.com\/lv\/wp-json\/wp\/v2\/types\/post"}],"author":[{"embeddable":true,"href":"https:\/\/www.europesays.com\/lv\/wp-json\/wp\/v2\/users\/2"}],"replies":[{"embeddable":true,"href":"https:\/\/www.europesays.com\/lv\/wp-json\/wp\/v2\/comments?post=104625"}],"version-history":[{"count":0,"href":"https:\/\/www.europesays.com\/lv\/wp-json\/wp\/v2\/posts\/104625\/revisions"}],"wp:featuredmedia":[{"embeddable":true,"href":"https:\/\/www.europesays.com\/lv\/wp-json\/wp\/v2\/media\/104626"}],"wp:attachment":[{"href":"https:\/\/www.europesays.com\/lv\/wp-json\/wp\/v2\/media?parent=104625"}],"wp:term":[{"taxonomy":"category","embeddable":true,"href":"https:\/\/www.europesays.com\/lv\/wp-json\/wp\/v2\/categories?post=104625"},{"taxonomy":"post_tag","embeddable":true,"href":"https:\/\/www.europesays.com\/lv\/wp-json\/wp\/v2\/tags?post=104625"}],"curies":[{"name":"wp","href":"https:\/\/api.w.org\/{rel}","templated":true}]}}