{"id":104627,"date":"2026-01-14T17:27:06","date_gmt":"2026-01-14T17:27:06","guid":{"rendered":"https:\/\/www.europesays.com\/lv\/104627\/"},"modified":"2026-01-14T17:27:06","modified_gmt":"2026-01-14T17:27:06","slug":"asv-aptures-imigracijas-vizu-pieprasijumu-izskatisanu-no-75-valstim-tai-skaita-krievijas-raksts","status":"publish","type":"post","link":"https:\/\/www.europesays.com\/lv\/104627\/","title":{"rendered":"ASV aptur\u0113s imigr\u0101cijas v\u012bzu piepras\u012bjumu izskat\u012b\u0161anu no 75 valst\u012bm, tai skait\u0101 Krievijas \/ Raksts"},"content":{"rendered":"<p>\n                        \u0160odien, 18:55                    <\/p>\n<p>\n                            Papildin\u0101ts \u0161odien, 19:23                        <\/p>\n<p>ASV Valsts departaments tre\u0161dien pazi\u0146ojis, ka aptur\u0113s imigr\u0101cijas v\u012bzu piepras\u012bjumu izskat\u012b\u0161anu no 75 valst\u012bm. \u0160\u0101ds solis sperts, lai samazin\u0101tu risku, ka imigranti k\u013c\u016bst par ASV pabalstu sist\u0113mas izmantot\u0101jiem.<\/p>\n<p style=\"text-align:left\">Paredzams, ka ierobe\u017eojumi st\u0101sies sp\u0113k\u0101 no 21. janv\u0101ra, v\u0113sta\u00a0amerik\u0101\u0146u medijs &#8220;Fox News&#8221;, atsaucoties uz t\u0101 r\u012bc\u012bb\u0101 non\u0101ku\u0161o ASV Valsts departamenta dokumentu. Taj\u0101 teikts, ka ASV v\u0113stniec\u012bb\u0101m j\u0101aptur v\u012bzu izsnieg\u0161ana, kam\u0113r tiek pilnveidotas piepras\u012bjumu izskat\u012b\u0161anas proced\u016bras.<\/p>\n<blockquote>\n<p style=\"text-align:left\"><a href=\"https:\/\/www.foxnews.com\/politics\/us-freezes-all-visa-processing-75-countries-including-somalia-russia-iran\" target=\"_blank\" rel=\"nofollow noopener\">&#8220;Fox News&#8221; v\u0113sta<\/a>, ka ierobe\u017eojumi attieksies uz 75 valst\u012bm; to vid\u016b b\u016bs Krievija, Afganist\u0101na, Som\u0101lija, Braz\u012blija, Ir\u0101na, Ir\u0101ka, \u0112\u0123ipte, Nig\u0113rija, Taizeme, Jemena u.c.<\/p>\n<\/blockquote>\n<blockquote class=\"twitter-tweet\">\n<p>The State Department will pause immigrant visa processing from 75 countries whose migrants take welfare from the American people at unacceptable rates. The freeze will remain active until the U.S. can ensure that new immigrants will not extract wealth from the American people.<\/p>\n<p>\u2014 Department of State (@StateDept) <a href=\"https:\/\/twitter.com\/StateDept\/status\/2011478657680757214?ref_src=twsrc%5Etfw\" target=\"_blank\" rel=\"nofollow noopener\">January 14, 2026<\/a><\/p><\/blockquote>\n<p style=\"text-align:left\">ASV Valsts departaments jau novembr\u012b izs\u016bt\u012bjis nor\u0101d\u012bjumus ASV v\u0113stniec\u012bb\u0101m un konsul\u0101tiem, aicinot pastiprin\u0101t kontroles proced\u016bras, lai ASV v\u012bzas netiktu izsniegtas cilv\u0113kiem, kas v\u0113l\u0101k var\u0113tu pretend\u0113t uz ASV soci\u0101l\u0101 atbalsta sist\u0113mas pabalstiem.<\/p>\n<p style=\"text-align:left\">T\u0101d\u0113\u013c j\u0101\u0146em v\u0113r\u0101 da\u017e\u0101di faktori, piem\u0113ram, v\u012bzas piepras\u012bt\u0101ja vecums, vesel\u012bbas un finan\u0161u st\u0101voklis, ang\u013cu valodas zin\u0101\u0161anas u.c. Piem\u0113ram, maz\u0101kas iesp\u0113jas ieg\u016bt ASV v\u012bzu var\u0113tu b\u016bt gados veciem cilv\u0113kiem vai cilv\u0113kiem ar lieko svaru.<\/p>\n<p style=\"text-align:left\">ASV prezidents Donalds Tramps iepriek\u0161 sol\u012bjis aptur\u0113t imigr\u0101ciju no &#8220;Tre\u0161\u0101s pasaules valst\u012bm&#8221;. P\u0113d\u0113j\u0101 laik\u0101 lielu uzman\u012bbu izpeln\u012bjies skand\u0101ls Minesotas \u0161tat\u0101, kur imigranti tiek aps\u016bdz\u0113ti par kr\u0101p\u0161anu un iedz\u012bvo\u0161anos uz ASV pabalstu sist\u0113mas r\u0113\u0137ina. Liel\u0101k\u0101 da\u013ca \u0161o imigrantu iece\u013coju\u0161i no \u0100frikas valsts Som\u0101lijas.<\/p>\n<p>                    Valodas k\u013c\u016bda rakst\u0101?<\/p>\n<p class=\"d-none d-md-block\">Iez\u012bm\u0113jiet tekstu un spiediet Ctrl+Enter, lai nos\u016bt\u012btu labojamo teksta fragmentu redaktoram! Par faktu k\u013c\u016bd\u0101m l\u016bdzam zi\u0146ot e-past\u0101 <a href=\"https:\/\/www.lsm.lv\/cdn-cgi\/l\/email-protection\" class=\"__cf_email__\" data-cfemail=\"d7a5b2b3b6bcb4bebdb697bba4baf9bba1\" rel=\"nofollow noopener\" target=\"_blank\">[email\u00a0protected]<\/a>.<\/p>\n<p class=\"d-md-none\">Iez\u012bm\u0113jiet tekstu un spiediet uz Zi\u0146ot par k\u013c\u016bdu pogas, lai nos\u016bt\u012btu labojamo teksta fragmentu redaktoram!<\/p>\n<p>\n                    Zi\u0146ot par k\u013c\u016bdu\n                <\/p>\n<p>            <script async src=\"https:\/\/platform.twitter.com\/widgets.js\" charset=\"utf-8\"><\/script><\/p>\n","protected":false},"excerpt":{"rendered":"\u0160odien, 18:55 Papildin\u0101ts \u0161odien, 19:23 ASV Valsts departaments tre\u0161dien pazi\u0146ojis, ka aptur\u0113s imigr\u0101cijas v\u012bzu piepras\u012bjumu izskat\u012b\u0161anu no 75&hellip;\n","protected":false},"author":2,"featured_media":104628,"comment_status":"","ping_status":"","sticky":false,"template":"","format":"standard","meta":{"footnotes":""},"categories":[14],"tags":[23,57,28,29,32,33,22,30,31,35,39,38,36,37,34,40,20,26,27,24,25,54,55,56,21,58],"class_list":{"0":"post-104627","1":"post","2":"type-post","3":"status-publish","4":"format-standard","5":"has-post-thumbnail","7":"category-zinas-no-arvalstim","8":"tag-aktualitates","9":"tag-arvalstim","10":"tag-breaking-news","11":"tag-breakingnews","12":"tag-featured-news","13":"tag-featurednews","14":"tag-headlines","15":"tag-latest-news","16":"tag-latestnews","17":"tag-latvia","18":"tag-latvian","19":"tag-latviesu","20":"tag-latviesu-valoda","21":"tag-latviesuvaloda","22":"tag-latvija","23":"tag-lv","24":"tag-news","25":"tag-popularakas-zinas","26":"tag-popularakaszinas","27":"tag-top-stories","28":"tag-topstories","29":"tag-world","30":"tag-world-news","31":"tag-worldnews","32":"tag-zinas","33":"tag-zinas-no-arvalstim"},"share_on_mastodon":{"url":"https:\/\/pubeurope.com\/@lv\/115894632024318622","error":""},"_links":{"self":[{"href":"https:\/\/www.europesays.com\/lv\/wp-json\/wp\/v2\/posts\/104627","targetHints":{"allow":["GET"]}}],"collection":[{"href":"https:\/\/www.europesays.com\/lv\/wp-json\/wp\/v2\/posts"}],"about":[{"href":"https:\/\/www.europesays.com\/lv\/wp-json\/wp\/v2\/types\/post"}],"author":[{"embeddable":true,"href":"https:\/\/www.europesays.com\/lv\/wp-json\/wp\/v2\/users\/2"}],"replies":[{"embeddable":true,"href":"https:\/\/www.europesays.com\/lv\/wp-json\/wp\/v2\/comments?post=104627"}],"version-history":[{"count":0,"href":"https:\/\/www.europesays.com\/lv\/wp-json\/wp\/v2\/posts\/104627\/revisions"}],"wp:featuredmedia":[{"embeddable":true,"href":"https:\/\/www.europesays.com\/lv\/wp-json\/wp\/v2\/media\/104628"}],"wp:attachment":[{"href":"https:\/\/www.europesays.com\/lv\/wp-json\/wp\/v2\/media?parent=104627"}],"wp:term":[{"taxonomy":"category","embeddable":true,"href":"https:\/\/www.europesays.com\/lv\/wp-json\/wp\/v2\/categories?post=104627"},{"taxonomy":"post_tag","embeddable":true,"href":"https:\/\/www.europesays.com\/lv\/wp-json\/wp\/v2\/tags?post=104627"}],"curies":[{"name":"wp","href":"https:\/\/api.w.org\/{rel}","templated":true}]}}