{"id":104630,"date":"2026-01-14T17:29:10","date_gmt":"2026-01-14T17:29:10","guid":{"rendered":"https:\/\/www.europesays.com\/lv\/104630\/"},"modified":"2026-01-14T17:29:10","modified_gmt":"2026-01-14T17:29:10","slug":"latvijas-biatlonistem-loti-pieticiga-sausana-pasaules-kausa-stafete-paliek-pedejas-un-bez-ceturta-posma","status":"publish","type":"post","link":"https:\/\/www.europesays.com\/lv\/104630\/","title":{"rendered":"Latvijas biatlonist\u0113m \u013coti pietic\u012bga \u0161au\u0161ana Pasaules kausa stafet\u0113; paliek p\u0113d\u0113j\u0101s un bez ceturt\u0101 posma"},"content":{"rendered":"<p>It\u0101lija fini\u0161\u0101 zaud\u0113ja uzvar\u0113t\u0101j\u0101m 0,9 sekundes, bet lab\u0101ko trijnieku, atpaliekot tr\u012bs sekundes, nosl\u0113dza Zviedrija. Otr\u0101s un tre\u0161\u0101s vietas ieguv\u0113jas sacens\u012bbas nosl\u0113dza ar attiec\u012bgi \u010detr\u0101m un septi\u0146\u0101m rezerves patron\u0101m. Latvijas biatlonistes, kur\u0101m tika pie\u0161\u0137irts divu min\u016b\u0161u sods, tr\u012bs etapos iekr\u0101ja divus soda ap\u013cus un 13 rezerves patronas un tika apsteigtas par apli tre\u0161\u0101 etapa nosl\u0113gum\u0101.<\/p>\n","protected":false},"excerpt":{"rendered":"It\u0101lija fini\u0161\u0101 zaud\u0113ja uzvar\u0113t\u0101j\u0101m 0,9 sekundes, bet lab\u0101ko trijnieku, atpaliekot tr\u012bs sekundes, nosl\u0113dza Zviedrija. Otr\u0101s un tre\u0161\u0101s vietas&hellip;\n","protected":false},"author":2,"featured_media":104631,"comment_status":"","ping_status":"","sticky":false,"template":"","format":"standard","meta":{"footnotes":""},"categories":[5],"tags":[23,28,29,32,33,22,30,31,35,39,38,36,37,34,40,20,26,27,24,25,21],"class_list":{"0":"post-104630","1":"post","2":"type-post","3":"status-publish","4":"format-standard","5":"has-post-thumbnail","7":"category-aktualitates","8":"tag-aktualitates","9":"tag-breaking-news","10":"tag-breakingnews","11":"tag-featured-news","12":"tag-featurednews","13":"tag-headlines","14":"tag-latest-news","15":"tag-latestnews","16":"tag-latvia","17":"tag-latvian","18":"tag-latviesu","19":"tag-latviesu-valoda","20":"tag-latviesuvaloda","21":"tag-latvija","22":"tag-lv","23":"tag-news","24":"tag-popularakas-zinas","25":"tag-popularakaszinas","26":"tag-top-stories","27":"tag-topstories","28":"tag-zinas"},"share_on_mastodon":{"url":"https:\/\/pubeurope.com\/@lv\/115894639796982619","error":""},"_links":{"self":[{"href":"https:\/\/www.europesays.com\/lv\/wp-json\/wp\/v2\/posts\/104630","targetHints":{"allow":["GET"]}}],"collection":[{"href":"https:\/\/www.europesays.com\/lv\/wp-json\/wp\/v2\/posts"}],"about":[{"href":"https:\/\/www.europesays.com\/lv\/wp-json\/wp\/v2\/types\/post"}],"author":[{"embeddable":true,"href":"https:\/\/www.europesays.com\/lv\/wp-json\/wp\/v2\/users\/2"}],"replies":[{"embeddable":true,"href":"https:\/\/www.europesays.com\/lv\/wp-json\/wp\/v2\/comments?post=104630"}],"version-history":[{"count":0,"href":"https:\/\/www.europesays.com\/lv\/wp-json\/wp\/v2\/posts\/104630\/revisions"}],"wp:featuredmedia":[{"embeddable":true,"href":"https:\/\/www.europesays.com\/lv\/wp-json\/wp\/v2\/media\/104631"}],"wp:attachment":[{"href":"https:\/\/www.europesays.com\/lv\/wp-json\/wp\/v2\/media?parent=104630"}],"wp:term":[{"taxonomy":"category","embeddable":true,"href":"https:\/\/www.europesays.com\/lv\/wp-json\/wp\/v2\/categories?post=104630"},{"taxonomy":"post_tag","embeddable":true,"href":"https:\/\/www.europesays.com\/lv\/wp-json\/wp\/v2\/tags?post=104630"}],"curies":[{"name":"wp","href":"https:\/\/api.w.org\/{rel}","templated":true}]}}