{"id":104637,"date":"2026-01-14T17:35:07","date_gmt":"2026-01-14T17:35:07","guid":{"rendered":"https:\/\/www.europesays.com\/lv\/104637\/"},"modified":"2026-01-14T17:35:07","modified_gmt":"2026-01-14T17:35:07","slug":"lza-un-kulturas-ministrija-vienojusas-parskatit-grozijumus-likuma-par-medijiem","status":"publish","type":"post","link":"https:\/\/www.europesays.com\/lv\/104637\/","title":{"rendered":"L\u017dA un Kult\u016bras ministrija vienoju\u0161\u0101s p\u0101rskat\u012bt groz\u012bjumus likum\u0101 par medijiem"},"content":{"rendered":"<p>Puses diskusij\u0101 vienoj\u0101s sarunas par likuma 7. pantu turpin\u0101t jaun\u0101 mediju likuma izstr\u0101des gait\u0101, neiek\u013caujot to \u0161obr\u012bd Ministru kabinet\u0101 iesniegtajos groz\u012bjumos attiec\u012bgaj\u0101 likum\u0101. Savuk\u0101rt likuma izmai\u0146as, kas tie\u0161i skar Eiropas Mediju br\u012bv\u012bbas akta ievie\u0161anu, nolemts virz\u012bt apstiprin\u0101\u0161anai n\u0101kam\u0101s otrdienas, 20. janv\u0101ra, vald\u012bbas s\u0113d\u0113.<\/p>\n<p>Kokale sola, ka, str\u0101d\u0101jot pie jaun\u0101 Mediju likuma, tiks veidota nozari visaptvero\u0161a darba grupa, kur\u0101 diskut\u0113t un lemt par nozares darb\u012bbu reglament\u0113jo\u0161o, jauno regul\u0113jumu.<\/p>\n<p>Tetarenko-Supe uzsver, ka, s\u0101kot darbu pie jaun\u0101 likuma, ir b\u016btiski pan\u0101kt, lai topo\u0161ais regul\u0113jums b\u016btu skaidrs, prec\u012bzs un nep\u0101rprotams, ne\u013caujot to interpret\u0113t veid\u0101, kas nepamatoti, kaitnieciski vai administrat\u012bvi kav\u0113 \u017eurn\u0101listu profesion\u0101lo darbu vai tiek izmantots inform\u0101cijas sl\u0113p\u0161anai no sabiedr\u012bbas.<\/p>\n<p>Vi\u0146a sola, ka L\u017dA ar\u012b turpm\u0101k uzman\u012bgi sekos vis\u0101m iniciat\u012bv\u0101m, kas skar mediju nozari un inform\u0101cijas aprites regul\u0113jumu, un iest\u0101sies pret jebk\u0101diem m\u0113\u0123in\u0101jumiem &#8211; tie\u0161iem vai netie\u0161iem &#8211; nepamatoti sa\u0161aurin\u0101t v\u0101rda br\u012bv\u012bbas tv\u0113rumu. Preses br\u012bv\u012bba ir demokr\u0101tijas pamatelements, kuru nav pie\u013caujams relativiz\u0113t vai v\u0101jin\u0101t administrat\u012bvu \u0113rt\u012bbu v\u0101rd\u0101.<\/p>\n","protected":false},"excerpt":{"rendered":"Puses diskusij\u0101 vienoj\u0101s sarunas par likuma 7. pantu turpin\u0101t jaun\u0101 mediju likuma izstr\u0101des gait\u0101, neiek\u013caujot to \u0161obr\u012bd Ministru&hellip;\n","protected":false},"author":2,"featured_media":104638,"comment_status":"","ping_status":"","sticky":false,"template":"","format":"standard","meta":{"footnotes":""},"categories":[5],"tags":[23,28,29,32,33,22,1813,30,31,35,39,38,36,37,34,17035,40,3819,20,26,27,1356,24,25,21],"class_list":{"0":"post-104637","1":"post","2":"type-post","3":"status-publish","4":"format-standard","5":"has-post-thumbnail","7":"category-aktualitates","8":"tag-aktualitates","9":"tag-breaking-news","10":"tag-breakingnews","11":"tag-featured-news","12":"tag-featurednews","13":"tag-headlines","14":"tag-kulturas-ministrija","15":"tag-latest-news","16":"tag-latestnews","17":"tag-latvia","18":"tag-latvian","19":"tag-latviesu","20":"tag-latviesu-valoda","21":"tag-latviesuvaloda","22":"tag-latvija","23":"tag-latvijas-zurnalistu-asociacija","24":"tag-lv","25":"tag-mediji","26":"tag-news","27":"tag-popularakas-zinas","28":"tag-popularakaszinas","29":"tag-tieslietu-ministrija","30":"tag-top-stories","31":"tag-topstories","32":"tag-zinas"},"share_on_mastodon":{"url":"https:\/\/pubeurope.com\/@lv\/115894663397795717","error":""},"_links":{"self":[{"href":"https:\/\/www.europesays.com\/lv\/wp-json\/wp\/v2\/posts\/104637","targetHints":{"allow":["GET"]}}],"collection":[{"href":"https:\/\/www.europesays.com\/lv\/wp-json\/wp\/v2\/posts"}],"about":[{"href":"https:\/\/www.europesays.com\/lv\/wp-json\/wp\/v2\/types\/post"}],"author":[{"embeddable":true,"href":"https:\/\/www.europesays.com\/lv\/wp-json\/wp\/v2\/users\/2"}],"replies":[{"embeddable":true,"href":"https:\/\/www.europesays.com\/lv\/wp-json\/wp\/v2\/comments?post=104637"}],"version-history":[{"count":0,"href":"https:\/\/www.europesays.com\/lv\/wp-json\/wp\/v2\/posts\/104637\/revisions"}],"wp:featuredmedia":[{"embeddable":true,"href":"https:\/\/www.europesays.com\/lv\/wp-json\/wp\/v2\/media\/104638"}],"wp:attachment":[{"href":"https:\/\/www.europesays.com\/lv\/wp-json\/wp\/v2\/media?parent=104637"}],"wp:term":[{"taxonomy":"category","embeddable":true,"href":"https:\/\/www.europesays.com\/lv\/wp-json\/wp\/v2\/categories?post=104637"},{"taxonomy":"post_tag","embeddable":true,"href":"https:\/\/www.europesays.com\/lv\/wp-json\/wp\/v2\/tags?post=104637"}],"curies":[{"name":"wp","href":"https:\/\/api.w.org\/{rel}","templated":true}]}}