{"id":104640,"date":"2026-01-14T17:39:09","date_gmt":"2026-01-14T17:39:09","guid":{"rendered":"https:\/\/www.europesays.com\/lv\/104640\/"},"modified":"2026-01-14T17:39:09","modified_gmt":"2026-01-14T17:39:09","slug":"reagejot-uz-spriedzi-irana-asv-evakue-savus-militaros-spekus-no-kataras-jauns-lv","status":"publish","type":"post","link":"https:\/\/www.europesays.com\/lv\/104640\/","title":{"rendered":"Rea\u0123\u0113jot uz spriedzi Ir\u0101n\u0101, ASV evaku\u0113 savus milit\u0101ros sp\u0113kus no Kataras &#8211; Jauns.lv"},"content":{"rendered":"<ol>\n<li><a href=\"https:\/\/news.google.com\/rss\/articles\/CBMirwFBVV95cUxOWXQ4b0VLbXJIbEFwc1k5Y0JScHdTVjRaNEhjMTBuNXBIcjdxbmZSN0VwdUpCT25JSGw2a0QxbHBlcWUyMWhXS0hNQXZIbXowM3BQMVoxSnBFdkZyZXJ0dDRROXVJV1ltekZJM1VMRjV2aUFyb0RSbk9pVjVSMW95UV93eEJnS1lOTHhUZGgyRFRNZDA2bG83UnA1bkFtaWdsb21SdXNkeGVkODY5SDNV?oc=5\" target=\"_blank\" rel=\"nofollow noopener\">Rea\u0123\u0113jot uz spriedzi Ir\u0101n\u0101, ASV evaku\u0113 savus milit\u0101ros sp\u0113kus no Kataras<\/a>&nbsp;&nbsp;Jauns.lv<\/li>\n<li><a href=\"https:\/\/news.google.com\/rss\/articles\/CBMi9AFBVV95cUxOSzVIbFFYNnhuZmFtbHYxeEp6YXJTS3FSejVTQ3BnRnRWeW00R3pMNjNiRFZ5OGF0S3hNZjdRWE9XejB3UjVyaW9MMlIyVFpwVHFMT081enlxRjNLeGRhaklLZ29oNlhFWDZ1ejNodkJLaXFDbTFDaGYwN1R1VW1Ib1JScFNfQWxpclpCQnZQTDJYZDRvcFNKQWR6VFlNa2tfRFg0MXZYd3FkSjhJd3ZmUXZUM3Z3ZlpuX2t1NDFnazN1NkZxQnJZanJLTmhXZFJTR2ZiVmtZb3pyUnVDdjhLVmhTMWZKQTUwQ3BKTWlKMWJBaUtQ?oc=5\" target=\"_blank\" rel=\"nofollow noopener\">LSM skaidro: Kas ir Ir\u0101nas Revolucion\u0101r\u0101s gvardes korpuss, kas dzi\u013ci iesak\u0146ojies vis\u0101s valsts strukt\u016br\u0101s?<\/a>&nbsp;&nbsp;LSM<\/li>\n<li><a href=\"https:\/\/news.google.com\/rss\/articles\/CBMipAFBVV95cUxQSk5qbjdOTXBmSGxkOVFTd01OQ3h1emY1bUNGT2VKU0tBZ1N5ZVE4NzZoR0lqOUpYcHdHb1VfZlhNV1l0cDdXQVRJdGtsZ1dYdlNFVFdhUmtFbGY4WHVHaE9QZy1QR3VOSHgzMGd4a1VpbmlWd2Flek91a3Z0bGdRZGE2em93V3JWcEZBZFdPaVFEUnlqSWN3RUdUQ0R2Um1MSHJVUQ?oc=5\" target=\"_blank\" rel=\"nofollow noopener\">Protesti Ir\u0101n\u0101 atkl\u0101j ne\u0113rtu paties\u012bbu \u2013 nav skaidrs, kas n\u0101ktu re\u017e\u012bma viet\u0101<\/a>&nbsp;&nbsp;TVNET<\/li>\n<li><a href=\"https:\/\/news.google.com\/rss\/articles\/CBMi2gFBVV95cUxPWl9FX3RzckFNRUlUb1QwVUhnQ3lfOV9wOGszXy1iRzlqMFhzUFFzQVI1N3NsYy0tc3dHbjRZZGlsd2Z4OXJXV0xyVWIwRVVYVGFjVmg4S1VBSXJaNGo0NUhCSi16d3hENDVlSExiY0ZuLWdoODJGS2J6djcwSWRKeC1EMDBYWUVLZnFYT0R4bWR5UUlHQWpxN0NFQXFBbkl5TnZXbDZqckJCbG5JVEw5Tm01QWVIRE5tbnAtbDNTQkphRkdDY2FWY09EeGJXZXBuMXk2TEZZS3ZtQQ?oc=5\" target=\"_blank\" rel=\"nofollow noopener\">Ir\u0101na br\u012bdina, ka uzbruks ASV milit\u0101raj\u0101m b\u0101z\u0113m, ja Va\u0161ingtona iejauksies protestos, zi\u0146o &#8220;Reuters&#8221;<\/a>&nbsp;&nbsp;Delfi<\/li>\n<li><a href=\"https:\/\/news.google.com\/rss\/articles\/CBMihgFBVV95cUxQY2tLU29QUkxYVkg4cGZBMWM4SmRxWERQVlV1N05uczFoNy1SN3JNVE9GNE1zS2lOQmZ4U2UtSFMwalBaS1Q4bzNVckxUVXpral9LR2g0MUZiWklLVW5YZHFUTHpTMGdlNnZaakg0clkzUHVGeElreS1WTjFEUWw5ZmRSSUtGUQ?oc=5\" target=\"_blank\" rel=\"nofollow noopener\">Kaut kas \u201cbriest\u201d: ASV aicina pilso\u0146us nekav\u0113joties pamest Ir\u0101nu<\/a>&nbsp;&nbsp;LA.LV<\/li>\n<\/ol>\n","protected":false},"excerpt":{"rendered":"Rea\u0123\u0113jot uz spriedzi Ir\u0101n\u0101, ASV evaku\u0113 savus milit\u0101ros sp\u0113kus no Kataras&nbsp;&nbsp;Jauns.lv LSM skaidro: Kas ir Ir\u0101nas Revolucion\u0101r\u0101s gvardes&hellip;\n","protected":false},"author":2,"featured_media":104641,"comment_status":"","ping_status":"","sticky":false,"template":"","format":"standard","meta":{"footnotes":""},"categories":[14],"tags":[23,57,28,29,32,33,22,30,31,35,39,38,36,37,34,40,20,26,27,24,25,54,55,56,21,58],"class_list":{"0":"post-104640","1":"post","2":"type-post","3":"status-publish","4":"format-standard","5":"has-post-thumbnail","7":"category-zinas-no-arvalstim","8":"tag-aktualitates","9":"tag-arvalstim","10":"tag-breaking-news","11":"tag-breakingnews","12":"tag-featured-news","13":"tag-featurednews","14":"tag-headlines","15":"tag-latest-news","16":"tag-latestnews","17":"tag-latvia","18":"tag-latvian","19":"tag-latviesu","20":"tag-latviesu-valoda","21":"tag-latviesuvaloda","22":"tag-latvija","23":"tag-lv","24":"tag-news","25":"tag-popularakas-zinas","26":"tag-popularakaszinas","27":"tag-top-stories","28":"tag-topstories","29":"tag-world","30":"tag-world-news","31":"tag-worldnews","32":"tag-zinas","33":"tag-zinas-no-arvalstim"},"share_on_mastodon":{"url":"https:\/\/pubeurope.com\/@lv\/115894679214185000","error":""},"_links":{"self":[{"href":"https:\/\/www.europesays.com\/lv\/wp-json\/wp\/v2\/posts\/104640","targetHints":{"allow":["GET"]}}],"collection":[{"href":"https:\/\/www.europesays.com\/lv\/wp-json\/wp\/v2\/posts"}],"about":[{"href":"https:\/\/www.europesays.com\/lv\/wp-json\/wp\/v2\/types\/post"}],"author":[{"embeddable":true,"href":"https:\/\/www.europesays.com\/lv\/wp-json\/wp\/v2\/users\/2"}],"replies":[{"embeddable":true,"href":"https:\/\/www.europesays.com\/lv\/wp-json\/wp\/v2\/comments?post=104640"}],"version-history":[{"count":0,"href":"https:\/\/www.europesays.com\/lv\/wp-json\/wp\/v2\/posts\/104640\/revisions"}],"wp:featuredmedia":[{"embeddable":true,"href":"https:\/\/www.europesays.com\/lv\/wp-json\/wp\/v2\/media\/104641"}],"wp:attachment":[{"href":"https:\/\/www.europesays.com\/lv\/wp-json\/wp\/v2\/media?parent=104640"}],"wp:term":[{"taxonomy":"category","embeddable":true,"href":"https:\/\/www.europesays.com\/lv\/wp-json\/wp\/v2\/categories?post=104640"},{"taxonomy":"post_tag","embeddable":true,"href":"https:\/\/www.europesays.com\/lv\/wp-json\/wp\/v2\/tags?post=104640"}],"curies":[{"name":"wp","href":"https:\/\/api.w.org\/{rel}","templated":true}]}}