{"id":104661,"date":"2026-01-14T17:58:07","date_gmt":"2026-01-14T17:58:07","guid":{"rendered":"https:\/\/www.europesays.com\/lv\/104661\/"},"modified":"2026-01-14T17:58:07","modified_gmt":"2026-01-14T17:58:07","slug":"latvija-sanemusi-atbildi-no-ek-par-tas-iespejamo-iznemumu-no-dalibas-solidaritates-mehanisma-ek-turpinas-monitoret-migracijas-spiedienu-es-dalibvalstis","status":"publish","type":"post","link":"https:\/\/www.europesays.com\/lv\/104661\/","title":{"rendered":"Latvija sa\u0146\u0113musi atbildi no EK par t\u0101s iesp\u0113jamo iz\u0146\u0113mumu no dal\u012bbas solidarit\u0101tes meh\u0101nisma \u2013 EK turpin\u0101s monitor\u0113t migr\u0101cijas spiedienu ES dal\u012bbvalst\u012bs"},"content":{"rendered":"<p>Latvija sa\u0146\u0113musi atbildi no Eiropas Komisijas (EK) par t\u0101s iesp\u0113jamo iz\u0146\u0113mumu no dal\u012bbas solidarit\u0101tes meh\u0101nism\u0101. \u0160obr\u012bd EK nav gatava man\u012bt solidarit\u0101tes meh\u0101nisma nosac\u012bjumus un papildus nepie\u0161\u0137irs nevienai ES dal\u012bbvalst\u012bj iz\u0146\u0113mumu no t\u0101. <\/p>\n<p>Iek\u0161lietu ministrs Rihards Kozlovskis nor\u0101da, ka, \u0146emot v\u0113r\u0101 nacion\u0101l\u0101s intereses, Latvija solidarit\u0101tes meh\u0101nism\u0101 nav gatava piedal\u012bties ar personu p\u0101rvieto\u0161anu vai finan\u0161u iemaks\u0101m. Latvija piedal\u012bsies tikai ar alternat\u012bviem atbalsta pas\u0101kumiem, kas ir dal\u012bbvalsts atbalsts, sniedzot savu ekspertu zin\u0101\u0161anas vai dal\u012bbu, vai ar\u012b sniedzot tehnisko atbalstu. <\/p>\n<p>T\u0101pat Iek\u0161lietu ministrija nor\u0101da, ka turpina dialogu ar EK, \u012bpa\u0161i skaidrojot inform\u0101ciju par riskiem, ar ko Latvija saskaras uz ES \u0101r\u0113j\u0101s austrumu robe\u017eas. Jau n\u0101kamaj\u0101 ES Tieslietu un iek\u0161lietu ministru padom\u0113, kas norisin\u0101sies n\u0101kamaj\u0101 ned\u0113\u013c\u0101, ministrs pieteiks \u0161o jaut\u0101jumu un tiks turpin\u0101ts dialogs. <\/p>\n<p>EK atz\u012bst, ka, \u0146emot v\u0113r\u0101 \u0123eopolitisko situ\u0101ciju, t\u0101 turpin\u0101s monitor\u0113t migr\u0101cijas spiedienu ES dal\u012bbvalst\u012bs un b\u016bs gatava main\u012bt nosac\u012bjumus, ja k\u0101d\u0101 no dal\u012bbvalst\u012bm situ\u0101cija main\u012bsies. <\/p>\n<p>T\u0101pat EK apliecina, ka t\u0101 ir sa\u0146\u0113musi visu nepiecie\u0161amo un papildus inform\u0101ciju no Latvijas \u2013 proti, datus par instrumentaliz\u0101cijas rad\u012bto spiedienu uz ES austrumu robe\u017eas, par pagaidu aizsardz\u012bbu sa\u0146\u0113mu\u0161o personu skaitu, k\u0101 ar\u012b patv\u0113ruma proced\u016bras piepras\u012bjumu pieaugumu. <\/p>\n<p>2025. gada decembr\u012b ES padome rakstveida proced\u016br\u0101 apstiprin\u0101ja l\u0113mumu veidot pirmo migrantu solidarit\u0101tes rezervi 2026. gadam, kas ir da\u013ca no ES Migr\u0101cijas un patv\u0113ruma pakta solidarit\u0101tes meh\u0101nisma \u012bsteno\u0161anas procesa. Solidarit\u0101tes meh\u0101nisms paredz ES dal\u012bbvalstu iesaisti kop\u0113j\u0101 migr\u0101cijas situ\u0101cijas p\u0101rvald\u012bb\u0101, sniedzot atbalstu t\u0101m ES valst\u012bm, kuras saskaras ar paaugstin\u0101tu migr\u0101cijas spiedienu. Neskatoties uz to, ka l\u0113mumu bez Latvijas neatbalst\u012bja v\u0113l piecas dal\u012bbvalstis, tas tika apstiprin\u0101ts ar kvalific\u0113to balsu vair\u0101kumu.<\/p>\n","protected":false},"excerpt":{"rendered":"Latvija sa\u0146\u0113musi atbildi no Eiropas Komisijas (EK) par t\u0101s iesp\u0113jamo iz\u0146\u0113mumu no dal\u012bbas solidarit\u0101tes meh\u0101nism\u0101. \u0160obr\u012bd EK nav&hellip;\n","protected":false},"author":2,"featured_media":104662,"comment_status":"","ping_status":"","sticky":false,"template":"","format":"standard","meta":{"footnotes":""},"categories":[12],"tags":[23,28,29,32,33,22,30,31,35,39,38,36,37,34,40,20,26,27,24,25,21],"class_list":{"0":"post-104661","1":"post","2":"type-post","3":"status-publish","4":"format-standard","5":"has-post-thumbnail","7":"category-latvija","8":"tag-aktualitates","9":"tag-breaking-news","10":"tag-breakingnews","11":"tag-featured-news","12":"tag-featurednews","13":"tag-headlines","14":"tag-latest-news","15":"tag-latestnews","16":"tag-latvia","17":"tag-latvian","18":"tag-latviesu","19":"tag-latviesu-valoda","20":"tag-latviesuvaloda","21":"tag-latvija","22":"tag-lv","23":"tag-news","24":"tag-popularakas-zinas","25":"tag-popularakaszinas","26":"tag-top-stories","27":"tag-topstories","28":"tag-zinas"},"share_on_mastodon":{"url":"https:\/\/pubeurope.com\/@lv\/115894753870811511","error":""},"_links":{"self":[{"href":"https:\/\/www.europesays.com\/lv\/wp-json\/wp\/v2\/posts\/104661","targetHints":{"allow":["GET"]}}],"collection":[{"href":"https:\/\/www.europesays.com\/lv\/wp-json\/wp\/v2\/posts"}],"about":[{"href":"https:\/\/www.europesays.com\/lv\/wp-json\/wp\/v2\/types\/post"}],"author":[{"embeddable":true,"href":"https:\/\/www.europesays.com\/lv\/wp-json\/wp\/v2\/users\/2"}],"replies":[{"embeddable":true,"href":"https:\/\/www.europesays.com\/lv\/wp-json\/wp\/v2\/comments?post=104661"}],"version-history":[{"count":0,"href":"https:\/\/www.europesays.com\/lv\/wp-json\/wp\/v2\/posts\/104661\/revisions"}],"wp:featuredmedia":[{"embeddable":true,"href":"https:\/\/www.europesays.com\/lv\/wp-json\/wp\/v2\/media\/104662"}],"wp:attachment":[{"href":"https:\/\/www.europesays.com\/lv\/wp-json\/wp\/v2\/media?parent=104661"}],"wp:term":[{"taxonomy":"category","embeddable":true,"href":"https:\/\/www.europesays.com\/lv\/wp-json\/wp\/v2\/categories?post=104661"},{"taxonomy":"post_tag","embeddable":true,"href":"https:\/\/www.europesays.com\/lv\/wp-json\/wp\/v2\/tags?post=104661"}],"curies":[{"name":"wp","href":"https:\/\/api.w.org\/{rel}","templated":true}]}}