{"id":104667,"date":"2026-01-14T18:04:27","date_gmt":"2026-01-14T18:04:27","guid":{"rendered":"https:\/\/www.europesays.com\/lv\/104667\/"},"modified":"2026-01-14T18:04:27","modified_gmt":"2026-01-14T18:04:27","slug":"daudz-laimes-maestro-kas-beidzas-ar-atlaisanu-vai-par-soctiklos-publiceto-var-zaudet-darbu","status":"publish","type":"post","link":"https:\/\/www.europesays.com\/lv\/104667\/","title":{"rendered":"&#8220;Daudz laimes, maestro!&#8221;, kas beidz\u0101s ar atlai\u0161anu. Vai par soct\u012bklos public\u0113to var zaud\u0113t darbu?"},"content":{"rendered":"<p>Pirms vair\u0101kiem m\u0113ne\u0161iem soct\u012bklu person\u012bba Doloresa Onzule uztais\u012bjusi video, kur\u0101 redzama, sp\u0113l\u0113jot klavieres ar dibenu. Toreiz tas izrais\u012bjis lietot\u0101ju saj\u016bsmu, cilv\u0113ki priec\u0101ju\u0161ies, sm\u0113ju\u0161ies, spiedu\u0161i &#8220;laikus&#8221;. Pirmdien, 12. janv\u0101r\u012b, Raimonda Paula dzim\u0161anas dien\u0101, vi\u0146a to nopublic\u0113jusi v\u0113lreiz, pierakstot &#8220;daudz laimes, maestro!&#8221;, ta\u010du rezult\u0101t\u0101 s\u0101kusi sa\u0146emt n\u0101ves draudus un tikusi atlaista no darba.<\/p>\n<p>TVNET+ \u0161\u0137etina, vai soct\u012bklos public\u0113tais var b\u016bt par pamatu darbinieka atlai\u0161anai un kas var apdraud\u0113t potenci\u0101los kandid\u0101tus uz vakantajiem amatiem.<\/p>\n","protected":false},"excerpt":{"rendered":"Pirms vair\u0101kiem m\u0113ne\u0161iem soct\u012bklu person\u012bba Doloresa Onzule uztais\u012bjusi video, kur\u0101 redzama, sp\u0113l\u0113jot klavieres ar dibenu. Toreiz tas izrais\u012bjis&hellip;\n","protected":false},"author":2,"featured_media":104668,"comment_status":"","ping_status":"","sticky":false,"template":"","format":"standard","meta":{"footnotes":""},"categories":[12],"tags":[23,9854,28,29,51,4196,32,33,22,30,31,35,39,38,36,37,34,40,20,26,27,2672,11426,24,25,164,10967,21],"class_list":{"0":"post-104667","1":"post","2":"type-post","3":"status-publish","4":"format-standard","5":"has-post-thumbnail","7":"category-latvija","8":"tag-aktualitates","9":"tag-apollo-lv-redakcija-iesaka","10":"tag-breaking-news","11":"tag-breakingnews","12":"tag-darbs","13":"tag-darbs-un-karjera","14":"tag-featured-news","15":"tag-featurednews","16":"tag-headlines","17":"tag-latest-news","18":"tag-latestnews","19":"tag-latvia","20":"tag-latvian","21":"tag-latviesu","22":"tag-latviesu-valoda","23":"tag-latviesuvaloda","24":"tag-latvija","25":"tag-lv","26":"tag-news","27":"tag-popularakas-zinas","28":"tag-popularakaszinas","29":"tag-raimonds-pauls","30":"tag-socialie-tikli","31":"tag-top-stories","32":"tag-topstories","33":"tag-tvnet-latvija","34":"tag-valsts-darba-inspekcija","35":"tag-zinas"},"share_on_mastodon":{"url":"https:\/\/pubeurope.com\/@lv\/115894777444482227","error":""},"_links":{"self":[{"href":"https:\/\/www.europesays.com\/lv\/wp-json\/wp\/v2\/posts\/104667","targetHints":{"allow":["GET"]}}],"collection":[{"href":"https:\/\/www.europesays.com\/lv\/wp-json\/wp\/v2\/posts"}],"about":[{"href":"https:\/\/www.europesays.com\/lv\/wp-json\/wp\/v2\/types\/post"}],"author":[{"embeddable":true,"href":"https:\/\/www.europesays.com\/lv\/wp-json\/wp\/v2\/users\/2"}],"replies":[{"embeddable":true,"href":"https:\/\/www.europesays.com\/lv\/wp-json\/wp\/v2\/comments?post=104667"}],"version-history":[{"count":0,"href":"https:\/\/www.europesays.com\/lv\/wp-json\/wp\/v2\/posts\/104667\/revisions"}],"wp:featuredmedia":[{"embeddable":true,"href":"https:\/\/www.europesays.com\/lv\/wp-json\/wp\/v2\/media\/104668"}],"wp:attachment":[{"href":"https:\/\/www.europesays.com\/lv\/wp-json\/wp\/v2\/media?parent=104667"}],"wp:term":[{"taxonomy":"category","embeddable":true,"href":"https:\/\/www.europesays.com\/lv\/wp-json\/wp\/v2\/categories?post=104667"},{"taxonomy":"post_tag","embeddable":true,"href":"https:\/\/www.europesays.com\/lv\/wp-json\/wp\/v2\/tags?post=104667"}],"curies":[{"name":"wp","href":"https:\/\/api.w.org\/{rel}","templated":true}]}}