{"id":104681,"date":"2026-01-14T18:29:07","date_gmt":"2026-01-14T18:29:07","guid":{"rendered":"https:\/\/www.europesays.com\/lv\/104681\/"},"modified":"2026-01-14T18:29:07","modified_gmt":"2026-01-14T18:29:07","slug":"nacionalie-brunotie-speki-publisko-apliecinajumus-baltkrievijas-iesaistei-nelegalas-migracijas-planosana-un-organizesana","status":"publish","type":"post","link":"https:\/\/www.europesays.com\/lv\/104681\/","title":{"rendered":"Nacion\u0101lie bru\u0146otie sp\u0113ki publisko apliecin\u0101jumus Baltkrievijas iesaistei neleg\u0101l\u0101s migr\u0101cijas pl\u0101no\u0161an\u0101 un organiz\u0113\u0161an\u0101"},"content":{"rendered":"<p class=\"text-align-justify\">Nacion\u0101lo bru\u0146oto sp\u0113ku un Valsts robe\u017esardzes r\u012bc\u012bb\u0101 eso\u0161\u0101 inform\u0101cija un fiks\u0113tie gad\u012bjumi apliecina Baltkrievijas Republikas ties\u012bbsarg\u0101jo\u0161o un milit\u0101ro strukt\u016bru iesaisti neleg\u0101lo migrantu virz\u012b\u0161an\u0101 uz Latvijas valsts robe\u017eu. Konstat\u0113ti gad\u012bjumi, kas nor\u0101da uz koordin\u0113t\u0101m darb\u012bb\u0101m, tostarp neleg\u0101lo migrantu p\u0101rvieto\u0161anu ar Baltkrievijas milit\u0101ro transportu un amatpersonu l\u012bdzdal\u012bbu robe\u017eas \u0161\u0137\u0113rso\u0161anas m\u0113\u0123in\u0101jumu organiz\u0113\u0161an\u0101.<\/p>\n<p class=\"text-align-justify\">Veicot robe\u017eapsardz\u012bbas pas\u0101kumus, pie viena no aiztur\u0113tajiem neleg\u0101lajiem robe\u017e\u0161\u0137\u0113rsot\u0101jiem tika konstat\u0113ti Baltkrievijas milit\u0101rpersonai piedero\u0161i dokumenti un sakaru l\u012bdzek\u013ci. Veikt\u0101s p\u0101rbaudes laik\u0101 noskaidrots, ka min\u0113tie materi\u0101li pieder milit\u0101rpersonai no 19. gvardes mehaniz\u0113to k\u0101jnieku brig\u0101des izl\u016bko\u0161anas bataljona, kas izvietota Vitebskas apgabal\u0101. Dokumenti ietv\u0113ra karasp\u0113ka da\u013cas iek\u0161\u0113jo dokument\u0101ciju, tostarp izsniegto materi\u0101ltehnisko l\u012bdzek\u013cu uzskaiti.<\/p>\n<p class=\"text-align-justify\">Aiztur\u0113to neleg\u0101lo migrantu r\u012bc\u012bb\u0101 eso\u0161aj\u0101s mobilaj\u0101s ier\u012bc\u0113s konstat\u0113ti att\u0113li, kuros redzamas Baltkrievijas robe\u017esardzes amatpersonas kop\u0101 ar neleg\u0101lajiem migrantiem, tostarp milit\u0101ra tipa transportl\u012bdzek\u013cos. Fiks\u0113ti gad\u012bjumi, kuros Baltkrievijas robe\u017esardzes strukt\u016bru amatpersonas piedal\u0101s migrantu nog\u0101d\u0101\u0161an\u0101 uz viet\u0101m, no kur\u0101m tie tiek virz\u012bti Latvijas valsts robe\u017eas \u0161\u0137\u0113rso\u0161anai.<\/p>\n<p class=\"text-align-justify\">T\u0101pat fiks\u0113ti gad\u012bjumi, kas liecina par neleg\u0101lo migrantu izmanto\u0161anu inform\u0101cijas ieguves nol\u016bkos un citiem hibr\u012bdapdraud\u0113juma elementiem.<\/p>\n<p class=\"text-align-justify\">Nacion\u0101lie bru\u0146otie sp\u0113ki un Valsts robe\u017esardze regul\u0101ri fiks\u0113 elektronisk\u0101s karadarb\u012bbas izpausmes no Baltkrievijas Republikas teritorijas puses, kas ietekm\u0113 sakaru un navig\u0101cijas sist\u0113mu darb\u012bbu pierobe\u017e\u0101.<\/p>\n<p class=\"text-align-justify\">Valsts robe\u017esardze sadarb\u012bb\u0101 ar Nacion\u0101lajiem bru\u0146otajiem sp\u0113kiem un Valsts policiju kop\u0161 2021. gada nodro\u0161ina pastiprin\u0101tu atbalstu neleg\u0101l\u0101s migr\u0101cijas ierobe\u017eo\u0161anai uz Latvijas-Baltkrievijas valsts robe\u017eas. \u0160o \u010detru gadu laik\u0101 starp Nacion\u0101lajiem bru\u0146otajiem sp\u0113kiem, Valsts robe\u017esardzi un Valsts policiju ir izveidojusies teicama sadarb\u012bba, kop\u012bgi stiprinot Latvijas dro\u0161\u012bbu.<\/p>\n<p class=\"text-align-justify\">Neleg\u0101l\u0101s migr\u0101cijas organiz\u0113\u0161ana un migrantu p\u0101rvad\u0101\u0161ana, vi\u0146u uztur\u0113\u0161an\u0101s nodro\u0161in\u0101\u0161ana nav uzskat\u0101ma tikai par neleg\u0101lu pe\u013c\u0146as g\u016b\u0161anas veidu. Nacion\u0101lie bru\u0146otie sp\u0113ki v\u0113r\u0161 uzman\u012bbu uz to, ka katrs, kas tie\u0161\u0101 vai netie\u0161\u0101 veid\u0101 atbalsta neleg\u0101lo robe\u017eas \u0161\u0137\u0113rsot\u0101ju iefiltr\u0113\u0161anu, transport\u0113\u0161anu, izmitin\u0101\u0161anu ne tikai p\u0101rk\u0101pj Latvijas likumdo\u0161anu, bet var to pat neapzinoties pal\u012bdz\u0113t mums naid\u012bgu valstu specdienestu organiz\u0113t\u0101m oper\u0101cij\u0101m, kuru m\u0113r\u0137is ir veikt izl\u016bko\u0161anu, diversijas vai citas naid\u012bgas darb\u012bbas Latvij\u0101 un citur Eirop\u0101.<\/p>\n<p class=\"text-align-justify\">Aicin\u0101m iedz\u012bvot\u0101jus zi\u0146ot operat\u012bvajiem dienestiem pa t\u0101lru\u0146a numuru 112 vai Valsts robe\u017esardzei pa t\u0101lru\u0146a numuru 67913300, ja Latvijas austrumu pierobe\u017eas re\u0123ionos tiek paman\u012btas aizdom\u012bgas darb\u012bbas, personas vai transportl\u012bdzek\u013ci.<\/p>\n<p class=\"text-align-justify\">\u00a0<\/p>\n<p class=\"text-align-justify\">Inform\u0101ciju sagatavoja:<br \/>NBS Apvienot\u0101 \u0161t\u0101ba\u00a0<br \/>Inform\u0101cijas anal\u012bzes un vad\u012bbas departamenta<br \/>Komunik\u0101cijas p\u0101rvalde<br \/>E-pasts: <a href=\"https:\/\/www.mod.gov.lv\/lv\/zinas\/mailto:prese@mil.lv\" rel=\"nofollow noopener\" target=\"_blank\">prese@mil.lv<\/a><br \/>\u00a0<\/p>\n","protected":false},"excerpt":{"rendered":"Nacion\u0101lo bru\u0146oto sp\u0113ku un Valsts robe\u017esardzes r\u012bc\u012bb\u0101 eso\u0161\u0101 inform\u0101cija un fiks\u0113tie gad\u012bjumi apliecina Baltkrievijas Republikas ties\u012bbsarg\u0101jo\u0161o un milit\u0101ro&hellip;\n","protected":false},"author":2,"featured_media":104682,"comment_status":"","ping_status":"","sticky":false,"template":"","format":"standard","meta":{"footnotes":""},"categories":[5],"tags":[23,28,29,32,33,22,30,31,35,39,38,36,37,34,40,20,26,27,24,25,21],"class_list":{"0":"post-104681","1":"post","2":"type-post","3":"status-publish","4":"format-standard","5":"has-post-thumbnail","7":"category-aktualitates","8":"tag-aktualitates","9":"tag-breaking-news","10":"tag-breakingnews","11":"tag-featured-news","12":"tag-featurednews","13":"tag-headlines","14":"tag-latest-news","15":"tag-latestnews","16":"tag-latvia","17":"tag-latvian","18":"tag-latviesu","19":"tag-latviesu-valoda","20":"tag-latviesuvaloda","21":"tag-latvija","22":"tag-lv","23":"tag-news","24":"tag-popularakas-zinas","25":"tag-popularakaszinas","26":"tag-top-stories","27":"tag-topstories","28":"tag-zinas"},"share_on_mastodon":{"url":"https:\/\/pubeurope.com\/@lv\/115894875747612198","error":""},"_links":{"self":[{"href":"https:\/\/www.europesays.com\/lv\/wp-json\/wp\/v2\/posts\/104681","targetHints":{"allow":["GET"]}}],"collection":[{"href":"https:\/\/www.europesays.com\/lv\/wp-json\/wp\/v2\/posts"}],"about":[{"href":"https:\/\/www.europesays.com\/lv\/wp-json\/wp\/v2\/types\/post"}],"author":[{"embeddable":true,"href":"https:\/\/www.europesays.com\/lv\/wp-json\/wp\/v2\/users\/2"}],"replies":[{"embeddable":true,"href":"https:\/\/www.europesays.com\/lv\/wp-json\/wp\/v2\/comments?post=104681"}],"version-history":[{"count":0,"href":"https:\/\/www.europesays.com\/lv\/wp-json\/wp\/v2\/posts\/104681\/revisions"}],"wp:featuredmedia":[{"embeddable":true,"href":"https:\/\/www.europesays.com\/lv\/wp-json\/wp\/v2\/media\/104682"}],"wp:attachment":[{"href":"https:\/\/www.europesays.com\/lv\/wp-json\/wp\/v2\/media?parent=104681"}],"wp:term":[{"taxonomy":"category","embeddable":true,"href":"https:\/\/www.europesays.com\/lv\/wp-json\/wp\/v2\/categories?post=104681"},{"taxonomy":"post_tag","embeddable":true,"href":"https:\/\/www.europesays.com\/lv\/wp-json\/wp\/v2\/tags?post=104681"}],"curies":[{"name":"wp","href":"https:\/\/api.w.org\/{rel}","templated":true}]}}