{"id":104683,"date":"2026-01-14T18:31:07","date_gmt":"2026-01-14T18:31:07","guid":{"rendered":"https:\/\/www.europesays.com\/lv\/104683\/"},"modified":"2026-01-14T18:31:07","modified_gmt":"2026-01-14T18:31:07","slug":"tas-ir-pienakums-rigas-zellu-saspeles-vaditajs-vitols-iesaukts-valsts-aizsardzibas-dienesta","status":"publish","type":"post","link":"https:\/\/www.europesays.com\/lv\/104683\/","title":{"rendered":"\u201cTas ir pien\u0101kums!\u201d: \u201cR\u012bgas Ze\u013c\u013cu\u201d sasp\u0113les vad\u012bt\u0101js V\u012btols iesaukts Valsts aizsardz\u012bbas dienest\u0101"},"content":{"rendered":"<blockquote class=\"skaties-quote\">\n<p>Juris Filips V\u012btols<\/p>\n<p>jauniesauktais karav\u012brs<\/p>\n<p>\u201cC\u0113los mazliet pacil\u0101ts, mazliet noguris, bet galvenok\u0101rt pacil\u0101ts. Tagad gribas teikt, ka man dz\u012bv\u0113 s\u0101cies jauns ce\u013c\u0161, un ceru, ka tas b\u016bs emocij\u0101m bag\u0101ts un for\u0161s. Nekad par sliktu nen\u0101k ar\u012b discipl\u012bna, ko mums \u0161eit iem\u0101c\u012bs, un da\u017e\u0101das dz\u012bves atzi\u0146as. Tas ir pien\u0101kums, un tas ir j\u0101izdara, man \u0161\u0137iet, visiem Latvijas iedz\u012bvot\u0101jiem.\u201d<\/p>\n<\/blockquote>\n<p>Dienests ilgs 11 m\u0113ne\u0161us \u2013 \u0161aj\u0101 laik\u0101 jaunie\u0161i apg\u016bs milit\u0101r\u0101s pamatiema\u0146as, stiprin\u0101s fizisko sagatavot\u012bbu un m\u0101c\u012bsies discipl\u012bnu profesion\u0101lu instruktoru vad\u012bb\u0101. No 111 jaunie\u0161iem 78 jeb 70% valsts aizsardz\u012bbas dienestam pieteiku\u0161ies br\u012bvpr\u0101t\u012bgi.<\/p>\n<p>\u201cBija t\u0101ds drusku stresi\u0146\u0161, bet no vienas puses esmu ar\u012b lepns par sevi, ka es pats pieteicos un atbraucu \u0161eit. T\u0101p\u0113c, ka universit\u0101te p\u0113c tam ir apmaks\u0101ta un ne tikai tas, bet ar\u012b pieredze, ko es ieg\u016b\u0161u \u2013 t\u0101s zin\u0101\u0161anas dro\u0161i vien noder\u0113s p\u0113c tam,\u201d saka 19 gadus vecais Aleksandrs no R\u012bgas.<\/p>\n<p>\u0160aj\u0101 iesaukum\u0101 jaunie\u0161i dienestu uzs\u0101ks div\u0101s Nacion\u0101lo bru\u0146oto sp\u0113ku vien\u012bb\u0101s \u2013 \u0160t\u0101ba bataljon\u0101 un Gaisa sp\u0113kos Lielv\u0101rd\u0113.<\/p>\n<p>\u201cEs dom\u0101ju nekas traks \u0161eit neb\u016bs, un viss izdosies. Ieg\u016bt jaunas prasmes, ieg\u016bt discipl\u012bnu,\u201d saka 20 gadus vecais r\u012bdzinieks Hugo.<\/p>\n<p class=\"ad-desc ad-desc-main\">Saturs turpin\u0101s p\u0113c rekl\u0101mas<\/p>\n<p class=\"ad-desc ad-desc-sec\">Rekl\u0101ma<\/p>\n<p>\u0160t\u0101ba bataljon\u0101 jaunie karav\u012bri var specializ\u0113ties, piem\u0113ram, sakaru, medic\u012bnas vai transporta jom\u0101, savuk\u0101rt, Gaisa sp\u0113kos vi\u0146i iesaist\u012bsies Pretgaisa aizsardz\u012bbas diviziona ikdienas uzdevumos.<\/p>\n<p>\u201cEs nevar\u0113ju izdom\u0101t, kur t\u0101l\u0101k doties m\u0101c\u012bties, un \u0161\u012b ir br\u012bni\u0161\u0137\u012bga iesp\u0113ja, t\u0101 teikt, pavilkt gadu uz priek\u0161u un armij\u0101 ieg\u016bt papildus pieredzi. Es zinu, ka var\u0113tu b\u016bt probl\u0113mas ar discipl\u012bnu, j\u0101sadraudz\u0113jas ir ar\u012b ar p\u0101r\u0113jiem armijniekiem, var\u0113tu b\u016bt diezgan pasmagi. V\u0113l\u0113tos izprast tehnolo\u0123ijas, es pats esmu izm\u0101c\u012bjies k\u0101 datorsist\u0113mu tehni\u0137is, un man pat\u012bk \u0146emties ar vis\u0101d\u0101m tehnolo\u0123ij\u0101m un elektroniku,\u201d saka r\u012bdzinieks Haralds.<\/p>\n<p>Priek\u0161\u0101 b\u016bs gan fiziski, gan emocion\u0101li p\u0101rbaud\u012bjumi, ta\u010du vienlaikus \u0161is ir laiks, kur\u0101 jaunie\u0161i apg\u016bst komandas darbu, discipl\u012bnu un prasmes, kas noder\u0113s ne tikai dienest\u0101, bet ar\u012b turpm\u0101kaj\u0101 dz\u012bv\u0113, pau\u017e NBS \u0160t\u0101ba bataljona komandiere Anto\u0146ina B\u013codone.<\/p>\n<blockquote class=\"skaties-quote\">\n<p>Anto\u0146ina B\u013codone<\/p>\n<p>pulkvede, NBS \u0160t\u0101ba bataljona komandiere<\/p>\n<p>\u201cSvar\u012bg\u0101kais \u2013 vi\u0146i iepaz\u012bs un ieg\u016bs t\u0101s zin\u0101\u0161anas, kas ir noder\u012bgas valsts aizsardz\u012bbai. Protams, vi\u0146i b\u016bs gatavi, vi\u0146i b\u016bs pa\u0161i mor\u0101li tam sagatavoti un fiziski. Un gad\u012bjum\u0101, ja kas, m\u0113s neviens negribam \u0161o gad\u012bjumu \u2013 tas ir svar\u012bgi, bet vi\u0146i b\u016bs gatavi, tas ir svar\u012bg\u0101kais \u2013 vi\u0146i stiprin\u0101s m\u016bsu Latviju.\u201d<\/p>\n<\/blockquote>\n<p>Tikm\u0113r Nacion\u0101lie bru\u0146otie sp\u0113ki atg\u0101dina \u2013 jaunie\u0161iem tie\u0161i \u0161odien v\u0113l ir p\u0113d\u0113j\u0101 iesp\u0113ja br\u012bvpr\u0101t\u012bgi pieteikties n\u0101kamajam valsts aizsardz\u012bbas dienestam, kas s\u0101ksies \u0161\u012b gada j\u016blij\u0101.<\/p>\n<p class=\"tv3-fw-500\">Zi\u0146o par k\u013c\u016bdu rakst\u0101<\/p>\n<p class=\"d-md-block d-none\">Iez\u012bm\u0113 k\u013c\u016bdaino tekstu un spied Ctrl+Enter.<\/p>\n<p class=\"d-md-none d-block\">Iez\u012bm\u0113 k\u013c\u016bdaino tekstu un zi\u0146o par to!<\/p>\n","protected":false},"excerpt":{"rendered":"Juris Filips V\u012btols jauniesauktais karav\u012brs \u201cC\u0113los mazliet pacil\u0101ts, mazliet noguris, bet galvenok\u0101rt pacil\u0101ts. Tagad gribas teikt, ka man&hellip;\n","protected":false},"author":2,"featured_media":104684,"comment_status":"","ping_status":"","sticky":false,"template":"","format":"standard","meta":{"footnotes":""},"categories":[17],"tags":[25151,35,39,38,36,37,34,40,67],"class_list":{"0":"post-104683","1":"post","2":"type-post","3":"status-publish","4":"format-standard","5":"has-post-thumbnail","7":"category-sports","8":"tag-aizsardzibas-ministrijanacionalie-brunotie-spekitv3-zinasvalsts-aizsardzibas-dienests","9":"tag-latvia","10":"tag-latvian","11":"tag-latviesu","12":"tag-latviesu-valoda","13":"tag-latviesuvaloda","14":"tag-latvija","15":"tag-lv","16":"tag-sports"},"share_on_mastodon":{"url":"https:\/\/pubeurope.com\/@lv\/115894883686834162","error":""},"_links":{"self":[{"href":"https:\/\/www.europesays.com\/lv\/wp-json\/wp\/v2\/posts\/104683","targetHints":{"allow":["GET"]}}],"collection":[{"href":"https:\/\/www.europesays.com\/lv\/wp-json\/wp\/v2\/posts"}],"about":[{"href":"https:\/\/www.europesays.com\/lv\/wp-json\/wp\/v2\/types\/post"}],"author":[{"embeddable":true,"href":"https:\/\/www.europesays.com\/lv\/wp-json\/wp\/v2\/users\/2"}],"replies":[{"embeddable":true,"href":"https:\/\/www.europesays.com\/lv\/wp-json\/wp\/v2\/comments?post=104683"}],"version-history":[{"count":0,"href":"https:\/\/www.europesays.com\/lv\/wp-json\/wp\/v2\/posts\/104683\/revisions"}],"wp:featuredmedia":[{"embeddable":true,"href":"https:\/\/www.europesays.com\/lv\/wp-json\/wp\/v2\/media\/104684"}],"wp:attachment":[{"href":"https:\/\/www.europesays.com\/lv\/wp-json\/wp\/v2\/media?parent=104683"}],"wp:term":[{"taxonomy":"category","embeddable":true,"href":"https:\/\/www.europesays.com\/lv\/wp-json\/wp\/v2\/categories?post=104683"},{"taxonomy":"post_tag","embeddable":true,"href":"https:\/\/www.europesays.com\/lv\/wp-json\/wp\/v2\/tags?post=104683"}],"curies":[{"name":"wp","href":"https:\/\/api.w.org\/{rel}","templated":true}]}}