{"id":104688,"date":"2026-01-14T18:34:11","date_gmt":"2026-01-14T18:34:11","guid":{"rendered":"https:\/\/www.europesays.com\/lv\/104688\/"},"modified":"2026-01-14T18:34:11","modified_gmt":"2026-01-14T18:34:11","slug":"ar-sadu-auto-talak-nebrauksiet-reida-laika-diviem-spekratiem-nonem-numurzimes-vairakiem-anule-apskati","status":"publish","type":"post","link":"https:\/\/www.europesays.com\/lv\/104688\/","title":{"rendered":"Ar \u0161\u0101du auto t\u0101l\u0101k nebrauksiet! Reida laik\u0101 diviem sp\u0113kratiem no\u0146em numurz\u012bmes, vair\u0101kiem anul\u0113 apskati"},"content":{"rendered":"<p>Pirmdien veikts satiksmes uzraudz\u012bbas reids Aizkraukl\u0113, Ener\u0123\u0113ti\u0137u un Gaismas iel\u0101. Reida laik\u0101 tika p\u0101rbaud\u012bti 311 transportl\u012bdzek\u013ci. Kopum\u0101 konstat\u0113ti 15 da\u017e\u0101di p\u0101rk\u0101pumi, taj\u0101 skait\u0101 devi\u0146i transportl\u012bdzek\u013ci bija apr\u012bkoti ar neatbilsto\u0161\u0101m riep\u0101m. Devi\u0146iem transportl\u012bdzek\u013ciem tika anul\u0113tas tehnisk\u0101s apskates. Otrdien policijas un CSDD notika J\u0113kabpil\u012b, p\u0101rbaudot 263 transportl\u012bdzek\u013cus.<\/p>\n","protected":false},"excerpt":{"rendered":"Pirmdien veikts satiksmes uzraudz\u012bbas reids Aizkraukl\u0113, Ener\u0123\u0113ti\u0137u un Gaismas iel\u0101. Reida laik\u0101 tika p\u0101rbaud\u012bti 311 transportl\u012bdzek\u013ci. Kopum\u0101 konstat\u0113ti&hellip;\n","protected":false},"author":2,"featured_media":104689,"comment_status":"","ping_status":"","sticky":false,"template":"","format":"standard","meta":{"footnotes":""},"categories":[12],"tags":[23,28,29,32,33,22,30,31,35,39,38,36,37,34,40,20,26,27,24,25,21],"class_list":{"0":"post-104688","1":"post","2":"type-post","3":"status-publish","4":"format-standard","5":"has-post-thumbnail","7":"category-latvija","8":"tag-aktualitates","9":"tag-breaking-news","10":"tag-breakingnews","11":"tag-featured-news","12":"tag-featurednews","13":"tag-headlines","14":"tag-latest-news","15":"tag-latestnews","16":"tag-latvia","17":"tag-latvian","18":"tag-latviesu","19":"tag-latviesu-valoda","20":"tag-latviesuvaloda","21":"tag-latvija","22":"tag-lv","23":"tag-news","24":"tag-popularakas-zinas","25":"tag-popularakaszinas","26":"tag-top-stories","27":"tag-topstories","28":"tag-zinas"},"share_on_mastodon":{"url":"https:\/\/pubeurope.com\/@lv\/115894895452832066","error":""},"_links":{"self":[{"href":"https:\/\/www.europesays.com\/lv\/wp-json\/wp\/v2\/posts\/104688","targetHints":{"allow":["GET"]}}],"collection":[{"href":"https:\/\/www.europesays.com\/lv\/wp-json\/wp\/v2\/posts"}],"about":[{"href":"https:\/\/www.europesays.com\/lv\/wp-json\/wp\/v2\/types\/post"}],"author":[{"embeddable":true,"href":"https:\/\/www.europesays.com\/lv\/wp-json\/wp\/v2\/users\/2"}],"replies":[{"embeddable":true,"href":"https:\/\/www.europesays.com\/lv\/wp-json\/wp\/v2\/comments?post=104688"}],"version-history":[{"count":0,"href":"https:\/\/www.europesays.com\/lv\/wp-json\/wp\/v2\/posts\/104688\/revisions"}],"wp:featuredmedia":[{"embeddable":true,"href":"https:\/\/www.europesays.com\/lv\/wp-json\/wp\/v2\/media\/104689"}],"wp:attachment":[{"href":"https:\/\/www.europesays.com\/lv\/wp-json\/wp\/v2\/media?parent=104688"}],"wp:term":[{"taxonomy":"category","embeddable":true,"href":"https:\/\/www.europesays.com\/lv\/wp-json\/wp\/v2\/categories?post=104688"},{"taxonomy":"post_tag","embeddable":true,"href":"https:\/\/www.europesays.com\/lv\/wp-json\/wp\/v2\/tags?post=104688"}],"curies":[{"name":"wp","href":"https:\/\/api.w.org\/{rel}","templated":true}]}}