{"id":104694,"date":"2026-01-14T18:44:09","date_gmt":"2026-01-14T18:44:09","guid":{"rendered":"https:\/\/www.europesays.com\/lv\/104694\/"},"modified":"2026-01-14T18:44:09","modified_gmt":"2026-01-14T18:44:09","slug":"haotiskais-2026-gada-sakums-zelta-cenu-uzsviedis-kosmosa","status":"publish","type":"post","link":"https:\/\/www.europesays.com\/lv\/104694\/","title":{"rendered":"Haotiskais 2026. gada s\u0101kums zelta cenu &#8220;uzsviedis kosmos\u0101&#8221;"},"content":{"rendered":"<p data-end=\"569\" data-start=\"23\">Sudrabs sekojis l\u012bdz\u012bgai tendencei, tre\u0161dien pieaugot par vair\u0101k nek\u0101 6% un p\u0101rsniedzot 78 eiro par unci, savuk\u0101rt kop\u0161 gada s\u0101kuma t\u0101 v\u0113rt\u012bba k\u0101pusi jau par 29%. D\u0101rgmet\u0101lu cenu k\u0101pums notiek uz haotiska 2026. gada fona, ko iez\u012bm\u0113 ASV milit\u0101r\u0101s darb\u012bbas Venecu\u0113l\u0101, nemierus un ASV prezidenta Donalda Trampa draudus Ir\u0101nai un pieaugo\u0161o spriedzi finan\u0161u sektor\u0101.<\/p>\n","protected":false},"excerpt":{"rendered":"Sudrabs sekojis l\u012bdz\u012bgai tendencei, tre\u0161dien pieaugot par vair\u0101k nek\u0101 6% un p\u0101rsniedzot 78 eiro par unci, savuk\u0101rt kop\u0161&hellip;\n","protected":false},"author":2,"featured_media":104695,"comment_status":"","ping_status":"","sticky":false,"template":"","format":"standard","meta":{"footnotes":""},"categories":[16],"tags":[77,76,35,39,38,36,37,34,40],"class_list":{"0":"post-104694","1":"post","2":"type-post","3":"status-publish","4":"format-standard","5":"has-post-thumbnail","7":"category-bizness","8":"tag-bizness","9":"tag-business","10":"tag-latvia","11":"tag-latvian","12":"tag-latviesu","13":"tag-latviesu-valoda","14":"tag-latviesuvaloda","15":"tag-latvija","16":"tag-lv"},"share_on_mastodon":{"url":"https:\/\/pubeurope.com\/@lv\/115894934783800274","error":""},"_links":{"self":[{"href":"https:\/\/www.europesays.com\/lv\/wp-json\/wp\/v2\/posts\/104694","targetHints":{"allow":["GET"]}}],"collection":[{"href":"https:\/\/www.europesays.com\/lv\/wp-json\/wp\/v2\/posts"}],"about":[{"href":"https:\/\/www.europesays.com\/lv\/wp-json\/wp\/v2\/types\/post"}],"author":[{"embeddable":true,"href":"https:\/\/www.europesays.com\/lv\/wp-json\/wp\/v2\/users\/2"}],"replies":[{"embeddable":true,"href":"https:\/\/www.europesays.com\/lv\/wp-json\/wp\/v2\/comments?post=104694"}],"version-history":[{"count":0,"href":"https:\/\/www.europesays.com\/lv\/wp-json\/wp\/v2\/posts\/104694\/revisions"}],"wp:featuredmedia":[{"embeddable":true,"href":"https:\/\/www.europesays.com\/lv\/wp-json\/wp\/v2\/media\/104695"}],"wp:attachment":[{"href":"https:\/\/www.europesays.com\/lv\/wp-json\/wp\/v2\/media?parent=104694"}],"wp:term":[{"taxonomy":"category","embeddable":true,"href":"https:\/\/www.europesays.com\/lv\/wp-json\/wp\/v2\/categories?post=104694"},{"taxonomy":"post_tag","embeddable":true,"href":"https:\/\/www.europesays.com\/lv\/wp-json\/wp\/v2\/tags?post=104694"}],"curies":[{"name":"wp","href":"https:\/\/api.w.org\/{rel}","templated":true}]}}