{"id":104698,"date":"2026-01-14T18:47:07","date_gmt":"2026-01-14T18:47:07","guid":{"rendered":"https:\/\/www.europesays.com\/lv\/104698\/"},"modified":"2026-01-14T18:47:07","modified_gmt":"2026-01-14T18:47:07","slug":"artura-mamma-indra-ludz-palidzibu","status":"publish","type":"post","link":"https:\/\/www.europesays.com\/lv\/104698\/","title":{"rendered":"Artura mamma Indra l\u016bdz pal\u012bdz\u012bbu"},"content":{"rendered":"<p class=\"descr\">&#8220;Man vairs nav kur v\u0113rsties. Esmu zvan\u012bjusi bijusi pie soci\u0101lajiem darbiniekiem&#8230;pal\u012bdz\u0113ja, bet viss apst\u0101j\u0101s ilg\u0101s gaid\u012b\u0161anas d\u0113\u013c&#8230; Bija atrasta Arturam grupu m\u0101ja, m\u0113s tai datum\u0101 jau gatavi bij\u0101m braukt,bet mums pazi\u0146oja ka v\u0113l tom\u0113r n\u0113..un tad Art\u016brs sabruka,&#8221; soci\u0101laj\u0101 vietne &#8220;Facebook&#8221; raksta Artura mamma Indra.<\/p>\n<p>Art\u016brs ir 22 gadus vecs jaunietis, 2 grupas inval\u012bds.<\/p>\n<p>&#8220;Varb\u016bt ir k\u0101da iest\u0101de, kas var pal\u012bdz\u0113t Arturam notic\u0113t pa\u0161am sev un b\u016bt l\u012bdz\u0101s cilv\u0113kiem, kas iedro\u0161ina&#8230; M\u0113s abi esam noguru\u0161i&#8230; Esmu v\u0113rsusies pie labdar\u012bbas iest\u0101d\u0113m, bet visi tikai iesaka citu variantu. Esmu zvan\u012bjusi ar\u012b uz Kr\u012bzes centru, kur ieteica man pa\u0161ai doties pie psihologa. Var jau b\u016bt&#8230;Bet piedz\u012bvojot to visu, kas bija vesel\u012bba var sa\u0161\u0137ob\u012bties&#8230;Ja nu ir k\u0101da re\u0101la pal\u012bdz\u012bba, l\u016bdzu uzrakstiet man&#8230;&#8221; raksta Artura mamma. Ar vi\u0146u var sazin\u0101ties ar &#8220;Facebook&#8221; starpniec\u012bbu.<\/p>\n<p>\t\t\t\t\t\tinfo<\/p>\n<p>Uzzini pirmais<br \/>kas interesants noticis Latvij\u0101 un pasaul\u0113,<br \/>pievienojoties mums <a href=\"https:\/\/t.me\/neatkariga\" rel=\"nofollow\">Telegram<\/a> vai <a href=\"https:\/\/whatsapp.com\/channel\/0029VaMLFUH5K3zLU5s4wm3y\" rel=\"nofollow noopener\" target=\"_blank\">Whatsapp<\/a> kan\u0101l\u0101<\/p>\n","protected":false},"excerpt":{"rendered":"&#8220;Man vairs nav kur v\u0113rsties. Esmu zvan\u012bjusi bijusi pie soci\u0101lajiem darbiniekiem&#8230;pal\u012bdz\u0113ja, bet viss apst\u0101j\u0101s ilg\u0101s gaid\u012b\u0161anas d\u0113\u013c&#8230; Bija&hellip;\n","protected":false},"author":2,"featured_media":104699,"comment_status":"","ping_status":"","sticky":false,"template":"","format":"standard","meta":{"footnotes":""},"categories":[5],"tags":[23,28,29,32,33,22,30,31,35,39,38,36,37,34,40,20,26,27,24,25,21],"class_list":{"0":"post-104698","1":"post","2":"type-post","3":"status-publish","4":"format-standard","5":"has-post-thumbnail","7":"category-aktualitates","8":"tag-aktualitates","9":"tag-breaking-news","10":"tag-breakingnews","11":"tag-featured-news","12":"tag-featurednews","13":"tag-headlines","14":"tag-latest-news","15":"tag-latestnews","16":"tag-latvia","17":"tag-latvian","18":"tag-latviesu","19":"tag-latviesu-valoda","20":"tag-latviesuvaloda","21":"tag-latvija","22":"tag-lv","23":"tag-news","24":"tag-popularakas-zinas","25":"tag-popularakaszinas","26":"tag-top-stories","27":"tag-topstories","28":"tag-zinas"},"share_on_mastodon":{"url":"https:\/\/pubeurope.com\/@lv\/115894946511408596","error":""},"_links":{"self":[{"href":"https:\/\/www.europesays.com\/lv\/wp-json\/wp\/v2\/posts\/104698","targetHints":{"allow":["GET"]}}],"collection":[{"href":"https:\/\/www.europesays.com\/lv\/wp-json\/wp\/v2\/posts"}],"about":[{"href":"https:\/\/www.europesays.com\/lv\/wp-json\/wp\/v2\/types\/post"}],"author":[{"embeddable":true,"href":"https:\/\/www.europesays.com\/lv\/wp-json\/wp\/v2\/users\/2"}],"replies":[{"embeddable":true,"href":"https:\/\/www.europesays.com\/lv\/wp-json\/wp\/v2\/comments?post=104698"}],"version-history":[{"count":0,"href":"https:\/\/www.europesays.com\/lv\/wp-json\/wp\/v2\/posts\/104698\/revisions"}],"wp:featuredmedia":[{"embeddable":true,"href":"https:\/\/www.europesays.com\/lv\/wp-json\/wp\/v2\/media\/104699"}],"wp:attachment":[{"href":"https:\/\/www.europesays.com\/lv\/wp-json\/wp\/v2\/media?parent=104698"}],"wp:term":[{"taxonomy":"category","embeddable":true,"href":"https:\/\/www.europesays.com\/lv\/wp-json\/wp\/v2\/categories?post=104698"},{"taxonomy":"post_tag","embeddable":true,"href":"https:\/\/www.europesays.com\/lv\/wp-json\/wp\/v2\/tags?post=104698"}],"curies":[{"name":"wp","href":"https:\/\/api.w.org\/{rel}","templated":true}]}}