{"id":104700,"date":"2026-01-14T18:53:07","date_gmt":"2026-01-14T18:53:07","guid":{"rendered":"https:\/\/www.europesays.com\/lv\/104700\/"},"modified":"2026-01-14T18:53:07","modified_gmt":"2026-01-14T18:53:07","slug":"riga-notiks-latvijas-un-polijas-aizsardzibas-industrijas-diena","status":"publish","type":"post","link":"https:\/\/www.europesays.com\/lv\/104700\/","title":{"rendered":"R\u012bg\u0101 notiks Latvijas un Polijas aizsardz\u012bbas industrijas diena"},"content":{"rendered":"<p class=\"text-align-justify\">Tre\u0161dien, 14. janv\u0101r\u012b, R\u012bg\u0101 aizsardz\u012bbas ministrs Andris Spr\u016bds piedal\u012bsies Latvijas un Polijas strat\u0113\u0123isk\u0101s aizsardz\u012bbas sadarb\u012bbas dien\u0101, kas velt\u012bta abu valstu divpus\u0113j\u0101s sadarb\u012bbas stiprin\u0101\u0161anai aizsardz\u012bbas jom\u0101.<\/p>\n<p class=\"text-align-justify\">\u201cLatvijas un Polijas sadarb\u012bba aizsardz\u012bbas jom\u0101 \u0161obr\u012bd ir \u012bpa\u0161i noz\u012bm\u012bga. K\u0101 NATO valst\u012bm ar kop\u012bgu kaimi\u0146u pie austrumu robe\u017eas mums ir vienota izpratne par dro\u0161\u012bbas izaicin\u0101jumiem un nepiecie\u0161am\u012bbu stiprin\u0101t gan milit\u0101r\u0101s sp\u0113jas, gan aizsardz\u012bbas industrijas sadarb\u012bbu. \u0160\u0101da form\u0101ta pas\u0101kumi veicina praktisku sadarb\u012bbu, zin\u0101\u0161anu apmai\u0146u un ilgtermi\u0146a partner\u012bbas, kas ir b\u016btiskas re\u0123ion\u0101l\u0101s dro\u0161\u012bbas stiprin\u0101\u0161anai,\u201d uzsver A. Spr\u016bds.<\/p>\n<p class=\"text-align-justify\">Pas\u0101kums iez\u012bm\u0113 abu valstu ap\u0146\u0113m\u012bbu cie\u0161\u0101k sadarboties aizsardz\u012bbas industrijas jom\u0101, un tas pulc\u0113s politikas veidot\u0101jus, aizsardz\u012bbas industrijas p\u0101rst\u0101vjus, akad\u0113misk\u0101s vides ekspertus un strat\u0113\u0123iskos parterus no Latvijas un Polijas, lai padzi\u013cin\u0101t\u0101s diskusij\u0101s analiz\u0113tu re\u0123ion\u0101l\u0101s dro\u0161\u012bbas izaicin\u0101jumus, industri\u0101l\u0101s sadarb\u012bbas potenci\u0101lu un Latvijas-Polijas partner\u012bbas noz\u012bmi kolekt\u012bv\u0101s aizsardz\u012bbas stiprin\u0101\u0161an\u0101.<\/p>\n<p class=\"text-align-justify\">Programmas ietvaros paredz\u0113tas prezent\u0101cijas un diskusijas par aktu\u0101l\u0101m aizsardz\u012bbas priorit\u0101t\u0113m, pl\u0101notajiem iepirkumu un att\u012bst\u012bbas virzieniem, k\u0101 ar\u012b iesp\u0113ja Latvijas un Polijas uz\u0146\u0113mumiem iepaz\u012bstin\u0101t ar saviem produktiem, pakalpojumiem un potenci\u0101lajiem sadarb\u012bbas projektiem.<\/p>\n<p class=\"text-align-justify\">Inform\u0101ciju sagatavoja:\u00a0<br \/>AM Milit\u0101ri publisko attiec\u012bbu departamenta<br \/>Preses noda\u013ca<br \/>T\u0101lrunis: 67335129<br \/>E-pasts: <a href=\"https:\/\/www.mod.gov.lv\/lv\/zinas\/mailto:prese@mod.gov.lv\" rel=\"nofollow noopener\" target=\"_blank\">prese@mod.gov.lv<\/a><\/p>\n","protected":false},"excerpt":{"rendered":"Tre\u0161dien, 14. janv\u0101r\u012b, R\u012bg\u0101 aizsardz\u012bbas ministrs Andris Spr\u016bds piedal\u012bsies Latvijas un Polijas strat\u0113\u0123isk\u0101s aizsardz\u012bbas sadarb\u012bbas dien\u0101, kas velt\u012bta&hellip;\n","protected":false},"author":2,"featured_media":103102,"comment_status":"","ping_status":"","sticky":false,"template":"","format":"standard","meta":{"footnotes":""},"categories":[5],"tags":[23,28,29,32,33,22,30,31,35,39,38,36,37,34,40,20,26,27,24,25,21],"class_list":{"0":"post-104700","1":"post","2":"type-post","3":"status-publish","4":"format-standard","5":"has-post-thumbnail","7":"category-aktualitates","8":"tag-aktualitates","9":"tag-breaking-news","10":"tag-breakingnews","11":"tag-featured-news","12":"tag-featurednews","13":"tag-headlines","14":"tag-latest-news","15":"tag-latestnews","16":"tag-latvia","17":"tag-latvian","18":"tag-latviesu","19":"tag-latviesu-valoda","20":"tag-latviesuvaloda","21":"tag-latvija","22":"tag-lv","23":"tag-news","24":"tag-popularakas-zinas","25":"tag-popularakaszinas","26":"tag-top-stories","27":"tag-topstories","28":"tag-zinas"},"share_on_mastodon":{"url":"https:\/\/pubeurope.com\/@lv\/115894970269435951","error":""},"_links":{"self":[{"href":"https:\/\/www.europesays.com\/lv\/wp-json\/wp\/v2\/posts\/104700","targetHints":{"allow":["GET"]}}],"collection":[{"href":"https:\/\/www.europesays.com\/lv\/wp-json\/wp\/v2\/posts"}],"about":[{"href":"https:\/\/www.europesays.com\/lv\/wp-json\/wp\/v2\/types\/post"}],"author":[{"embeddable":true,"href":"https:\/\/www.europesays.com\/lv\/wp-json\/wp\/v2\/users\/2"}],"replies":[{"embeddable":true,"href":"https:\/\/www.europesays.com\/lv\/wp-json\/wp\/v2\/comments?post=104700"}],"version-history":[{"count":0,"href":"https:\/\/www.europesays.com\/lv\/wp-json\/wp\/v2\/posts\/104700\/revisions"}],"wp:featuredmedia":[{"embeddable":true,"href":"https:\/\/www.europesays.com\/lv\/wp-json\/wp\/v2\/media\/103102"}],"wp:attachment":[{"href":"https:\/\/www.europesays.com\/lv\/wp-json\/wp\/v2\/media?parent=104700"}],"wp:term":[{"taxonomy":"category","embeddable":true,"href":"https:\/\/www.europesays.com\/lv\/wp-json\/wp\/v2\/categories?post=104700"},{"taxonomy":"post_tag","embeddable":true,"href":"https:\/\/www.europesays.com\/lv\/wp-json\/wp\/v2\/tags?post=104700"}],"curies":[{"name":"wp","href":"https:\/\/api.w.org\/{rel}","templated":true}]}}