{"id":104707,"date":"2026-01-14T18:58:06","date_gmt":"2026-01-14T18:58:06","guid":{"rendered":"https:\/\/www.europesays.com\/lv\/104707\/"},"modified":"2026-01-14T18:58:06","modified_gmt":"2026-01-14T18:58:06","slug":"as-saf-tehnika-izstradajusi-radio-signalu-traucesanas-iekartas-prototipu-2","status":"publish","type":"post","link":"https:\/\/www.europesays.com\/lv\/104707\/","title":{"rendered":"AS \u201cSAF Tehnika\u201d izstr\u0101d\u0101jusi radio sign\u0101lu trauc\u0113\u0161anas iek\u0101rtas prototipu"},"content":{"rendered":"<p class=\"text-align-justify\">Tre\u0161dien, 14. janv\u0101r\u012b, aizsardz\u012bbas ministrs Andris Spr\u016bds apmekl\u0113ja AS \u201cSAF Tehnika\u201d, kur tika demonstr\u0113ts uz\u0146\u0113muma izstr\u0101d\u0101tais elektronisk\u0101s karadarb\u012bbas ier\u012bces prototips \u2013 radio sign\u0101lu trauc\u0113\u0161anas iek\u0101rta, kas sp\u0113j trauc\u0113t vai blo\u0137\u0113t dronu izmantotos radiosakarus, izstarojot sp\u0113c\u012bgu sign\u0101lu noteikt\u0101s frekvenc\u0113s.\u00a0<\/p>\n<p class=\"text-align-justify\">\u201cUkrainas pieredze r\u0101da, ka jaut\u0101jums vairs nav par to, vai var tikt izmantoti droni, bet gan, k\u0101 m\u0113s varam aizsarg\u0101ties un mazin\u0101t bezpilota lidapar\u0101tu rad\u012btos draudus. Uz\u0146\u0113muma izstr\u0101d\u0101tais prototips ir v\u0113l viens m\u016bsu m\u0113r\u0137tiec\u012bg\u0101s sadarb\u012bbas ar aizsardz\u012bbas industriju rezult\u0101ts, un tas, efekt\u012bvi un kontrol\u0113ti trauc\u0113jot dronu sakarus, paredz svar\u012bgu infrastrukt\u016bras objektu aizsardz\u012bbu no bezpilota lidapar\u0101tu draudiem,\u201d uzsver aizsardz\u012bbas ministrs A. Spr\u016bds.\u00a0<\/p>\n<p class=\"text-align-justify\">Bezpilota lidapar\u0101ti bie\u017ei izmanto gan radiosakarus sazi\u0146ai ar operatoru, gan glob\u0101l\u0101s navig\u0101cijas satel\u012btu sist\u0113mas, lai orient\u0113tos telp\u0101 un prec\u012bzi p\u0101rvietotos. Trauc\u0113jot \u0161os sign\u0101lus, drons zaud\u0113 vad\u012bbu, vairs nesp\u0113j noteikt savu atra\u0161an\u0101s vietu un paveikt misiju.<br \/>Izstr\u0101d\u0101tais radio sign\u0101lu trauc\u0113\u0161anas iek\u0101rtas prototips un t\u0101 demonstr\u0113jums tika organiz\u0113ts Aizsardz\u012bbas ministrijas un uz\u0146\u0113muma \u201cSAF Tehnika\u201d nosl\u0113gt\u0101 p\u0113tniec\u012bbas un izstr\u0101des l\u012bguma \u201cPar bezpilota lidapar\u0101tu pretdarb\u012bbas risin\u0101jumu izveidi\u201d ietvaros.\u00a0<\/p>\n<p class=\"text-align-justify\">K\u0101 zi\u0146ots, Aizsardz\u012bbas ministrija 2025. gada mart\u0101 zi\u0146oja par nosl\u0113gtiem tr\u012bs p\u0113tniec\u012bbas un izstr\u0101des (Research and Development, R&amp;D) l\u012bgumiem bezpilota lidapar\u0101tu pretdarb\u012bbas att\u012bst\u012bbai, turpinot m\u0113r\u0137tiec\u012bgu nacion\u0101lo kompeten\u010du un Nacion\u0101lo bru\u0146oto sp\u0113ku sp\u0113ju stiprin\u0101\u0161anu \u0161aj\u0101 jom\u0101. P\u0113tniec\u012bbas un izstr\u0101des l\u012bgumi pretdronu risin\u0101jumu att\u012bst\u012bbai nosl\u0113gti ar uz\u0146\u0113mumiem \u201cOrigin Robotics\u201d, \u201cSAF Tehnika\u201d un \u201cFrankenburg Technologies\u201d. Da\u017eus m\u0113ne\u0161us v\u0113l\u0101k l\u012bdz\u012bgs l\u012bgums tika nosl\u0113gts ar\u012b ar uz\u0146\u0113mumu \u201cWeMPS\u201d.<\/p>\n<p class=\"text-align-justify\">\u0160ajos p\u0113tniec\u012bbas un izstr\u0101des l\u012bgumos autom\u0101tiski tiek paredz\u0113ta iesp\u0113ja papildu partneru \u2013 uz\u0146\u0113mumu, p\u0113tniec\u012bbas iest\u0101\u017eu, NATO vai ES dal\u012bbvalstu, atbilsto\u0161u starptautisko organiz\u0101ciju, k\u0101 ar\u012b tiem pieejam\u0101 l\u012bdzfinans\u0113juma avotu vai cita veida resursu \u2013 operat\u012bvai iesaistei.<\/p>\n<p class=\"text-align-justify\">Projektu realiz\u0101cij\u0101 iev\u0113rots l\u012bdzfinans\u0113juma princips \u2013 izstr\u0101di ap\u0146emas kop\u012bgi finans\u0113t gan Aizsardz\u012bbas ministrija, gan iesaist\u012btie uz\u0146\u0113mumi. Vid\u0113j\u0101 invest\u012bciju proporcija \u0161\u0101dos projektos tiek pl\u0101nota 65\/35 sadal\u012bjuma robe\u017e\u0101s, kur aptuveni 65% iegulda aizsardz\u012bbas nozare, bet 35% \u2013 s\u0101kotn\u0113jie industrijas partneri.<\/p>\n<p class=\"text-align-justify\">Papla\u0161inoties projektu izpild\u0113 iesaist\u012bto partneru vai projekta uzdevumu kl\u0101stam, iepriek\u0161min\u0113t\u0101 proporcija var\u0113tu main\u012bties, potenci\u0101li samazinot aizsardz\u012bbas nozares kop\u0113jo invest\u012bciju \u012bpatsvaru.<\/p>\n<p class=\"text-align-justify\">Pl\u0101nots, ka kop\u0113j\u0101s sagaid\u0101m\u0101s invest\u012bcijas projektu realiz\u0113\u0161anai var\u0113tu veidot l\u012bdz desmit miljoniem eiro, ko veido gan Aizsardz\u012bbas ministrijas finans\u0113jums, gan komersantu piesaist\u012btie l\u012bdzek\u013ci. Kop\u0113jais piesaist\u012bto invest\u012bciju apjoms projektu realiz\u0101cijas laik\u0101 v\u0113l var\u0113tu palielin\u0101ties, \u0146emot v\u0113r\u0101 l\u012bgumos iestr\u0101d\u0101t\u0101s iesp\u0113jas tre\u0161o pu\u0161u potenci\u0101lai integr\u0101cijai.<\/p>\n<p class=\"text-align-justify\">Projektu iesp\u0113jami \u0101tr\u0101kai un dro\u0161\u0101kai realiz\u0101cijai tiek piem\u0113rots Aizsardz\u012bbas industrijas likuma regul\u0113jums attiec\u012bb\u0101 uz \u012bpa\u0161i milit\u0101r\u0101m vajadz\u012bb\u0101m izstr\u0101d\u0101tu produktu vai to prototipu test\u0113\u0161anu, izmantojot Aizsardz\u012bbas ministrijas vald\u012bjum\u0101 eso\u0161us specializ\u0113tus produktus, preces vai infrastrukt\u016bru.<\/p>\n<p class=\"text-align-justify\">Aizsardz\u012bbas ministrija patur ties\u012bbas uz neierobe\u017eotu projekt\u0101 rad\u012bto rezult\u0101tu izmanto\u0161anu sav\u0101m vajadz\u012bb\u0101m. Vienlaikus sadarb\u012bbas partneriem netiek liegta iesp\u0113ja rad\u012bt\u0101s tehnolo\u0123ijas un uz to pamata izgatavoto produkciju pied\u0101v\u0101t citu valstu bru\u0146otajiem sp\u0113kiem.<\/p>\n<p class=\"text-align-justify\">\u0160\u0101da sadarb\u012bbas form\u0101ta att\u012bst\u012bba tiks turpin\u0101ta ar\u012b n\u0101kotn\u0113, regul\u0101ri izv\u0113rt\u0113jot jaunus aizsardz\u012bbas industrijas p\u0113tniec\u012bbas un izstr\u0101des kopprojektu pied\u0101v\u0101jumus gan pretdronu, gan cit\u0101s Nacion\u0101lo bru\u0146oto sp\u0113ju att\u012bst\u012bbai vai Ukrainas atbalstam kritiski svar\u012bg\u0101s tehnolo\u0123iju jom\u0101s.<\/p>\n<p class=\"text-align-justify\">Inform\u0101ciju sagatavoja:\u00a0<br \/>AM Milit\u0101ri publisko attiec\u012bbu departamenta<br \/>Preses noda\u013ca<br \/>T\u0101lrunis: 67335419<br \/>E-pasts: <a href=\"https:\/\/www.mod.gov.lv\/lv\/zinas\/mailto:prese@mod.gov.lv\" rel=\"nofollow noopener\" target=\"_blank\">prese@mod.gov.lv<\/a> \u00a0<\/p>\n","protected":false},"excerpt":{"rendered":"Tre\u0161dien, 14. janv\u0101r\u012b, aizsardz\u012bbas ministrs Andris Spr\u016bds apmekl\u0113ja AS \u201cSAF Tehnika\u201d, kur tika demonstr\u0113ts uz\u0146\u0113muma izstr\u0101d\u0101tais elektronisk\u0101s karadarb\u012bbas&hellip;\n","protected":false},"author":2,"featured_media":104708,"comment_status":"","ping_status":"","sticky":false,"template":"","format":"standard","meta":{"footnotes":""},"categories":[12],"tags":[23,28,29,32,33,22,30,31,35,39,38,36,37,34,40,20,26,27,24,25,21],"class_list":{"0":"post-104707","1":"post","2":"type-post","3":"status-publish","4":"format-standard","5":"has-post-thumbnail","7":"category-latvija","8":"tag-aktualitates","9":"tag-breaking-news","10":"tag-breakingnews","11":"tag-featured-news","12":"tag-featurednews","13":"tag-headlines","14":"tag-latest-news","15":"tag-latestnews","16":"tag-latvia","17":"tag-latvian","18":"tag-latviesu","19":"tag-latviesu-valoda","20":"tag-latviesuvaloda","21":"tag-latvija","22":"tag-lv","23":"tag-news","24":"tag-popularakas-zinas","25":"tag-popularakaszinas","26":"tag-top-stories","27":"tag-topstories","28":"tag-zinas"},"share_on_mastodon":{"url":"https:\/\/pubeurope.com\/@lv\/115894989875442300","error":""},"_links":{"self":[{"href":"https:\/\/www.europesays.com\/lv\/wp-json\/wp\/v2\/posts\/104707","targetHints":{"allow":["GET"]}}],"collection":[{"href":"https:\/\/www.europesays.com\/lv\/wp-json\/wp\/v2\/posts"}],"about":[{"href":"https:\/\/www.europesays.com\/lv\/wp-json\/wp\/v2\/types\/post"}],"author":[{"embeddable":true,"href":"https:\/\/www.europesays.com\/lv\/wp-json\/wp\/v2\/users\/2"}],"replies":[{"embeddable":true,"href":"https:\/\/www.europesays.com\/lv\/wp-json\/wp\/v2\/comments?post=104707"}],"version-history":[{"count":0,"href":"https:\/\/www.europesays.com\/lv\/wp-json\/wp\/v2\/posts\/104707\/revisions"}],"wp:featuredmedia":[{"embeddable":true,"href":"https:\/\/www.europesays.com\/lv\/wp-json\/wp\/v2\/media\/104708"}],"wp:attachment":[{"href":"https:\/\/www.europesays.com\/lv\/wp-json\/wp\/v2\/media?parent=104707"}],"wp:term":[{"taxonomy":"category","embeddable":true,"href":"https:\/\/www.europesays.com\/lv\/wp-json\/wp\/v2\/categories?post=104707"},{"taxonomy":"post_tag","embeddable":true,"href":"https:\/\/www.europesays.com\/lv\/wp-json\/wp\/v2\/tags?post=104707"}],"curies":[{"name":"wp","href":"https:\/\/api.w.org\/{rel}","templated":true}]}}