{"id":10471,"date":"2025-10-02T10:35:08","date_gmt":"2025-10-02T10:35:08","guid":{"rendered":"https:\/\/www.europesays.com\/lv\/10471\/"},"modified":"2025-10-02T10:35:08","modified_gmt":"2025-10-02T10:35:08","slug":"britu-trenerim-piespriesta-vairaku-gadu-diskvalifikacija","status":"publish","type":"post","link":"https:\/\/www.europesays.com\/lv\/10471\/","title":{"rendered":"britu trenerim piespriesta vair\u0101ku gadu diskvalifik\u0101cija"},"content":{"rendered":"<p>Pret Jangu kopum\u0101 tika izvirz\u012btas 39 aps\u016bdz\u012bbas, no kur\u0101m devi\u0146as p\u0113rn septembr\u012b UKA komiteja atzina par piln\u012bb\u0101 vai da\u013c\u0113ji pier\u0101d\u012bt\u0101m. S\u0101kotn\u0113ji trenerim piesprieda piecu gadu diskvalifik\u0101ciju, kas st\u0101j\u0101s sp\u0113k\u0101 ar atpaka\u013cejo\u0161u datumu \u2013 no 2023. gada apr\u012b\u013ca.<\/p>\n<p>P\u0113c apel\u0101cijas jaunais spriedums otrdien sodu samazin\u0101ja l\u012bdz trim gadiem. \u201cTika atz\u012bts, ka septi\u0146i p\u0101rk\u0101pumi ir nopietni, un licences at\u0146em\u0161ana bija nepiecie\u0161ama, lai aizsarg\u0101tu sportistus,\u201d teikts UKA pazi\u0146ojum\u0101. Janga r\u012bc\u012bba tiek raksturota k\u0101 manipul\u0113jo\u0161a un neatbilsto\u0161a.<\/p>\n<p>Viena no smag\u0101kaj\u0101m epizod\u0113m bija gad\u012bjums, kad p\u0113c str\u012bda ar sportistu Jangs t\u012b\u0161i p\u0101rsniedza brauk\u0161anas \u0101trumu un p\u0113c tam izs\u0113din\u0101ja vi\u0146u ce\u013cmal\u0101. Treneri aps\u016bdz\u0113ja ar\u012b par to, ka vi\u0146\u0161 piespiedis sportistus start\u0113t pret\u0113ji fizioterapeitu ieteikumiem, draud\u0113jis vi\u0146us izsl\u0113gt no treni\u0146iem un sacens\u012bb\u0101m, ja vi\u0146i atteiksies.<\/p>\n<p>Papildus tr\u012bs gadu diskvalifik\u0101cijai Jangam pirms atgrie\u0161an\u0101s trenera darb\u0101 b\u016bs j\u0101iziet apm\u0101c\u012bbas par sportistu labkl\u0101j\u012bbu, traumu izpratni un mobinga\/uzm\u0101k\u0161an\u0101s nov\u0113r\u0161anu, zi\u0146o BBC.<\/p>\n<p>Starp paz\u012bstam\u0101kajiem sportistiem, kurus vi\u0146\u0161 tren\u0113jis, ir ar\u012b Laura Muira, kas vi\u0146a vad\u012bb\u0101 Tokijas olimpiskaj\u0101s sp\u0113l\u0113s 2021. gad\u0101 izc\u012bn\u012bja sudraba meda\u013cu.<\/p>\n<p>Ar\u012b 32 gadus vec\u0101 Muira izteikusies par trenera attieksmi. \u201cEsmu nol\u0113musi atteikties no anonimit\u0101tes un apstiprin\u0101t savu iesaisti \u0161aj\u0101 liet\u0101,\u201d vi\u0146a sac\u012bja. \u201cPateicos visiem, kas pal\u012bdz\u0113ja \u0161aj\u0101 proces\u0101, \u2013 tas nebija viegli, bet bija nepiecie\u0161ams.\u201d<\/p>\n<p>Vi\u0146a piebilda: \u201cVieglatl\u0113tika vienm\u0113r ir bijusi mana aizrau\u0161an\u0101s, un ar prieku varu teikt, ka esmu no jauna atkl\u0101jusi m\u012blest\u012bbu pret \u0161o sportu. Tagad koncentr\u0113jos n\u0101kotnei \u2013 gaid\u0101majiem karjeras gadiem, atst\u0101jot \u0161o smago noda\u013cu aiz muguras.\u201d<\/p>\n","protected":false},"excerpt":{"rendered":"Pret Jangu kopum\u0101 tika izvirz\u012btas 39 aps\u016bdz\u012bbas, no kur\u0101m devi\u0146as p\u0113rn septembr\u012b UKA komiteja atzina par piln\u012bb\u0101 vai&hellip;\n","protected":false},"author":2,"featured_media":10472,"comment_status":"","ping_status":"","sticky":false,"template":"","format":"standard","meta":{"footnotes":""},"categories":[17],"tags":[35,39,38,36,37,34,40,3965,67,356],"class_list":{"0":"post-10471","1":"post","2":"type-post","3":"status-publish","4":"format-standard","5":"has-post-thumbnail","7":"category-sports","8":"tag-latvia","9":"tag-latvian","10":"tag-latviesu","11":"tag-latviesu-valoda","12":"tag-latviesuvaloda","13":"tag-latvija","14":"tag-lv","15":"tag-skandali-sporta-pasaule","16":"tag-sports","17":"tag-vieglatletika-pasaule"},"share_on_mastodon":{"url":"","error":""},"_links":{"self":[{"href":"https:\/\/www.europesays.com\/lv\/wp-json\/wp\/v2\/posts\/10471","targetHints":{"allow":["GET"]}}],"collection":[{"href":"https:\/\/www.europesays.com\/lv\/wp-json\/wp\/v2\/posts"}],"about":[{"href":"https:\/\/www.europesays.com\/lv\/wp-json\/wp\/v2\/types\/post"}],"author":[{"embeddable":true,"href":"https:\/\/www.europesays.com\/lv\/wp-json\/wp\/v2\/users\/2"}],"replies":[{"embeddable":true,"href":"https:\/\/www.europesays.com\/lv\/wp-json\/wp\/v2\/comments?post=10471"}],"version-history":[{"count":0,"href":"https:\/\/www.europesays.com\/lv\/wp-json\/wp\/v2\/posts\/10471\/revisions"}],"wp:featuredmedia":[{"embeddable":true,"href":"https:\/\/www.europesays.com\/lv\/wp-json\/wp\/v2\/media\/10472"}],"wp:attachment":[{"href":"https:\/\/www.europesays.com\/lv\/wp-json\/wp\/v2\/media?parent=10471"}],"wp:term":[{"taxonomy":"category","embeddable":true,"href":"https:\/\/www.europesays.com\/lv\/wp-json\/wp\/v2\/categories?post=10471"},{"taxonomy":"post_tag","embeddable":true,"href":"https:\/\/www.europesays.com\/lv\/wp-json\/wp\/v2\/tags?post=10471"}],"curies":[{"name":"wp","href":"https:\/\/api.w.org\/{rel}","templated":true}]}}