{"id":104713,"date":"2026-01-14T19:04:08","date_gmt":"2026-01-14T19:04:08","guid":{"rendered":"https:\/\/www.europesays.com\/lv\/104713\/"},"modified":"2026-01-14T19:04:08","modified_gmt":"2026-01-14T19:04:08","slug":"ek-noraida-latvijas-lugumu-par-iznemumu-migrantu-uznemsanas-jautajuma","status":"publish","type":"post","link":"https:\/\/www.europesays.com\/lv\/104713\/","title":{"rendered":"EK noraida Latvijas l\u016bgumu par iz\u0146\u0113mumu migrantu uz\u0146em\u0161anas jaut\u0101jum\u0101"},"content":{"rendered":"<p>EK atz\u012bst, ka, \u0146emot v\u0113r\u0101 \u0123eopolitisko situ\u0101ciju, t\u0101 turpin\u0101s monitor\u0113t migr\u0101cijas spiedienu ES dal\u012bbvalst\u012bs un b\u016bs gatava main\u012bt nosac\u012bjumus, ja k\u0101d\u0101 no dal\u012bbvalst\u012bm situ\u0101cija main\u012bsies.<\/p>\n<p>T\u0101pat EK apliecina, ka t\u0101 ir sa\u0146\u0113musi visu nepiecie\u0161amo un papildus inform\u0101ciju no Latvijas &#8211; proti, datus par instrumentaliz\u0101cijas rad\u012bto spiedienu uz ES austrumu robe\u017eas, par pagaidu aizsardz\u012bbu sa\u0146\u0113mu\u0161o personu skaitu, k\u0101 ar\u012b patv\u0113ruma proced\u016bras piepras\u012bjumu pieaugumu.<\/p>\n<p>2025. gada decembr\u012b ES Padome rakstveida proced\u016br\u0101 apstiprin\u0101ja l\u0113mumu veidot pirmo migrantu solidarit\u0101tes rezervi 2026. gadam, kas ir da\u013ca no ES Migr\u0101cijas un patv\u0113ruma pakta solidarit\u0101tes meh\u0101nisma \u012bsteno\u0161anas procesa. Solidarit\u0101tes meh\u0101nisms paredz ES dal\u012bbvalstu iesaisti kop\u0113j\u0101 migr\u0101cijas situ\u0101cijas p\u0101rvald\u012bb\u0101, sniedzot atbalstu t\u0101m ES valst\u012bm, kuras saskaras ar paaugstin\u0101tu migr\u0101cijas spiedienu. Neskatoties uz to, ka l\u0113mumu bez Latvijas neatbalst\u012bja v\u0113l piecas dal\u012bbvalstis, tas tika apstiprin\u0101ts ar kvalific\u0113to balsu vair\u0101kumu.<\/p>\n","protected":false},"excerpt":{"rendered":"EK atz\u012bst, ka, \u0146emot v\u0113r\u0101 \u0123eopolitisko situ\u0101ciju, t\u0101 turpin\u0101s monitor\u0113t migr\u0101cijas spiedienu ES dal\u012bbvalst\u012bs un b\u016bs gatava main\u012bt&hellip;\n","protected":false},"author":2,"featured_media":104714,"comment_status":"","ping_status":"","sticky":false,"template":"","format":"standard","meta":{"footnotes":""},"categories":[12],"tags":[23,28,29,32,33,22,6604,30,31,35,39,38,36,37,34,5206,40,6536,7958,20,26,27,1398,24,25,21],"class_list":{"0":"post-104713","1":"post","2":"type-post","3":"status-publish","4":"format-standard","5":"has-post-thumbnail","7":"category-latvija","8":"tag-aktualitates","9":"tag-breaking-news","10":"tag-breakingnews","11":"tag-featured-news","12":"tag-featurednews","13":"tag-headlines","14":"tag-iekslietu-ministrija","15":"tag-latest-news","16":"tag-latestnews","17":"tag-latvia","18":"tag-latvian","19":"tag-latviesu","20":"tag-latviesu-valoda","21":"tag-latviesuvaloda","22":"tag-latvija","23":"tag-lukasenko-rezims","24":"tag-lv","25":"tag-migranti","26":"tag-nelegala-migracija","27":"tag-news","28":"tag-popularakas-zinas","29":"tag-popularakaszinas","30":"tag-rihards-kozlovskis","31":"tag-top-stories","32":"tag-topstories","33":"tag-zinas"},"share_on_mastodon":{"url":"https:\/\/pubeurope.com\/@lv\/115895013564725927","error":""},"_links":{"self":[{"href":"https:\/\/www.europesays.com\/lv\/wp-json\/wp\/v2\/posts\/104713","targetHints":{"allow":["GET"]}}],"collection":[{"href":"https:\/\/www.europesays.com\/lv\/wp-json\/wp\/v2\/posts"}],"about":[{"href":"https:\/\/www.europesays.com\/lv\/wp-json\/wp\/v2\/types\/post"}],"author":[{"embeddable":true,"href":"https:\/\/www.europesays.com\/lv\/wp-json\/wp\/v2\/users\/2"}],"replies":[{"embeddable":true,"href":"https:\/\/www.europesays.com\/lv\/wp-json\/wp\/v2\/comments?post=104713"}],"version-history":[{"count":0,"href":"https:\/\/www.europesays.com\/lv\/wp-json\/wp\/v2\/posts\/104713\/revisions"}],"wp:featuredmedia":[{"embeddable":true,"href":"https:\/\/www.europesays.com\/lv\/wp-json\/wp\/v2\/media\/104714"}],"wp:attachment":[{"href":"https:\/\/www.europesays.com\/lv\/wp-json\/wp\/v2\/media?parent=104713"}],"wp:term":[{"taxonomy":"category","embeddable":true,"href":"https:\/\/www.europesays.com\/lv\/wp-json\/wp\/v2\/categories?post=104713"},{"taxonomy":"post_tag","embeddable":true,"href":"https:\/\/www.europesays.com\/lv\/wp-json\/wp\/v2\/tags?post=104713"}],"curies":[{"name":"wp","href":"https:\/\/api.w.org\/{rel}","templated":true}]}}