{"id":104715,"date":"2026-01-14T19:05:15","date_gmt":"2026-01-14T19:05:15","guid":{"rendered":"https:\/\/www.europesays.com\/lv\/104715\/"},"modified":"2026-01-14T19:05:15","modified_gmt":"2026-01-14T19:05:15","slug":"profesiju-gadatirgu-daugavpili-skoleniem-liela-interese-par-eksakto-jomu-raksts","status":"publish","type":"post","link":"https:\/\/www.europesays.com\/lv\/104715\/","title":{"rendered":"Profesiju gadatirg\u016b Daugavpil\u012b skol\u0113niem liela interese par eksakto jomu \/ Raksts"},"content":{"rendered":"<p>Iepaz\u012bt n\u0101kotnes karjeru, tiekoties ar potenci\u0101lajiem darba dev\u0113jiem Daugavpil\u012b &#8220;Profesiju gadatirg\u016b&#8221;, t\u0101 ir pieredze, kas pal\u012bdz skol\u0113niem apzin\u0101ti pl\u0101not savu n\u0101kotni, izv\u0113rt\u0113t savas intereses un pie\u0146emt p\u0101rdom\u0101tus l\u0113mumus par turpm\u0101ko izgl\u012bt\u012bbas un karjeras ce\u013cu. Savuk\u0101rt darba dev\u0113jiem t\u0101 ir iesp\u0113ja iepaz\u012bstin\u0101t ar savu nozari, v\u0113st\u012bt par to, k\u0101du profesiju un jomu speci\u0101listi ir nepiecie\u0161ami un k\u0101das prasmes un zin\u0101\u0161anas b\u016bs v\u0113rt\u012bgas tuv\u0101kaj\u0101 un t\u0101l\u0101kaj\u0101 n\u0101kotn\u0113.\u00a0<\/p>\n<p>Profesiju gadatirg\u016b Daugavpil\u012b skol\u0113niem liela interese par eksakto jomu<\/p>\n<p>\u0160ogad vair\u0101k nek\u0101 1000 Daugavpils skolu jaunie\u0161u kop\u0101 ar saviem karjeras skolotajiem dev\u0101s uz tik\u0161anos ar darba dev\u0113jiem kl\u0101tien\u0113.\u00a0<\/p>\n<p>Ko jaunie\u0161i mekl\u0113?<\/p>\n<p style=\"margin-left:40px\">Uzzin\u0101t vair\u0101k, k\u0101das ir profesijas, ko taj\u0101s dara.<\/p>\n<p style=\"margin-left:40px\">Svar\u012bgi b\u016bt inform\u0113tiem, jo par daudz\u0101m iest\u0101d\u0101m Daugavpil\u012b jaunie\u0161i visp\u0101r neko nezina. \u0160\u012b ir iesp\u0113ja uzzin\u0101t, k\u0101di uz\u0146\u0113mumi Daugavpil\u012b ir pieejami jaunie\u0161iem.<\/p>\n<p>\u0160\u012b\u00a0ir tre\u0161\u0101 reize, kad gada s\u0101kum\u0101 Daugavpils pils\u0113tas Izgl\u012bt\u012bbas, jaunatnes un sporta p\u0101rvalde r\u012bko profesiju gadatirgu, past\u0101st\u012bja metodi\u0137e karjeras izgl\u012bt\u012bbas jaut\u0101jumos Santa \u010ceir\u0101ne.<\/p>\n<p>            <img decoding=\"async\" src=\"https:\/\/www.europesays.com\/lv\/wp-content\/uploads\/2026\/01\/sgg6.jpg\" alt=\"Santa \u010ceir\u0101ne\"\/><\/p>\n<p>Santa \u010ceir\u0101ne<\/p>\n<p>Foto: Silvija Smagare \/ Latvijas Radio<\/p>\n<\/p>\n<p>&#8220;Kad karjeras konsultants skol\u0101s st\u0101sta vai ar\u012b m\u0113s ko p\u0113t\u0101m, tas tom\u0113r viss ir virtu\u0101li. \u0160eit ir iesp\u0113ja satikt konkr\u0113tu profesion\u0101li un saprast, kas ir t\u0101 in\u017eenierija, kur t\u0101 \u0137\u012bmija str\u0101d\u0101 \u0161aj\u0101 uz\u0146\u0113mum\u0101. Izzin\u0101t visas \u0161\u012bs lietas no uz\u0146\u0113muma iek\u0161puses, jo ne vienm\u0113r m\u0113s pie visiem uz\u0146\u0113m\u0113jiem uz uz\u0146\u0113mumiem dr\u012bkstam doties, ir darba aizsardz\u012bba un paaugstin\u0101ta b\u012bstam\u012bba. L\u012bdz ar to uz\u0146\u0113mumi un to p\u0101rst\u0101vji ir atn\u0101ku\u0161i pie skol\u0113niem,&#8221; st\u0101st\u012bja \u010ceir\u0101ne.\u00a0<\/p>\n<p>&#8220;SMD Baltic&#8221; \u0161obr\u012bd darbu dod 130 cilv\u0113kiem, jauni speci\u0101listi ir nepiecie\u0161ami, past\u0101st\u012bja uz\u0146\u0113muma p\u0101rst\u0101ve Irita Pavlova.<\/p>\n<blockquote>\n<p>&#8220;Tehnika nest\u0101v uz vietas, vi\u0146us interes\u0113, kas jauns notiek, pa\u0161iem saprast, ko vi\u0146i var dar\u012bt \u0161aj\u0101 jom\u0101, kur iet m\u0101c\u012bties.\u00a0<\/p>\n<\/blockquote>\n<p>M\u0113s ra\u017eojam elektronisk\u0101s plates p\u0113c pas\u016bt\u012bjuma. Mums b\u016btu interesanti, ja vair\u0101k b\u016btu darbinieku elektronikas tehnolo\u0123iju zi\u0146\u0101, jo ir maz cilv\u0113ku, kas saprot elektroniku, saprot da\u017e\u0101das nianses, kas saist\u012btas ar testiem. Tie b\u016btu augst\u0101kas kvalit\u0101tes darbinieki. M\u016bsdien\u0101s jaunie\u0161i grib atrast p\u0113c iesp\u0113jas viegl\u0101ku darbu ar liel\u0101ku samaksu, un m\u0101c\u012bties ne visai gribas. Elektronika ir t\u0101 joma, kur diezgan ilgi ir j\u0101m\u0101c\u0101s,&#8221; st\u0101st\u012bja\u00a0Pavlova.\u00a0<\/p>\n<p>Iesp\u0113jams, tie\u0161i saruna ar uz\u0146\u0113mumu kl\u0101tien\u0113, iedzi\u013cin\u0101\u0161an\u0101s t\u0101 darba specifik\u0101 k\u0101dam jaunietim ar\u012b liek izv\u0113rt\u0113t n\u0101kotnes karjeras un studiju iesp\u0113jas, bet k\u0101dam tie\u0161i nostiprin\u0101t\u00a0savu izv\u0113li. K\u0101 piem\u0113ram, G\u013cebam no Daugavpils Valsts \u0123imn\u0101zijas.<\/p>\n<p>&#8220;Es dom\u0101ju, ka ie\u0161u stud\u0113t IT programm\u0113\u0161an\u0101. Man \u0161\u012b joma pat\u012bk. Es sliecos b\u016bt par avioin\u017eenieri. Dom\u0101ju, ka\u00a0tas b\u016bs stabils darbs, ko nesp\u0113s aizvietot m\u0101ksl\u012bgais intelekts,&#8221; st\u0101st\u012bja jaunietis.<\/p>\n<p>Tie\u0161i eksakst\u0101s jeb STEM jomas profesiju gadatirg\u016b Daugavpil\u012b ir top\u0101. \u0160\u0101di speci\u0101listi nepiecie\u0161ami ar\u012b L\u012bv\u0101nu optisk\u0101s \u0161\u0137iedras uz\u0146\u0113mumam &#8220;Light Guide Optics International&#8221;, kas ir viens no Latvijas v\u0113rt\u012bg\u0101kajiem uz\u0146\u0113mumiem, \u0161obr\u012bd nodarbinot vair\u0101k nek\u0101 300 cilv\u0113kus.<\/p>\n<p>            <img decoding=\"async\" src=\"https:\/\/www.europesays.com\/lv\/wp-content\/uploads\/2026\/01\/sgg7.jpg\" alt=\"Liene Sau\u0161a\"\/><\/p>\n<p>Liene Sau\u0161a<\/p>\n<p>Foto: Silvija Smagare \/ Latvijas Radio<\/p>\n<\/p>\n<p>Uz\u0146\u0113muma p\u0101rst\u0101ve Liene Sau\u0161a st\u0101st\u012bja: &#8220;M\u0113s v\u0113lamies uzrun\u0101t jaunie\u0161us, kas v\u0113l ir izv\u0113les priek\u0161\u0101, ko stud\u0113t un k\u0101dus priek\u0161metus izvel\u0113ties.\u00a0<\/p>\n<blockquote>\n<p>Mudin\u0101m apg\u016bt eksakt\u0101s zin\u0101tnes, jo visi gudrie pr\u0101ti, kas p\u0113c tam izstr\u0101d\u0101 iek\u0101rtas un darbojas m\u016bsu uz\u0146\u0113mum\u0101, ir \u013coti nepiecie\u0161ami.&#8221;\u00a0<\/p>\n<\/blockquote>\n<p>Liela jaunie\u0161u interese saist\u012bta ar medic\u012bnu, Daugavpils Psihoneirolo\u0123isk\u0101s slimn\u012bcas stends ir kupli apmekl\u0113ts. Slimn\u012bc\u0101 nepiecie\u0161ami jauni speci\u0101listi, st\u0101st\u012bja\u00a0fizioterapeite Di\u0101na Leikuse.<\/p>\n<p>            <img decoding=\"async\" src=\"https:\/\/www.europesays.com\/lv\/wp-content\/uploads\/2026\/01\/sgfx.jpg\" alt=\"Di\u0101na Leikuse\"\/><\/p>\n<p>Di\u0101na Leikuse<\/p>\n<p>Foto: Silvija Smagare \/ Latvijas Radio<\/p>\n<\/p>\n<p>&#8220;Latgal\u0113 medi\u0137i ir \u013coti vajadz\u012bgi. B\u016bsim laim\u012bgi, ja k\u0101dam b\u016bs v\u0113lme m\u0101c\u012bties par \u0101rstu psihiatru, bet vajag ar\u012b \u0101rstus logop\u0113dus, ergoterapeitus, jo t\u0101s ir profesijas, ko var apg\u016bt R\u012bg\u0101, un Latgal\u0113 to ir maz,&#8221; st\u0101st\u012bja Leikuse.\u00a0<\/p>\n<p>Jaunus kadrus sav\u0101s rind\u0101s mekl\u0113 ar\u012b gl\u0101b\u0113ji, policisti un Latvijas bru\u0146otie sp\u0113ki.\u00a0<\/p>\n<p style=\"margin-left:40px\">R\u0101d\u0101m, k\u0101ds mums ir ekip\u0113jums, k\u0101di ir specl\u012bdzek\u013ci, ko izmantojam robe\u017eapsardz\u012bb\u0101, lai aizsarg\u0101tu m\u016bsu robe\u017eu.<\/p>\n<p style=\"margin-left:40px\">Svar\u012bgi par\u0101d\u012bt, kas ir ugunsdz\u0113s\u0113ji un gl\u0101b\u0113ji, ar ko tie nodarbojas. Nereti ir t\u0101, ka jaunie\u0161i baid\u0101s iet ugunsdz\u0113s\u0113jos vai ar\u012b tam nav fiziski gatavi. M\u0113s st\u0101st\u0101m jaunie\u0161iem, ka tas ir interesants darbs, r\u0101d\u0101m savu ekip\u0113jumu.\u00a0<\/p>\n<p style=\"margin-left:40px\">Mums vajag atjaunin\u0101t kadrus, jo daudzi iet izdienas pensij\u0101s, bet jauni nen\u0101k un ir kadru iztr\u016bkums. M\u016bsu profesij\u0101 svar\u012bga atbild\u012bba, cent\u012bba un ar\u012b patriotisms.<\/p>\n<p><img decoding=\"async\" src=\"https:\/\/www.europesays.com\/lv\/wp-content\/uploads\/2026\/01\/sgfz.jpg\" alt=\"Profesiju gadatirgus Daugavpil\u012b\"\/>Profesiju gadatirgus Daugavpil\u012b<\/p>\n<p>Foto: Silvija Smagare \/ Latvijas Radio<\/p>\n<p><img decoding=\"async\" src=\"https:\/\/www.europesays.com\/lv\/wp-content\/uploads\/2026\/01\/sgfy.jpg\" alt=\"Profesiju gadatirgus Daugavpil\u012b\"\/>Profesiju gadatirgus Daugavpil\u012b<\/p>\n<p>Foto: Silvija Smagare \/ Latvijas Radio<\/p>\n<p><img decoding=\"async\" src=\"https:\/\/www.europesays.com\/lv\/wp-content\/uploads\/2026\/01\/sgg0.jpg\" alt=\"Profesiju gadatirgus Daugavpil\u012b\"\/>Profesiju gadatirgus Daugavpil\u012b<\/p>\n<p>Foto: Silvija Smagare \/ Latvijas Radio<\/p>\n<p><img decoding=\"async\" src=\"https:\/\/www.europesays.com\/lv\/wp-content\/uploads\/2026\/01\/sgg2.jpg\" alt=\"Profesiju gadatirgus Daugavpil\u012b\"\/>Profesiju gadatirgus Daugavpil\u012b<\/p>\n<p>Foto: Silvija Smagare \/ Latvijas Radio<\/p>\n<p><img decoding=\"async\" src=\"https:\/\/www.europesays.com\/lv\/wp-content\/uploads\/2026\/01\/sgg3.jpg\" alt=\"Profesiju gadatirgus Daugavpil\u012b\"\/>Profesiju gadatirgus Daugavpil\u012b<\/p>\n<p>Foto: Silvija Smagare \/ Latvijas Radio<\/p>\n<p><img decoding=\"async\" src=\"https:\/\/www.europesays.com\/lv\/wp-content\/uploads\/2026\/01\/sgg4.jpg\" alt=\"Profesiju gadatirgus Daugavpil\u012b\"\/>Profesiju gadatirgus Daugavpil\u012b<\/p>\n<p>Foto: Silvija Smagare \/ Latvijas Radio<\/p>\n<p><img decoding=\"async\" src=\"https:\/\/www.europesays.com\/lv\/wp-content\/uploads\/2026\/01\/sgg5.jpg\" alt=\"Profesiju gadatirgus Daugavpil\u012b\"\/>Profesiju gadatirgus Daugavpil\u012b<\/p>\n<p>Foto: Silvija Smagare \/ Latvijas Radio<\/p>\n<\/p>\n<p>Profesiju gadatirgus paredz\u0113ts jaunie\u0161iem no 7. l\u012bdz 12. klasei. \u0160\u012b auditorija nav izraudz\u012bta nejau\u0161i, p\u0113c savas pieredzes atz\u012bst Nacion\u0101lo bru\u0146oto sp\u0113ku p\u0101rst\u0101vji.<\/p>\n<p style=\"margin-left:40px\">M\u0113s vair\u0101k skat\u0101mies uz vidusskol\u0113niem, kuri jau tuv\u0101kaj\u0101 laik\u0101 var\u0113tu atn\u0101k pie mums. Svar\u012bgi ar\u012b jaun\u0101kajiem par\u0101d\u012bt, uz ko var\u0113tu tiekties. Ja vidusskol\u0113niem ir maz\u0101k laika, lai kaut ko main\u012btu sav\u0101 dz\u012bv\u0113, to pa\u0161u sportu, tad pamatskolniekiem ir liel\u0101ks laika posms, lai var\u0113tu pl\u0101not savu n\u0101kotnes karjeru.\u00a0<\/p>\n<p>\u0160ogad &#8220;Profesiju gadatirgu&#8221; Daugavpil\u012b apmekl\u0113ja vair\u0101k nek\u0101 1050 visp\u0101r\u0113jas un profesion\u0101l\u0101s izgl\u012bt\u012bbas iest\u0101\u017eu jaunie\u0161u, cen\u0161oties izprast savas n\u0101kotnes un darba karjeras potenci\u0101lu. Nodarbin\u0101t\u012bbas valsts a\u0123ent\u016br\u0101\u00a0Daugavpil\u012b \u0161obr\u012bd re\u0123istr\u0113tas 400 br\u012bvas darba vakances.<\/p>\n","protected":false},"excerpt":{"rendered":"Iepaz\u012bt n\u0101kotnes karjeru, tiekoties ar potenci\u0101lajiem darba dev\u0113jiem Daugavpil\u012b &#8220;Profesiju gadatirg\u016b&#8221;, t\u0101 ir pieredze, kas pal\u012bdz skol\u0113niem apzin\u0101ti&hellip;\n","protected":false},"author":2,"featured_media":104716,"comment_status":"","ping_status":"","sticky":false,"template":"","format":"standard","meta":{"footnotes":""},"categories":[5],"tags":[23,28,29,32,33,22,30,31,35,39,38,36,37,34,40,20,26,27,24,25,21],"class_list":{"0":"post-104715","1":"post","2":"type-post","3":"status-publish","4":"format-standard","5":"has-post-thumbnail","7":"category-aktualitates","8":"tag-aktualitates","9":"tag-breaking-news","10":"tag-breakingnews","11":"tag-featured-news","12":"tag-featurednews","13":"tag-headlines","14":"tag-latest-news","15":"tag-latestnews","16":"tag-latvia","17":"tag-latvian","18":"tag-latviesu","19":"tag-latviesu-valoda","20":"tag-latviesuvaloda","21":"tag-latvija","22":"tag-lv","23":"tag-news","24":"tag-popularakas-zinas","25":"tag-popularakaszinas","26":"tag-top-stories","27":"tag-topstories","28":"tag-zinas"},"share_on_mastodon":{"url":"https:\/\/pubeurope.com\/@lv\/115895017398358135","error":""},"_links":{"self":[{"href":"https:\/\/www.europesays.com\/lv\/wp-json\/wp\/v2\/posts\/104715","targetHints":{"allow":["GET"]}}],"collection":[{"href":"https:\/\/www.europesays.com\/lv\/wp-json\/wp\/v2\/posts"}],"about":[{"href":"https:\/\/www.europesays.com\/lv\/wp-json\/wp\/v2\/types\/post"}],"author":[{"embeddable":true,"href":"https:\/\/www.europesays.com\/lv\/wp-json\/wp\/v2\/users\/2"}],"replies":[{"embeddable":true,"href":"https:\/\/www.europesays.com\/lv\/wp-json\/wp\/v2\/comments?post=104715"}],"version-history":[{"count":0,"href":"https:\/\/www.europesays.com\/lv\/wp-json\/wp\/v2\/posts\/104715\/revisions"}],"wp:featuredmedia":[{"embeddable":true,"href":"https:\/\/www.europesays.com\/lv\/wp-json\/wp\/v2\/media\/104716"}],"wp:attachment":[{"href":"https:\/\/www.europesays.com\/lv\/wp-json\/wp\/v2\/media?parent=104715"}],"wp:term":[{"taxonomy":"category","embeddable":true,"href":"https:\/\/www.europesays.com\/lv\/wp-json\/wp\/v2\/categories?post=104715"},{"taxonomy":"post_tag","embeddable":true,"href":"https:\/\/www.europesays.com\/lv\/wp-json\/wp\/v2\/tags?post=104715"}],"curies":[{"name":"wp","href":"https:\/\/api.w.org\/{rel}","templated":true}]}}