{"id":104717,"date":"2026-01-14T19:07:06","date_gmt":"2026-01-14T19:07:06","guid":{"rendered":"https:\/\/www.europesays.com\/lv\/104717\/"},"modified":"2026-01-14T19:07:06","modified_gmt":"2026-01-14T19:07:06","slug":"baiba-bendika-nakdama-no-36-vietas-uzlabo-sniegumu-desmit-kilometru-iedzisana-oberhofa-lente-lv","status":"publish","type":"post","link":"https:\/\/www.europesays.com\/lv\/104717\/","title":{"rendered":"Baiba Bendika, n\u0101kdama no 36. vietas, uzlabo sniegumu desmit kilometru iedz\u012b\u0161an\u0101 Oberhof\u0101\u00a0\u2014\u00a0Lente.lv"},"content":{"rendered":"<p>Bendika demonstr\u0113 iztur\u012bbu un pak\u0101pjas iedz\u012b\u0161an\u0101<\/p>\n<p>Latvijas biatloniste Baiba Bendika sv\u0113tdien Oberhof\u0101, V\u0101cij\u0101, Pasaules kausa biatlona ceturtaj\u0101 posm\u0101 desmit kilometru iedz\u012b\u0161anas distanc\u0113 izc\u012bn\u012bja 36. vietu, pak\u0101pjoties par 14 poz\u012bcij\u0101m sal\u012bdzin\u0101jum\u0101 ar savu starta vietu. K\u0101 inform\u0113 port\u0101ls jauns.lv, Bendika \u010detr\u0101s ugunsl\u012bnij\u0101s pie\u013c\u0101va piecas k\u013c\u016bdas, ta\u010du par sp\u012bti sodiem demonstr\u0113ja pietiekamu \u0101trumu, lai uzlabotu savu rezult\u0101tu un papildin\u0101tu punktu kr\u0101jumu Pasaules kausa kopv\u0113rt\u0113jum\u0101. Vi\u0146a ieguva piecus punktus, sasniedzot savu sezonas lab\u0101ko rezult\u0101tu iedz\u012b\u0161anas distanc\u0113. Uzvar\u0113ja no pirm\u0101s vietas start\u0113jus\u012b zviedriete Elv\u012bra \u0112berga, kura par 16,6 sekund\u0113m apsteidza soms Suvi Minkinenu. Bendika \u0161aj\u0101 sacens\u012bb\u0101 bija vien\u012bg\u0101 Latvijas p\u0101rst\u0101ve.<\/p>\n<p>Sacens\u012bbu gaita un Bendikas sniegums<\/p>\n<p>Bendika iedz\u012b\u0161anas sacens\u012bb\u0101s start\u0113ja no 50. vietas, atpaliekot 2 min\u016btes un 9 sekundes no l\u012bderes Elv\u012bras \u0112bergas, kura p\u0101rliecino\u0161i uzvar\u0113ja sprinta sacens\u012bb\u0101s. Pirmaj\u0101 \u0161au\u0161an\u0101 gu\u013cus Bendika bija prec\u012bza, pak\u0101pjoties uz 31. vietu. Tom\u0113r otraj\u0101 \u0161au\u0161an\u0101 vi\u0146a pie\u013c\u0101va k\u013c\u016bdu, dodoties soda apl\u012b un atgrie\u017eoties tras\u0113 38. viet\u0101. Tre\u0161aj\u0101 \u0161au\u0161an\u0101 st\u0101vus Bendika atst\u0101ja vienu m\u0113r\u0137i nesasniegtu, turpinot distanci 37. poz\u012bcij\u0101. Diem\u017e\u0113l vissare\u017e\u0123\u012bt\u0101k\u0101 izr\u0101d\u012bj\u0101s ceturt\u0101 \u0161autuve, kur divas k\u013c\u016bdas lika veikt v\u0113l divus soda ap\u013cus, un sportiste atk\u0101p\u0101s uz 41. vietu. Neskatoties uz \u0161au\u0161anas neveiksm\u0113m, Bendika fini\u0161\u0113ja 36. viet\u0101, par\u0101dot savu sp\u0113ju \u0101tri atg\u016bties un uzlabot sniegumu distances laik\u0101.<\/p>\n<p>Oberhofas posms un Pasaules kausa sezona<\/p>\n<p>Oberhofas posms bija ceturtais Pasaules kausa sezon\u0101, un tas nosl\u0113dz\u0101s ar sievie\u0161u iedz\u012b\u0161anas sacens\u012bb\u0101m. Biatlona Pasaules kausa sezona turpin\u0101sies ar posmiem V\u0101cij\u0101, R\u016bpolding\u0101, un \u010cehij\u0101, Nove Mesto, pirms biatlonistiem paredz\u0113tas svar\u012bg\u0101s 2026. gada ziemas olimpisk\u0101s sp\u0113les It\u0101lij\u0101. Oberhofas biatlona trase ir paz\u012bstama ar main\u012bgajiem laika apst\u0101k\u013ciem, kas bie\u017ei vien rada izaicin\u0101jumus sportistiem.<\/p>\n<p>Baibas Bendikas karjera un sasniegumi<\/p>\n<p>Baiba Bendika ir Latvijas biatlona l\u012bdere. Vi\u0146as karjeras lab\u0101kie rezult\u0101ti Pasaules kaus\u0101 ietver piekto vietu sprinta sacens\u012bb\u0101s Kenmor\u0101 2016. gad\u0101 un piekto vietu 15 km individu\u0101laj\u0101 distanc\u0113 Pok\u013cuk\u0101 2025. gad\u0101. Vi\u0146a ir ar\u012b vair\u0101kk\u0101rt\u0113ja Eiropas \u010dempion\u0101ta meda\u013cniece, tostarp 2021. gad\u0101 izc\u012bn\u012bja zeltu sprint\u0101 un 2025. gad\u0101 Martello ieguva zelta meda\u013cu iedz\u012b\u0161an\u0101. Bendika ir ar\u012b 2024. gada vasaras biatlona Pasaules \u010dempione masu start\u0101.<\/p>\n<p>Iedz\u012b\u0161anas distances specifika biatlon\u0101<\/p>\n<p>Iedz\u012b\u0161anas distance biatlon\u0101 sieviet\u0113m notiek 10 kilometru garum\u0101 un tiek dots starts, balstoties uz iepriek\u0161\u0113j\u0101s discipl\u012bnas, visbie\u017e\u0101k sprinta, rezult\u0101tiem. Tras\u0113 pirmais dodas sprinta uzvar\u0113t\u0101js, un p\u0101r\u0113jie sportisti start\u0113 ar interv\u0101lu p\u0113c zaud\u0113t\u0101 laika. Iedz\u012b\u0161an\u0101 ir \u010detras \u0161autuves \u2013 divas gu\u013cus un divas st\u0101vus poz\u012bcij\u0101. Par katru nesa\u0161autu m\u0113r\u0137i sportistam ir j\u0101veic 150 metru gar\u0161 soda aplis. \u0160aj\u0101 discipl\u012bn\u0101 start\u0113 60 lab\u0101kie biatlonisti p\u0113c sprinta distances rezult\u0101tiem.<\/p>\n","protected":false},"excerpt":{"rendered":"Bendika demonstr\u0113 iztur\u012bbu un pak\u0101pjas iedz\u012b\u0161an\u0101 Latvijas biatloniste Baiba Bendika sv\u0113tdien Oberhof\u0101, V\u0101cij\u0101, Pasaules kausa biatlona ceturtaj\u0101 posm\u0101&hellip;\n","protected":false},"author":2,"featured_media":104718,"comment_status":"","ping_status":"","sticky":false,"template":"","format":"standard","meta":{"footnotes":""},"categories":[17],"tags":[16007,1499,18330,35,39,38,36,37,34,40,24304,2560,67],"class_list":{"0":"post-104717","1":"post","2":"type-post","3":"status-publish","4":"format-standard","5":"has-post-thumbnail","7":"category-sports","8":"tag-baiba-bendika","9":"tag-biatlons","10":"tag-iedzisana","11":"tag-latvia","12":"tag-latvian","13":"tag-latviesu","14":"tag-latviesu-valoda","15":"tag-latviesuvaloda","16":"tag-latvija","17":"tag-lv","18":"tag-oberhofa","19":"tag-pasaules-kauss","20":"tag-sports"},"share_on_mastodon":{"url":"https:\/\/pubeurope.com\/@lv\/115895025188864485","error":""},"_links":{"self":[{"href":"https:\/\/www.europesays.com\/lv\/wp-json\/wp\/v2\/posts\/104717","targetHints":{"allow":["GET"]}}],"collection":[{"href":"https:\/\/www.europesays.com\/lv\/wp-json\/wp\/v2\/posts"}],"about":[{"href":"https:\/\/www.europesays.com\/lv\/wp-json\/wp\/v2\/types\/post"}],"author":[{"embeddable":true,"href":"https:\/\/www.europesays.com\/lv\/wp-json\/wp\/v2\/users\/2"}],"replies":[{"embeddable":true,"href":"https:\/\/www.europesays.com\/lv\/wp-json\/wp\/v2\/comments?post=104717"}],"version-history":[{"count":0,"href":"https:\/\/www.europesays.com\/lv\/wp-json\/wp\/v2\/posts\/104717\/revisions"}],"wp:featuredmedia":[{"embeddable":true,"href":"https:\/\/www.europesays.com\/lv\/wp-json\/wp\/v2\/media\/104718"}],"wp:attachment":[{"href":"https:\/\/www.europesays.com\/lv\/wp-json\/wp\/v2\/media?parent=104717"}],"wp:term":[{"taxonomy":"category","embeddable":true,"href":"https:\/\/www.europesays.com\/lv\/wp-json\/wp\/v2\/categories?post=104717"},{"taxonomy":"post_tag","embeddable":true,"href":"https:\/\/www.europesays.com\/lv\/wp-json\/wp\/v2\/tags?post=104717"}],"curies":[{"name":"wp","href":"https:\/\/api.w.org\/{rel}","templated":true}]}}