{"id":104719,"date":"2026-01-14T19:10:05","date_gmt":"2026-01-14T19:10:05","guid":{"rendered":"https:\/\/www.europesays.com\/lv\/104719\/"},"modified":"2026-01-14T19:10:05","modified_gmt":"2026-01-14T19:10:05","slug":"miris-zinatnieks-valdis-gavars-kurs-1986-gada-izstradaja-planu-latviesu-aizsardzibai-pret-cernobilas-avarijas-raditajiem-draudiem-jauns-lv","status":"publish","type":"post","link":"https:\/\/www.europesays.com\/lv\/104719\/","title":{"rendered":"Miris zin\u0101tnieks Valdis Gavars, kur\u0161 1986. gad\u0101 izstr\u0101d\u0101ja pl\u0101nu latvie\u0161u aizsardz\u012bbai pret \u010cernobi\u013cas av\u0101rijas rad\u012btajiem draudiem &#8211; Jauns.lv"},"content":{"rendered":"<ol>\n<li><a href=\"https:\/\/news.google.com\/rss\/articles\/CBMi-gFBVV95cUxOcWxfeVpRb2JDZ29vb3JlRDlUOWhPbHl0aW1NdkdvSGgtSlVTN0ZVbDloYzZuNC1nTXpOX3dEZ2N6dzZicXZnV3E1UDktTEt2RVc4U29Pd1hnRVNFYXNkRmJIcDY3UEtKeWhRWUZrOGs1Y2JwaF9CV3ZpMzRjdE1YckJYTTVpQ0xNMGZiU0NuWHduYm9IbEpnTUJKTXZPel95V1VjeDJpa0dfeHlJeE51VWtCVHY1REptUEdGM3UzVzRNNGk3ZmhjUFBuVjBMbkJncGM4cTlIT05hV1lkUEIyalAzWm54dm1tNWVRbW9ETzhpMURTUFZ1MmpR?oc=5\" target=\"_blank\" rel=\"nofollow noopener\">Miris zin\u0101tnieks Valdis Gavars, kur\u0161 1986. gad\u0101 izstr\u0101d\u0101ja pl\u0101nu latvie\u0161u aizsardz\u012bbai pret \u010cernobi\u013cas av\u0101rijas rad\u012btajiem draudiem<\/a>&nbsp;&nbsp;Jauns.lv<\/li>\n<li><a href=\"https:\/\/news.google.com\/rss\/articles\/CBMizgFBVV95cUxPVGh0NGVtOUtKZXFfclcxVHA3MG9kazZWTk1tdHF0dXVKaHhBeWJnc1RtWHNmVmo5cnhsbkZnUTRUZFRoNFlEUWthckI2VGg5czFnTFRJZ1AtR1R5Sk1VRGh5Sl93Vk9BdWdWVzktNk9RdXpabWxKYU5UMGxydkhvbDNqV29WbnZEVjdTNXRrTFZZRU9EcnpQVnA3aHhHdEtfa045WFh1V0Rxejl3RDJ6eUJHQWJJbklHeGZZY2dIazdaZllvQjJ3OXV1aDZrZw?oc=5\" target=\"_blank\" rel=\"nofollow noopener\">Skumj\u0161 notikums Baibas Sipenieces-Gavares \u0123imen\u0113 &#8211; m\u016b\u017e\u012bb\u0101 devies izcilais zin\u0101tnieks Valdis Gavars<\/a>&nbsp;&nbsp;Jauns.lv<\/li>\n<li><a href=\"https:\/\/news.google.com\/rss\/articles\/CBMidkFVX3lxTFAwdERjZ0tMX3JER2NhRnAtT3N0ZDY5SUlRQ3NTdGdzWGtzNHFEdDVmRThEN200ZGNsSEoySVNlREh2LUtmcTRjVGRhTml6X1o3NGZFMkFwX093TWZGcm5kMzJoVHVNUEwzUGRzMlhHZTVPSFVZVkE?oc=5\" target=\"_blank\" rel=\"nofollow noopener\">Aizsaul\u0113 devies fizi\u0137is Valdis Gavars<\/a>&nbsp;&nbsp;Apollo.lv<\/li>\n<li><a href=\"https:\/\/news.google.com\/rss\/articles\/CBMingFBVV95cUxOQkZKQ214cXBCTDNsQ0pOSzNqdWJBNVM2SGgtVXhqcElTdllmbXJhcUJPWjcxOHhUUmJIeHIwV1JkYkhjU2FkSm1yei1LM2JpOEYxOEpUYW1EelhSdXBmMGU2TEJ0M2dDTkJMOFlpTmY5VHJvdkdTOXdLY3o5MlNxRDZ6T1A0UnpPbDNqQzk4Ymw3S2JlMnVmVnNOdEo2QQ?oc=5\" target=\"_blank\" rel=\"nofollow noopener\">M\u016b\u017e\u012bb\u0101 devies kodolener\u0123\u0113tikas zin\u0101tnieks Valdis Gavars<\/a>&nbsp;&nbsp;Lasi.lv<\/li>\n<li><a href=\"https:\/\/news.google.com\/rss\/articles\/CBMidEFVX3lxTFBJUEpQNEFHQ3lEcEF0cTVtM3VGOVo3NHZYVXZfa2VGR1VqWjZpREJOUTRxUTUtZkV6N3BxbWVMcTdjT1Rwd1VjeEtaVWo1bGxES0NNX2VqQThjVVdlNXczaTZubUVJQnlHc2dCRXN1M25fdEJ3?oc=5\" target=\"_blank\" rel=\"nofollow noopener\">In Memoriam. Valdis Gavars (1934\u20132026)<\/a>&nbsp;&nbsp;J\u016brmalas valstspils\u0113tas pa\u0161vald\u012bba<\/li>\n<\/ol>\n","protected":false},"excerpt":{"rendered":"Miris zin\u0101tnieks Valdis Gavars, kur\u0161 1986. gad\u0101 izstr\u0101d\u0101ja pl\u0101nu latvie\u0161u aizsardz\u012bbai pret \u010cernobi\u013cas av\u0101rijas rad\u012btajiem draudiem&nbsp;&nbsp;Jauns.lv Skumj\u0161 notikums&hellip;\n","protected":false},"author":2,"featured_media":97074,"comment_status":"","ping_status":"","sticky":false,"template":"","format":"standard","meta":{"footnotes":""},"categories":[12],"tags":[23,28,29,32,33,22,30,31,35,39,38,36,37,34,40,20,26,27,24,25,21],"class_list":{"0":"post-104719","1":"post","2":"type-post","3":"status-publish","4":"format-standard","5":"has-post-thumbnail","7":"category-latvija","8":"tag-aktualitates","9":"tag-breaking-news","10":"tag-breakingnews","11":"tag-featured-news","12":"tag-featurednews","13":"tag-headlines","14":"tag-latest-news","15":"tag-latestnews","16":"tag-latvia","17":"tag-latvian","18":"tag-latviesu","19":"tag-latviesu-valoda","20":"tag-latviesuvaloda","21":"tag-latvija","22":"tag-lv","23":"tag-news","24":"tag-popularakas-zinas","25":"tag-popularakaszinas","26":"tag-top-stories","27":"tag-topstories","28":"tag-zinas"},"share_on_mastodon":{"url":"https:\/\/pubeurope.com\/@lv\/115895037028874445","error":""},"_links":{"self":[{"href":"https:\/\/www.europesays.com\/lv\/wp-json\/wp\/v2\/posts\/104719","targetHints":{"allow":["GET"]}}],"collection":[{"href":"https:\/\/www.europesays.com\/lv\/wp-json\/wp\/v2\/posts"}],"about":[{"href":"https:\/\/www.europesays.com\/lv\/wp-json\/wp\/v2\/types\/post"}],"author":[{"embeddable":true,"href":"https:\/\/www.europesays.com\/lv\/wp-json\/wp\/v2\/users\/2"}],"replies":[{"embeddable":true,"href":"https:\/\/www.europesays.com\/lv\/wp-json\/wp\/v2\/comments?post=104719"}],"version-history":[{"count":0,"href":"https:\/\/www.europesays.com\/lv\/wp-json\/wp\/v2\/posts\/104719\/revisions"}],"wp:featuredmedia":[{"embeddable":true,"href":"https:\/\/www.europesays.com\/lv\/wp-json\/wp\/v2\/media\/97074"}],"wp:attachment":[{"href":"https:\/\/www.europesays.com\/lv\/wp-json\/wp\/v2\/media?parent=104719"}],"wp:term":[{"taxonomy":"category","embeddable":true,"href":"https:\/\/www.europesays.com\/lv\/wp-json\/wp\/v2\/categories?post=104719"},{"taxonomy":"post_tag","embeddable":true,"href":"https:\/\/www.europesays.com\/lv\/wp-json\/wp\/v2\/tags?post=104719"}],"curies":[{"name":"wp","href":"https:\/\/api.w.org\/{rel}","templated":true}]}}