{"id":104722,"date":"2026-01-14T19:15:08","date_gmt":"2026-01-14T19:15:08","guid":{"rendered":"https:\/\/www.europesays.com\/lv\/104722\/"},"modified":"2026-01-14T19:15:08","modified_gmt":"2026-01-14T19:15:08","slug":"transatlantiskas-attiecibas-sabruk-bridina-vacijas-vicekanclers-jauns-lv","status":"publish","type":"post","link":"https:\/\/www.europesays.com\/lv\/104722\/","title":{"rendered":"Transatlantisk\u0101s attiec\u012bbas sabr\u016bk, br\u012bdina V\u0101cijas vicekanclers &#8211; Jauns.lv"},"content":{"rendered":"<ol>\n<li><a href=\"https:\/\/news.google.com\/rss\/articles\/CBMipAFBVV95cUxPdjJkTTNPUGU2QmFSWV9YZGp1WXhNT054WS1Sb0wtb0NqdnZveWxEbE5zdVltS0U2VENjMi16cVVMSTlnUlZ5UFBaMDFwNmpIZF9WVkExRkxjcmt3ZkpzLXFkckpzQ0hoZGJqQzBUb2JhZTVtWWFzaUQ5eTlhaUJabGlUNlZTVFM4aFNqSnRBQTU3aEJWN2pycE9ZT0Q4QV9UT2wxMA?oc=5\" target=\"_blank\" rel=\"nofollow noopener\">Transatlantisk\u0101s attiec\u012bbas sabr\u016bk, br\u012bdina V\u0101cijas vicekanclers<\/a>&nbsp;&nbsp;Jauns.lv<\/li>\n<li><a href=\"https:\/\/news.google.com\/rss\/articles\/CBMieEFVX3lxTFAwM1QzdHc0eXUxR3FuMTNyRC1vZ1BMVFBma1pBeVNPMWpZcHIzcC15TlZ2cWgzTWs1NzlwTXh2WWdTLUYyTlBLZmVQbllhVk5JT3dGaW56VTVPaEZNRV9KZEZ4UC1wNVBoMWl2MkUzOHdtcWdMNFBWZA?oc=5\" target=\"_blank\" rel=\"nofollow noopener\">Makrons skarbi izsak\u0101s par ASV<\/a>&nbsp;&nbsp;Jauns.lv<\/li>\n<li><a href=\"https:\/\/news.google.com\/rss\/articles\/CBMiqAFBVV95cUxNRnAtbDY2cFNHUHM0NXM4cmRzc3ZRMld6dGtXaVpuOEI5M291NzQzb0J1TzZGaktrejZhRVpOSWtBQXZfQ3BwZ2tJY3Q1SHRNWkdYSWpvWVRlT3dwY0R6TGRKQXcyZ0RjakpKYkppTFFvNDFGRmhQZXM0clpheU53a244RE1pckVOTXFydHc2MmROcXhKaXA2RDk1LVpUMHdPMnNJb21lN3A?oc=5\" target=\"_blank\" rel=\"nofollow noopener\">Ja lielvaras s\u0101k dal\u012bt pasauli, vai Eiropai b\u016btu iel\u016bgums?<\/a>&nbsp;&nbsp;tv3.lv<\/li>\n<li><a href=\"https:\/\/news.google.com\/rss\/articles\/CBMi1AFBVV95cUxOZHBBWGgyY1REUDg0Q0hnX0NtX29COXBXY2c0RlQ4Rk55MDdRU1NDV3c1dTFwbnh0WUd4MU96YUUxTUhEck1mS1BLVGl0QXJzdUlIaXRxNXNpeHJhSjNTTFhSMGtQc0NUeEJNUV9wMmZ4aWM0YkhNRElqZnVrOWJ2SFJrZm91ZTZtR1JabFdUeDRmc1NyaWJWWDk2UnZ4cXBDOWo1alR1dmluYllTZU8wTG4xR2I0WnI1MHNNcjF3Q2h6TVFIMTR2clczMzFXVFBHYzk2Yw?oc=5\" target=\"_blank\" rel=\"nofollow noopener\">Makrons: ASV nov\u0113r\u0161as no starptautiskajiem noteikumiem un saviem sabiedrotajiem \/ Raksts<\/a>&nbsp;&nbsp;LSM<\/li>\n<li><a href=\"https:\/\/news.google.com\/rss\/articles\/CBMilAFBVV95cUxONVU0ZlZ0WmFqNndhemJGb3hRR2hhQUdzUVR2M1JMZWRXMUIzOW1wZ1RfT0gyX0RHWFVKQkw2SGxJUjgzVVk4ZmJESG8zNzBfcXNrY3EtRzNUdTBTMHg5UTVWWXIwWno3N19rTlZrTWJjb21Bd1VfejJPU3hpWUIySVlLM3JSZmdFVjE4bzhSYWZYYl81?oc=5\" target=\"_blank\" rel=\"nofollow noopener\">Francijas prezidents: ASV nov\u0113r\u0161as no saviem sabiedrotajiem<\/a>&nbsp;&nbsp;1188.lv<\/li>\n<\/ol>\n","protected":false},"excerpt":{"rendered":"Transatlantisk\u0101s attiec\u012bbas sabr\u016bk, br\u012bdina V\u0101cijas vicekanclers&nbsp;&nbsp;Jauns.lv Makrons skarbi izsak\u0101s par ASV&nbsp;&nbsp;Jauns.lv Ja lielvaras s\u0101k dal\u012bt pasauli, vai Eiropai&hellip;\n","protected":false},"author":2,"featured_media":104723,"comment_status":"","ping_status":"","sticky":false,"template":"","format":"standard","meta":{"footnotes":""},"categories":[14],"tags":[23,57,28,29,32,33,22,30,31,35,39,38,36,37,34,40,20,26,27,24,25,54,55,56,21,58],"class_list":{"0":"post-104722","1":"post","2":"type-post","3":"status-publish","4":"format-standard","5":"has-post-thumbnail","7":"category-zinas-no-arvalstim","8":"tag-aktualitates","9":"tag-arvalstim","10":"tag-breaking-news","11":"tag-breakingnews","12":"tag-featured-news","13":"tag-featurednews","14":"tag-headlines","15":"tag-latest-news","16":"tag-latestnews","17":"tag-latvia","18":"tag-latvian","19":"tag-latviesu","20":"tag-latviesu-valoda","21":"tag-latviesuvaloda","22":"tag-latvija","23":"tag-lv","24":"tag-news","25":"tag-popularakas-zinas","26":"tag-popularakaszinas","27":"tag-top-stories","28":"tag-topstories","29":"tag-world","30":"tag-world-news","31":"tag-worldnews","32":"tag-zinas","33":"tag-zinas-no-arvalstim"},"share_on_mastodon":{"url":"https:\/\/pubeurope.com\/@lv\/115895056784330048","error":""},"_links":{"self":[{"href":"https:\/\/www.europesays.com\/lv\/wp-json\/wp\/v2\/posts\/104722","targetHints":{"allow":["GET"]}}],"collection":[{"href":"https:\/\/www.europesays.com\/lv\/wp-json\/wp\/v2\/posts"}],"about":[{"href":"https:\/\/www.europesays.com\/lv\/wp-json\/wp\/v2\/types\/post"}],"author":[{"embeddable":true,"href":"https:\/\/www.europesays.com\/lv\/wp-json\/wp\/v2\/users\/2"}],"replies":[{"embeddable":true,"href":"https:\/\/www.europesays.com\/lv\/wp-json\/wp\/v2\/comments?post=104722"}],"version-history":[{"count":0,"href":"https:\/\/www.europesays.com\/lv\/wp-json\/wp\/v2\/posts\/104722\/revisions"}],"wp:featuredmedia":[{"embeddable":true,"href":"https:\/\/www.europesays.com\/lv\/wp-json\/wp\/v2\/media\/104723"}],"wp:attachment":[{"href":"https:\/\/www.europesays.com\/lv\/wp-json\/wp\/v2\/media?parent=104722"}],"wp:term":[{"taxonomy":"category","embeddable":true,"href":"https:\/\/www.europesays.com\/lv\/wp-json\/wp\/v2\/categories?post=104722"},{"taxonomy":"post_tag","embeddable":true,"href":"https:\/\/www.europesays.com\/lv\/wp-json\/wp\/v2\/tags?post=104722"}],"curies":[{"name":"wp","href":"https:\/\/api.w.org\/{rel}","templated":true}]}}