{"id":104727,"date":"2026-01-14T19:22:09","date_gmt":"2026-01-14T19:22:09","guid":{"rendered":"https:\/\/www.europesays.com\/lv\/104727\/"},"modified":"2026-01-14T19:22:09","modified_gmt":"2026-01-14T19:22:09","slug":"nekustama-ipasuma-parvaldi-no-sodienas-vada-anita-berzina","status":"publish","type":"post","link":"https:\/\/www.europesays.com\/lv\/104727\/","title":{"rendered":"Nekustam\u0101 \u012bpa\u0161uma p\u0101rvaldi no \u0161odienas vada Anita B\u0113rzi\u0146a"},"content":{"rendered":"<p>Nekustam\u0101 \u012bpa\u0161uma p\u0101rvaldi no \u0161odienas vada Anita B\u0113rzi\u0146a<\/p>\n<p>13. janv\u0101r\u012b Jelgavas pa\u0161vald\u012bbas kapit\u0101lsabiedr\u012bbas dal\u012bbnieku sapulc\u0113 pie\u0146emts l\u0113mums par pagaidu valdes locekli SIA \u201cJelgavas nekustam\u0101 \u012bpa\u0161uma p\u0101rvalde\u201d (JN\u012aP) iecelt Anitu B\u0113rzi\u0146u. Vi\u0146a valdes locek\u013ca pien\u0101kumus pilda no 14. janv\u0101ra.<\/p>\n<p>A.B\u0113rzi\u0146ai ir ieg\u016bts in\u017eeniera-ekonomista profesion\u0101lais ma\u0123istra gr\u0101ds R\u012bgas Politehniskaj\u0101 instit\u016bt\u0101. Vi\u0146as profesion\u0101l\u0101 darb\u012bba jau desmit gadus ir saist\u012bta ar m\u0101ju apsaimnieko\u0161anu. 2012. gad\u0101 ieguvusi 3. profesion\u0101l\u0101s kvalifik\u0101cijas l\u012bmeni, kvalifik\u0101cij\u0101 ,,Namu p\u0101rzinis\u201d.<\/p>\n<p>L\u012bdz\u0161in\u0113jais JN\u012aP valdes loceklis Signis R\u012bns, uz abpus\u0113jas vieno\u0161an\u0101s pamata ar kapit\u0101lda\u013cu tur\u0113t\u0101ju, valdes locek\u013ca pien\u0101kumus beidza pild\u012bt 13. janv\u0101r\u012b.<\/p>\n<p>JN\u012aP kapit\u0101lsabiedr\u012bbas dal\u012bbnieku sapulc\u0113, lai nodro\u0161in\u0101tu kapit\u0101lsabiedr\u012bbas p\u0101rvald\u012bbas nep\u0101rtraukt\u012bbu un valdes r\u012bc\u012bbsp\u0113ju, iecelts pagaidu valdes loceklis.<\/p>\n<p>Pagaidu valdes locekli, atbilsto\u0161i normat\u012bvajiem aktiem, iece\u013c uz laiku l\u012bdz vienam gadam. Pa\u0161vald\u012bba jau tuv\u0101kaj\u0101 laik\u0101 izsludin\u0101s konkursu uz JN\u012aP valdes locek\u013ca amatu.<\/p>\n","protected":false},"excerpt":{"rendered":"Nekustam\u0101 \u012bpa\u0161uma p\u0101rvaldi no \u0161odienas vada Anita B\u0113rzi\u0146a 13. janv\u0101r\u012b Jelgavas pa\u0161vald\u012bbas kapit\u0101lsabiedr\u012bbas dal\u012bbnieku sapulc\u0113 pie\u0146emts l\u0113mums par&hellip;\n","protected":false},"author":2,"featured_media":104728,"comment_status":"","ping_status":"","sticky":false,"template":"","format":"standard","meta":{"footnotes":""},"categories":[12],"tags":[23,28,29,32,33,22,30,31,35,39,38,36,37,34,40,20,26,27,24,25,21],"class_list":{"0":"post-104727","1":"post","2":"type-post","3":"status-publish","4":"format-standard","5":"has-post-thumbnail","7":"category-latvija","8":"tag-aktualitates","9":"tag-breaking-news","10":"tag-breakingnews","11":"tag-featured-news","12":"tag-featurednews","13":"tag-headlines","14":"tag-latest-news","15":"tag-latestnews","16":"tag-latvia","17":"tag-latvian","18":"tag-latviesu","19":"tag-latviesu-valoda","20":"tag-latviesuvaloda","21":"tag-latvija","22":"tag-lv","23":"tag-news","24":"tag-popularakas-zinas","25":"tag-popularakaszinas","26":"tag-top-stories","27":"tag-topstories","28":"tag-zinas"},"share_on_mastodon":{"url":"https:\/\/pubeurope.com\/@lv\/115895084126199041","error":""},"_links":{"self":[{"href":"https:\/\/www.europesays.com\/lv\/wp-json\/wp\/v2\/posts\/104727","targetHints":{"allow":["GET"]}}],"collection":[{"href":"https:\/\/www.europesays.com\/lv\/wp-json\/wp\/v2\/posts"}],"about":[{"href":"https:\/\/www.europesays.com\/lv\/wp-json\/wp\/v2\/types\/post"}],"author":[{"embeddable":true,"href":"https:\/\/www.europesays.com\/lv\/wp-json\/wp\/v2\/users\/2"}],"replies":[{"embeddable":true,"href":"https:\/\/www.europesays.com\/lv\/wp-json\/wp\/v2\/comments?post=104727"}],"version-history":[{"count":0,"href":"https:\/\/www.europesays.com\/lv\/wp-json\/wp\/v2\/posts\/104727\/revisions"}],"wp:featuredmedia":[{"embeddable":true,"href":"https:\/\/www.europesays.com\/lv\/wp-json\/wp\/v2\/media\/104728"}],"wp:attachment":[{"href":"https:\/\/www.europesays.com\/lv\/wp-json\/wp\/v2\/media?parent=104727"}],"wp:term":[{"taxonomy":"category","embeddable":true,"href":"https:\/\/www.europesays.com\/lv\/wp-json\/wp\/v2\/categories?post=104727"},{"taxonomy":"post_tag","embeddable":true,"href":"https:\/\/www.europesays.com\/lv\/wp-json\/wp\/v2\/tags?post=104727"}],"curies":[{"name":"wp","href":"https:\/\/api.w.org\/{rel}","templated":true}]}}