{"id":104729,"date":"2026-01-14T19:28:09","date_gmt":"2026-01-14T19:28:09","guid":{"rendered":"https:\/\/www.europesays.com\/lv\/104729\/"},"modified":"2026-01-14T19:28:09","modified_gmt":"2026-01-14T19:28:09","slug":"kundzinsalas-robezkontroles-komplekss-svin-sparu-svetkus-raksts","status":"publish","type":"post","link":"https:\/\/www.europesays.com\/lv\/104729\/","title":{"rendered":"Kundzi\u0146salas robe\u017ekontroles komplekss svin sp\u0101ru sv\u0113tkus \/ Raksts"},"content":{"rendered":"<p>Kundzi\u0146sal\u0101, kur notiek robe\u017e\u0161\u0137\u0113rso\u0161anas infrastrukt\u016bras izb\u016bve, nosvin\u0113ti sp\u0101ru sv\u0113tki, kas noz\u012bm\u0113, ka \u0113kas komplekss ir guvis pirm\u0101s aprises un apjom\u012bg\u0101kie izb\u016bves darbi ir pabeigti. Jaunaj\u0101 \u0113k\u0101 atrad\u012bsies vair\u0101ki valsts iest\u0101\u017eu kontroles dienesti.\u00a0\u00a0<\/p>\n<p>Jaun\u0101 <a href=\"https:\/\/www.lsm.lv\/raksts\/zinas\/latvija\/13.08.2025-riga-top-moderna-robezkontroles-vieta-kundzinsala.a610263\/\" class=\"lsm-link\" data-type=\"article\" data-id=\"610263\" rel=\"nofollow noopener\" target=\"_blank\">robe\u017e\u0161\u0137\u0113rso\u0161anas infrastrukt\u016bra un topo\u0161\u0101 \u0113ka<\/a>, kur\u0101 plecu pie pleca str\u0101d\u0101s ar muitu un robe\u017eu saist\u012bti dienesti, ieguvusi pirm\u0101s aprises. Vasar\u0101 tur iem\u016br\u0113ja laika kapsulu, bet tre\u0161dien svin\u0113ja sp\u0101ru sv\u0113tkus. Tas noz\u012bm\u0113, ka sasniegts kompleksa \u0113kas augst\u0101kais punkts.\u00a0<\/p>\n<p>VAS &#8220;Valsts nekustamie \u012bpa\u0161umi&#8221; valdes locekle Je\u013cena Gavrilova nor\u0101d\u012bja: &#8220;\u0160obr\u012bd viss notiek p\u0113c pl\u0101na. Ir pabeigti 20 % no visa apjoma. Dienesti str\u0101d\u0101s visi vien\u0101 viet\u0101, lai nodro\u0161in\u0101tu efektivit\u0101ti. Gada nogal\u0113 pl\u0101nojam nodot ekspluat\u0101cij\u0101. Tas noz\u012bm\u0113, ka 2027. gada s\u0101kum\u0101 dienesti s\u0101ks p\u0101rv\u0101kties un apdz\u012bvot telpas.&#8221;<\/p>\n<p>            <img decoding=\"async\" src=\"https:\/\/www.europesays.com\/lv\/wp-content\/uploads\/2026\/01\/sgqc.jpg\" alt=\"Kundzi\u0146salas robe\u017ekontroles komplekss svin sp\u0101ru sv\u0113tkus\"\/><\/p>\n<p>Kundzi\u0146salas robe\u017ekontroles komplekss svin sp\u0101ru sv\u0113tkus<\/p>\n<p>Foto: Vita Anstrate \/ Latvijas Telev\u012bzija<\/p>\n<\/p>\n<p>Teritorij\u0101 jau veikti \u0123eoterm\u0101lie urbumi, st\u0101vlaukumu beton\u0113\u0161anas un asfalt\u0113\u0161anas darbi.\u00a0<\/p>\n<p>Tur str\u0101d\u0101s Valsts ie\u0146\u0113mumu dienesta, Valsts robe\u017esardzes, P\u0101rtikas un veterin\u0101r\u0101 dienesta atbild\u012bgie darbinieki. Jaunais komplekss \u013caus dienestiem sadarboties cie\u0161\u0101k un operat\u012bv\u0101k.<\/p>\n<p>            <img decoding=\"async\" src=\"https:\/\/www.europesays.com\/lv\/wp-content\/uploads\/2026\/01\/sgpb.jpg\" alt=\"Kundzi\u0146salas robe\u017ekontroles komplekss svin sp\u0101ru sv\u0113tkus\"\/><\/p>\n<p>Kundzi\u0146salas robe\u017ekontroles komplekss svin sp\u0101ru sv\u0113tkus<\/p>\n<p>Foto: Vita Anstrate \/ Latvijas Telev\u012bzija<\/p>\n<\/p>\n<p>&#8220;Jaun\u0101s darba telpas ir piel\u0101gotas ar\u012b m\u016bsu infrastrukt\u016brai. Ar\u012b robe\u017e\u0161\u0137\u0113rsot\u0101jiem, ka, ien\u0101kot iek\u0161\u0101, mums ir atsevi\u0161\u0137as telpas, kur ir ar\u012b v\u012bzu izsnieg\u0161ana. Mums ir radi\u0101cijas kontroles veik\u0161anas pas\u0101kumi. Tas ir \u013coti svar\u012bgi, lai veiktu robe\u017ep\u0101rbaudes \u0101tri, kvalitat\u012bvi, blakus ir muita, P\u0101rtikas un veterin\u0101rais dienests, ar ko m\u0113s var\u0113sim sadarboties. L\u012bdz ar to robe\u017e\u0161\u0137\u0113rsot\u0101jiem nevajadz\u0113s kav\u0113ties. Un \u0101tr\u0101k tiks veiktas robe\u017ep\u0101rbaudes proced\u016bras,&#8221; kl\u0101st\u012bja Valsts robe\u017esardzes R\u012bgas p\u0101rvaldes priek\u0161nieks, pulkvedis Andris Ansons.<\/p>\n<p>Kop\u0113j\u0101s projekta<a href=\"https:\/\/www.lsm.lv\/raksts\/zinas\/ekonomika\/24.10.2024-ostas-teritorija-kundzinsala-sak-buvet-teju-40-miljonu-eiro-verto-robezskersosanas-infrastrukturu.a573788\/\" class=\"lsm-link\" data-type=\"article\" data-id=\"573788\" rel=\"nofollow noopener\" target=\"_blank\"> izmaksas p\u0101rsniedz 39 miljonus eiro<\/a>.<\/p>\n<p>                    Valodas k\u013c\u016bda rakst\u0101?<\/p>\n<p class=\"d-none d-md-block\">Iez\u012bm\u0113jiet tekstu un spiediet Ctrl+Enter, lai nos\u016bt\u012btu labojamo teksta fragmentu redaktoram! Par faktu k\u013c\u016bd\u0101m l\u016bdzam zi\u0146ot e-past\u0101 <a href=\"https:\/\/www.lsm.lv\/cdn-cgi\/l\/email-protection\" class=\"__cf_email__\" data-cfemail=\"bbc9dedfdad0d8d2d1dafbd7c8d695d7cd\" rel=\"nofollow noopener\" target=\"_blank\">[email\u00a0protected]<\/a>.<\/p>\n<p class=\"d-md-none\">Iez\u012bm\u0113jiet tekstu un spiediet uz Zi\u0146ot par k\u013c\u016bdu pogas, lai nos\u016bt\u012btu labojamo teksta fragmentu redaktoram!<\/p>\n<p>\n                    Zi\u0146ot par k\u013c\u016bdu\n                <\/p>\n","protected":false},"excerpt":{"rendered":"Kundzi\u0146sal\u0101, kur notiek robe\u017e\u0161\u0137\u0113rso\u0161anas infrastrukt\u016bras izb\u016bve, nosvin\u0113ti sp\u0101ru sv\u0113tki, kas noz\u012bm\u0113, ka \u0113kas komplekss ir guvis pirm\u0101s aprises&hellip;\n","protected":false},"author":2,"featured_media":104730,"comment_status":"","ping_status":"","sticky":false,"template":"","format":"standard","meta":{"footnotes":""},"categories":[12],"tags":[23,28,29,32,33,22,30,31,35,39,38,36,37,34,40,20,26,27,24,25,21],"class_list":{"0":"post-104729","1":"post","2":"type-post","3":"status-publish","4":"format-standard","5":"has-post-thumbnail","7":"category-latvija","8":"tag-aktualitates","9":"tag-breaking-news","10":"tag-breakingnews","11":"tag-featured-news","12":"tag-featurednews","13":"tag-headlines","14":"tag-latest-news","15":"tag-latestnews","16":"tag-latvia","17":"tag-latvian","18":"tag-latviesu","19":"tag-latviesu-valoda","20":"tag-latviesuvaloda","21":"tag-latvija","22":"tag-lv","23":"tag-news","24":"tag-popularakas-zinas","25":"tag-popularakaszinas","26":"tag-top-stories","27":"tag-topstories","28":"tag-zinas"},"share_on_mastodon":{"url":"https:\/\/pubeurope.com\/@lv\/115895107804003839","error":""},"_links":{"self":[{"href":"https:\/\/www.europesays.com\/lv\/wp-json\/wp\/v2\/posts\/104729","targetHints":{"allow":["GET"]}}],"collection":[{"href":"https:\/\/www.europesays.com\/lv\/wp-json\/wp\/v2\/posts"}],"about":[{"href":"https:\/\/www.europesays.com\/lv\/wp-json\/wp\/v2\/types\/post"}],"author":[{"embeddable":true,"href":"https:\/\/www.europesays.com\/lv\/wp-json\/wp\/v2\/users\/2"}],"replies":[{"embeddable":true,"href":"https:\/\/www.europesays.com\/lv\/wp-json\/wp\/v2\/comments?post=104729"}],"version-history":[{"count":0,"href":"https:\/\/www.europesays.com\/lv\/wp-json\/wp\/v2\/posts\/104729\/revisions"}],"wp:featuredmedia":[{"embeddable":true,"href":"https:\/\/www.europesays.com\/lv\/wp-json\/wp\/v2\/media\/104730"}],"wp:attachment":[{"href":"https:\/\/www.europesays.com\/lv\/wp-json\/wp\/v2\/media?parent=104729"}],"wp:term":[{"taxonomy":"category","embeddable":true,"href":"https:\/\/www.europesays.com\/lv\/wp-json\/wp\/v2\/categories?post=104729"},{"taxonomy":"post_tag","embeddable":true,"href":"https:\/\/www.europesays.com\/lv\/wp-json\/wp\/v2\/tags?post=104729"}],"curies":[{"name":"wp","href":"https:\/\/api.w.org\/{rel}","templated":true}]}}