{"id":104733,"date":"2026-01-14T19:34:09","date_gmt":"2026-01-14T19:34:09","guid":{"rendered":"https:\/\/www.europesays.com\/lv\/104733\/"},"modified":"2026-01-14T19:34:09","modified_gmt":"2026-01-14T19:34:09","slug":"pie-robezparkapejiem-atrod-baltkrievijas-militarpersonas-dokumentus-un-kopigus-foto-ar-agresorvalsts-robezsargiem-raksts","status":"publish","type":"post","link":"https:\/\/www.europesays.com\/lv\/104733\/","title":{"rendered":"Pie robe\u017ep\u0101rk\u0101p\u0113jiem atrod Baltkrievijas milit\u0101rpersonas dokumentus un kop\u012bgus foto ar agresorvalsts robe\u017esargiem \/ Raksts"},"content":{"rendered":"<p>Pie Latvij\u0101 aiztur\u0113tiem robe\u017ep\u0101rk\u0101p\u0113jiem konstat\u0113ti Baltkrievijas milit\u0101rpersonai piedero\u0161i dokumenti, sakaru l\u012bdzek\u013ci, k\u0101 ar\u012b kop\u012bgi fotoatt\u0113li ar Baltkrievijas robe\u017esargiem, inform\u0113ja Nacion\u0101lie bru\u0146otie sp\u0113ki (NBS). \u0160ie gad\u012bjumi apliecina\u00a0Baltkrievijas\u00a0ties\u012bbsarg\u0101jo\u0161o un milit\u0101ro strukt\u016bru iesaisti robe\u017ep\u0101rk\u0101p\u0113ju virz\u012b\u0161an\u0101 uz Latvijas valsts robe\u017eu, nor\u0101d\u012bja NBS.<\/p>\n<p>Pie viena no aiztur\u0113tajiem\u00a0robe\u017e\u0161\u0137\u0113rsot\u0101jiem\u00a0konstat\u0113ti Baltkrievijas milit\u0101rpersonai piedero\u0161i dokumenti un sakaru l\u012bdzek\u013ci. P\u0101rbaud\u0113 noskaidrots, ka\u00a0materi\u0101li pieder milit\u0101rpersonai no 19. gvardes mehaniz\u0113to k\u0101jnieku brig\u0101des izl\u016bko\u0161anas bataljona, kas izvietota Vitebskas apgabal\u0101. Dokumenti ietv\u0113ra karasp\u0113ka da\u013cas iek\u0161\u0113jo dokument\u0101ciju, tostarp izsniegto materi\u0101ltehnisko l\u012bdzek\u013cu uzskaiti.<\/p>\n<p><img decoding=\"async\" src=\"https:\/\/www.europesays.com\/lv\/wp-content\/uploads\/2026\/01\/sgqf.jpg\" alt=\"Baltkrievijas ekip\u0113jum\u0101 eso\u0161\u0101s r\u0101cijas\"\/>Baltkrievijas ekip\u0113jum\u0101 eso\u0161\u0101s r\u0101cijas<\/p>\n<p>Foto: NBS<\/p>\n<p><img decoding=\"async\" src=\"https:\/\/www.europesays.com\/lv\/wp-content\/uploads\/2026\/01\/sgqg.jpg\" alt=\"Baltkrievijas ekip\u0113jum\u0101 eso\u0161\u0101s r\u0101cijas\"\/>Baltkrievijas ekip\u0113jum\u0101 eso\u0161\u0101s r\u0101cijas<\/p>\n<p>Foto: NBS<\/p>\n<\/p>\n<p>Savuk\u0101rt aiztur\u0113to\u00a0migrantu r\u012bc\u012bb\u0101 eso\u0161aj\u0101s mobilaj\u0101s ier\u012bc\u0113s konstat\u0113ti att\u0113li, kuros redzamas Baltkrievijas robe\u017esardzes amatpersonas kop\u0101 ar\u00a0migrantiem, tostarp milit\u0101ra tipa transportl\u012bdzek\u013cos. Fiks\u0113ti gad\u012bjumi, kuros Baltkrievijas robe\u017esardzes strukt\u016bru amatpersonas piedal\u0101s migrantu nog\u0101d\u0101\u0161an\u0101 uz viet\u0101m, no kur\u0101m tie tiek virz\u012bti Latvijas valsts robe\u017eas \u0161\u0137\u0113rso\u0161anai.\u00a0<\/p>\n<blockquote>\n<p>T\u0101pat fiks\u0113ti gad\u012bjumi, kas liecina par migrantu izmanto\u0161anu inform\u0101cijas ieguves nol\u016bkos un citiem hibr\u012bdapdraud\u0113juma elementiem.<\/p>\n<\/blockquote>\n<p>NBS un Valsts robe\u017esardze regul\u0101ri fiks\u0113 elektronisk\u0101s karadarb\u012bbas izpausmes no Baltkrievijas Republikas teritorijas puses, kas ietekm\u0113 sakaru un navig\u0101cijas sist\u0113mu darb\u012bbu pierobe\u017e\u0101.<\/p>\n<p>Ja Latvijas austrumu pierobe\u017eas re\u0123ionos tiek paman\u012btas aizdom\u012bgas darb\u012bbas, personas vai transportl\u012bdzek\u013ci, iedz\u012bvot\u0101ji aicin\u0101ti zi\u0146ot\u00a0operat\u012bvajiem dienestiem uz\u00a0t\u0101lru\u0146a numuru 112 vai Valsts robe\u017esardzei uz\u00a0t\u0101lru\u0146a numuru 67913300.<\/p>\n<p>                    Valodas k\u013c\u016bda rakst\u0101?<\/p>\n<p class=\"d-none d-md-block\">Iez\u012bm\u0113jiet tekstu un spiediet Ctrl+Enter, lai nos\u016bt\u012btu labojamo teksta fragmentu redaktoram! Par faktu k\u013c\u016bd\u0101m l\u016bdzam zi\u0146ot e-past\u0101 <a href=\"https:\/\/www.lsm.lv\/cdn-cgi\/l\/email-protection\" class=\"__cf_email__\" data-cfemail=\"8efcebeaefe5ede7e4efcee2fde3a0e2f8\" rel=\"nofollow noopener\" target=\"_blank\">[email\u00a0protected]<\/a>.<\/p>\n<p class=\"d-md-none\">Iez\u012bm\u0113jiet tekstu un spiediet uz Zi\u0146ot par k\u013c\u016bdu pogas, lai nos\u016bt\u012btu labojamo teksta fragmentu redaktoram!<\/p>\n<p>\n                    Zi\u0146ot par k\u013c\u016bdu\n                <\/p>\n","protected":false},"excerpt":{"rendered":"Pie Latvij\u0101 aiztur\u0113tiem robe\u017ep\u0101rk\u0101p\u0113jiem konstat\u0113ti Baltkrievijas milit\u0101rpersonai piedero\u0161i dokumenti, sakaru l\u012bdzek\u013ci, k\u0101 ar\u012b kop\u012bgi fotoatt\u0113li ar Baltkrievijas robe\u017esargiem,&hellip;\n","protected":false},"author":2,"featured_media":104734,"comment_status":"","ping_status":"","sticky":false,"template":"","format":"standard","meta":{"footnotes":""},"categories":[12],"tags":[23,28,29,32,33,22,30,31,35,39,38,36,37,34,40,20,26,27,24,25,21],"class_list":{"0":"post-104733","1":"post","2":"type-post","3":"status-publish","4":"format-standard","5":"has-post-thumbnail","7":"category-latvija","8":"tag-aktualitates","9":"tag-breaking-news","10":"tag-breakingnews","11":"tag-featured-news","12":"tag-featurednews","13":"tag-headlines","14":"tag-latest-news","15":"tag-latestnews","16":"tag-latvia","17":"tag-latvian","18":"tag-latviesu","19":"tag-latviesu-valoda","20":"tag-latviesuvaloda","21":"tag-latvija","22":"tag-lv","23":"tag-news","24":"tag-popularakas-zinas","25":"tag-popularakaszinas","26":"tag-top-stories","27":"tag-topstories","28":"tag-zinas"},"share_on_mastodon":{"url":"https:\/\/pubeurope.com\/@lv\/115895131438856731","error":""},"_links":{"self":[{"href":"https:\/\/www.europesays.com\/lv\/wp-json\/wp\/v2\/posts\/104733","targetHints":{"allow":["GET"]}}],"collection":[{"href":"https:\/\/www.europesays.com\/lv\/wp-json\/wp\/v2\/posts"}],"about":[{"href":"https:\/\/www.europesays.com\/lv\/wp-json\/wp\/v2\/types\/post"}],"author":[{"embeddable":true,"href":"https:\/\/www.europesays.com\/lv\/wp-json\/wp\/v2\/users\/2"}],"replies":[{"embeddable":true,"href":"https:\/\/www.europesays.com\/lv\/wp-json\/wp\/v2\/comments?post=104733"}],"version-history":[{"count":0,"href":"https:\/\/www.europesays.com\/lv\/wp-json\/wp\/v2\/posts\/104733\/revisions"}],"wp:featuredmedia":[{"embeddable":true,"href":"https:\/\/www.europesays.com\/lv\/wp-json\/wp\/v2\/media\/104734"}],"wp:attachment":[{"href":"https:\/\/www.europesays.com\/lv\/wp-json\/wp\/v2\/media?parent=104733"}],"wp:term":[{"taxonomy":"category","embeddable":true,"href":"https:\/\/www.europesays.com\/lv\/wp-json\/wp\/v2\/categories?post=104733"},{"taxonomy":"post_tag","embeddable":true,"href":"https:\/\/www.europesays.com\/lv\/wp-json\/wp\/v2\/tags?post=104733"}],"curies":[{"name":"wp","href":"https:\/\/api.w.org\/{rel}","templated":true}]}}