{"id":104735,"date":"2026-01-14T19:35:07","date_gmt":"2026-01-14T19:35:07","guid":{"rendered":"https:\/\/www.europesays.com\/lv\/104735\/"},"modified":"2026-01-14T19:35:07","modified_gmt":"2026-01-14T19:35:07","slug":"mirkli-pirms-sarunam-par-asv-velmi-iegut-grenlandi-tramps-skandina-planus-par-zelta-kupolu","status":"publish","type":"post","link":"https:\/\/www.europesays.com\/lv\/104735\/","title":{"rendered":"Mirkli pirms sarun\u0101m par ASV v\u0113lmi ieg\u016bt Grenlandi, Tramps skandina pl\u0101nus par \u201czelta kupolu\u201d"},"content":{"rendered":"<p>Ierakst\u0101 platform\u0101 Truth Social ASV prezidents Donalds Tramps savu nost\u0101ju sasaista ar Pentagona iecer\u0113to \u201cZelta kupola\u201d pretgaisa aizsardz\u012bbas sist\u0113mu. T\u0101 pl\u0101nota k\u0101 pla\u0161a m\u0113roga aizsardz\u012bbas vairogs pret ra\u0137e\u0161u uzbrukumiem, l\u012bdz\u012bga Izra\u0113l\u0101 izmantotajam \u201cDzelzs kupolam\u201d, tikai daudz pla\u0161\u0101ka un v\u0113rien\u012bg\u0101ka.<\/p>\n<p>\u0160ie izteikumi izskan\u0113ja vien da\u017eas stundas pirms augsta l\u012bme\u0146a sarun\u0101m Va\u0161ington\u0101. Baltaj\u0101 nam\u0101 \u0161odien ASV viceprezidents D\u017eei D\u012b Venss un valsts sekret\u0101rs Marko Rubio tiekas ar D\u0101nijas \u0101rlietu ministru Larsu Loki Rasmusenu un Grenlandes \u0101rlietu ministri Vivianu Mocfeltu, lai spriestu \u2013 ko dar\u012bt t\u0101l\u0101k.<\/p>\n<p>D\u0101nijas un Grenlandes nost\u0101ja l\u012bdz \u0161im ir bijusi nep\u0101rprotami noraido\u0161a.<\/p>\n<blockquote class=\"skaties-quote\">\n<p>Jenss Frederiks Nilsens<\/p>\n<p>Grenlandes premjerministrs<\/p>\n<p>\u201cJa mums \u0161eit un tagad b\u016btu j\u0101izv\u0113las starp ASV un D\u0101niju, m\u0113s izv\u0113lamies D\u0101niju. M\u0113s izv\u0113lamies NATO. M\u0113s izv\u0113lamies D\u0101nijas Karalisti. M\u0113s izv\u0113lamies Eiropas Savien\u012bbu.\u201d<\/p>\n<\/blockquote>\n<blockquote class=\"skaties-quote\">\n<p>Mete Frederiksena<\/p>\n<p>D\u0101nijas premjerministre<\/p>\n<p>\u201cNav bijis viegli st\u0101ties pret\u012b piln\u012bgi nepie\u0146emamam spiedienam no m\u016bsu tuv\u0101k\u0101 sabiedrot\u0101 \u2014 spiedienam, ar k\u0101du \u0161\u012b paaudze l\u012bdz \u0161im nav sask\u0101rusies. Ta\u010du vienlaikus ir daudz paz\u012bmju, ka pats sare\u017e\u0123\u012bt\u0101kais v\u0113l tikai gaid\u0101ms.\u201d<\/p>\n<\/blockquote>\n<p>Kopenh\u0101gena s\u0101kusi rea\u0123\u0113t ar\u012b praktiski. D\u0101nija pl\u0101no pastiprin\u0101t milit\u0101ro kl\u0101tb\u016btni Grenland\u0113 un t\u0101s apk\u0101rtn\u0113, tur tuv\u0101kaj\u0101 laik\u0101 izvietojot papildu karav\u012brus, ku\u0123us un lidapar\u0101tus. Ar\u012b Eiropa demonstr\u0113 solidarit\u0101ti ar D\u0101niju.<\/p>\n<p class=\"ad-desc ad-desc-main\">Saturs turpin\u0101s p\u0113c rekl\u0101mas<\/p>\n<p class=\"ad-desc ad-desc-sec\">Rekl\u0101ma<\/p>\n<blockquote class=\"skaties-quote\">\n<p>Urzula fon der Leiena<\/p>\n<p>Eiropas Komisijas prezidente<\/p>\n<p>\u201cGrenlande pieder t\u0101s iedz\u012bvot\u0101jiem un visi l\u0113mumi, kas skar Grenlandi un D\u0101niju, ir tikai un vien\u012bgi D\u0101nijas un pa\u0161as Grenlandes zi\u0146\u0101.\u201d<\/p>\n<\/blockquote>\n<blockquote class=\"skaties-quote\">\n<p>\u017dans Noels Baro<\/p>\n<p>Francijas \u0101rlietu ministrs<\/p>\n<p>\u201cJebkur\u0101 gad\u012bjum\u0101 Grenlande nav p\u0101rdo\u0161an\u0101. Grenlandes premjerministrs to vakar pauda \u013coti skaidri, stingri un mier\u012bgi. Grenlande nev\u0113las ne pieder\u0113t, ne tikt p\u0101rvald\u012bta, ne integr\u0113ta Amerikas Savienotaj\u0101s Valst\u012bs. Grenlande ir izv\u0113l\u0113jusies D\u0101niju, NATO un Eiropas Savien\u012bbu.\u201d<\/p>\n<\/blockquote>\n<p>Francijas amatpersonas ar\u012b br\u012bdin\u0101ju\u0161as, ka jebk\u0101di m\u0113\u0123in\u0101jumi apdraud\u0113t D\u0101nijas Eiropas sabiedrot\u0101s valsts suverenit\u0101ti rad\u012btu bezprecedenta sekas. Par\u012bze raida ar\u012b skaidru politisku sign\u0101lu \u2013 jau febru\u0101r\u012b t\u0101 atv\u0113rs konsul\u0101tu N\u016bk\u0101, Grenlandes galvaspils\u0113t\u0101.<\/p>\n<p class=\"tv3-fw-500\">Zi\u0146o par k\u013c\u016bdu rakst\u0101<\/p>\n<p class=\"d-md-block d-none\">Iez\u012bm\u0113 k\u013c\u016bdaino tekstu un spied Ctrl+Enter.<\/p>\n<p class=\"d-md-none d-block\">Iez\u012bm\u0113 k\u013c\u016bdaino tekstu un zi\u0146o par to!<\/p>\n","protected":false},"excerpt":{"rendered":"Ierakst\u0101 platform\u0101 Truth Social ASV prezidents Donalds Tramps savu nost\u0101ju sasaista ar Pentagona iecer\u0113to \u201cZelta kupola\u201d pretgaisa aizsardz\u012bbas&hellip;\n","protected":false},"author":2,"featured_media":104736,"comment_status":"","ping_status":"","sticky":false,"template":"","format":"standard","meta":{"footnotes":""},"categories":[5],"tags":[23,25154,28,29,32,33,22,30,31,35,39,38,36,37,34,40,20,26,27,24,25,21],"class_list":{"0":"post-104735","1":"post","2":"type-post","3":"status-publish","4":"format-standard","5":"has-post-thumbnail","7":"category-aktualitates","8":"tag-aktualitates","9":"tag-asvdanijagrenlandenato","10":"tag-breaking-news","11":"tag-breakingnews","12":"tag-featured-news","13":"tag-featurednews","14":"tag-headlines","15":"tag-latest-news","16":"tag-latestnews","17":"tag-latvia","18":"tag-latvian","19":"tag-latviesu","20":"tag-latviesu-valoda","21":"tag-latviesuvaloda","22":"tag-latvija","23":"tag-lv","24":"tag-news","25":"tag-popularakas-zinas","26":"tag-popularakaszinas","27":"tag-top-stories","28":"tag-topstories","29":"tag-zinas"},"share_on_mastodon":{"url":"https:\/\/pubeurope.com\/@lv\/115895135277236311","error":""},"_links":{"self":[{"href":"https:\/\/www.europesays.com\/lv\/wp-json\/wp\/v2\/posts\/104735","targetHints":{"allow":["GET"]}}],"collection":[{"href":"https:\/\/www.europesays.com\/lv\/wp-json\/wp\/v2\/posts"}],"about":[{"href":"https:\/\/www.europesays.com\/lv\/wp-json\/wp\/v2\/types\/post"}],"author":[{"embeddable":true,"href":"https:\/\/www.europesays.com\/lv\/wp-json\/wp\/v2\/users\/2"}],"replies":[{"embeddable":true,"href":"https:\/\/www.europesays.com\/lv\/wp-json\/wp\/v2\/comments?post=104735"}],"version-history":[{"count":0,"href":"https:\/\/www.europesays.com\/lv\/wp-json\/wp\/v2\/posts\/104735\/revisions"}],"wp:featuredmedia":[{"embeddable":true,"href":"https:\/\/www.europesays.com\/lv\/wp-json\/wp\/v2\/media\/104736"}],"wp:attachment":[{"href":"https:\/\/www.europesays.com\/lv\/wp-json\/wp\/v2\/media?parent=104735"}],"wp:term":[{"taxonomy":"category","embeddable":true,"href":"https:\/\/www.europesays.com\/lv\/wp-json\/wp\/v2\/categories?post=104735"},{"taxonomy":"post_tag","embeddable":true,"href":"https:\/\/www.europesays.com\/lv\/wp-json\/wp\/v2\/tags?post=104735"}],"curies":[{"name":"wp","href":"https:\/\/api.w.org\/{rel}","templated":true}]}}