{"id":104739,"date":"2026-01-14T19:40:12","date_gmt":"2026-01-14T19:40:12","guid":{"rendered":"https:\/\/www.europesays.com\/lv\/104739\/"},"modified":"2026-01-14T19:40:12","modified_gmt":"2026-01-14T19:40:12","slug":"foto-kundzinsalas-robezskersosanas-vieta-sparu-svetki-dienas-bizness","status":"publish","type":"post","link":"https:\/\/www.europesays.com\/lv\/104739\/","title":{"rendered":"FOTO: Kundzi\u0146salas robe\u017e\u0161\u0137\u0113rso\u0161anas viet\u0101 sp\u0101ru sv\u0113tki :: Dienas Bizness"},"content":{"rendered":"<p class=\"text-font font-size--text-xlarge margin-3--bottom font-weight--bold padding-1--top\">Atz\u012bm\u0113jot Kundzi\u0146salas robe\u017e\u0161\u0137\u0113rso\u0161anas vietas (Uriekstes iel\u0101 42 B, R\u012bg\u0101) multifunkcion\u0101l\u0101 kompleksa administrat\u012bv\u0101s \u0113kas augst\u0101k\u0101 punkta sasnieg\u0161anu, VAS \u201cValsts nekustamie \u012bpa\u0161umi\u201d (VN\u012a) kop\u0101 ar projekt\u0101 iesaist\u012btaj\u0101m pus\u0113m nosvin\u0113ja sp\u0101ru sv\u0113tkus.<\/p>\n<p class=\"text-font font-size--text-xlarge margin-3--bottom\">\u201cPirms pusgada piel\u0101gojam\u0101 teritorija bija kl\u0101ta smilt\u012bm un \u0113ku aprises tikai s\u0101ka veidoties. \u0160odien m\u0113s atz\u012bm\u0113jam administrat\u012bv\u0101s \u0113kas jaunb\u016bves augst\u0101k\u0101 punkta sasnieg\u0161anu. Turpm\u0101k veicamo darbu ietvaros iek\u0101rtosim \u0113kas un teritoriju, lai jau n\u0101kamaj\u0101 gad\u0101 kontroles dienesti var\u0113tu veikt savus pien\u0101kumus m\u016bsdien\u012bg\u0101s un piem\u0113rot\u0101s telp\u0101s,\u201d nor\u0101da VN\u012a valdes locekle Je\u013cena Gavrilova.<\/p>\n<p class=\"text-font font-size--text-xlarge margin-3--bottom\">L\u012bdz \u0161im projekt\u0101 veikti aptuveni 25% no kop\u0113jiem b\u016bvdarbiem. Teritorij\u0101 ir veikta \u0123eoterm\u0101lo urbumu ier\u012bko\u0161ana, kas nodro\u0161in\u0101s energoefekt\u012bvu galven\u0101s \u0113kas siltumapg\u0101di un dzes\u0113\u0161anu. Teritorijas publiskaj\u0101 da\u013c\u0101 veikti st\u0101vlaukumu beton\u0113\u0161anas un asfalt\u0113\u0161anas darbi, t.sk, kravas transportl\u012bdzek\u013cu st\u0101vlaukumi. Teritorijas sl\u0113gtaj\u0101 da\u013c\u0101 turpin\u0101s lietus \u016bdens novad\u012b\u0161anas kanaliz\u0101cijas izb\u016bves darbi ar apjom\u012bgu naftas produktu atdal\u012bt\u0101ju iestr\u0101di.<\/p>\n<p class=\"text-font font-size--text-xlarge margin-3--bottom\">&#8220;Jaunais Kundzi\u0146salas robe\u017e\u0161\u0137\u0113rso\u0161anas vietas komplekss veicin\u0101s cie\u0161\u0101ku sadarb\u012bbu starp visiem kontroles dienestiem, t\u0101d\u0113j\u0101di sekm\u0113jot starptautisk\u0101s tirdzniec\u012bbas uzraudz\u012bbu un pre\u010du p\u0101rvieto\u0161anas kontroli. M\u016bsdien\u012bga infrastrukt\u016bra un kop\u012bga darba vide rad\u012bs iesp\u0113jas efekt\u012bv\u0101k apvienot resursus un nodro\u0161in\u0101t augst\u0101ku dro\u0161\u012bbas l\u012bmeni. Jaun\u0101 infrastrukt\u016bra \u013caus mums pa\u0101trin\u0101t un vienk\u0101r\u0161ot muito\u0161anas procesu un veikt muitas kontroli efekt\u012bvi, vienlaikus radot labv\u0113l\u012bg\u0101kus apst\u0101k\u013cus gan uz\u0146\u0113m\u0113jiem, gan iedz\u012bvot\u0101jiem,\u201d nor\u0101da Valsts ie\u0146\u0113mumu dienesta \u0123ener\u0101ldirektora vietnieks- muitas jom\u0101, Muitas p\u0101rvaldes direktors Raimonds Zukuls.<\/p>\n<p class=\"text-font font-size--text-xlarge margin-3--bottom\">Pl\u0101nots, ka l\u012bdz \u0161\u012b gada j\u016bnijam vis\u0101m \u0113k\u0101m b\u016bs pabeigtas norobe\u017eojo\u0161\u0101s konstrukcijas, k\u0101 ar\u012b uzst\u0101d\u012bta kravas kontroles rentgena iek\u0101rta. \u0160obr\u012bd notiek sagatavo\u0161an\u0101s darbi jumta izb\u016bvei un logu mont\u0101\u017eai. L\u012bdz gada beig\u0101m pl\u0101nots kompleksu nodot ekspluat\u0101cij\u0101, lai jau 2027. gada pavasar\u012b kontroles dienesti var\u0113tu uzs\u0101kt p\u0101rcel\u0161anos uz jaunaj\u0101m telp\u0101m.<\/p>\n<p class=\"text-font font-size--text-xlarge margin-3--bottom\">\u201cP\u0101rtikas un veterin\u0101r\u0101 dienesta kl\u0101tb\u016btne jaunaj\u0101 robe\u017e\u0161\u0137\u0113rso\u0161anas viet\u0101 Kundzi\u0146sal\u0101 ir pa\u0161saprotama &#8211; Eiropas Savien\u012bb\u0101 p\u0101rtikas dro\u0161umam, dz\u012bvnieku un augu vesel\u012bbai ir noz\u012bm\u012bga loma, un tre\u0161o valstu izcelsmes pre\u010du robe\u017ekontrolei &#8211; augst\u0101k\u0101 priorit\u0101te. Jaunais kontroles punkts ar m\u016bsdien\u012bgu infrastrukt\u016bru nodro\u0161in\u0101s efekt\u012bvu s\u016bt\u012bjumu p\u0101rbaudi,\u201d nor\u0101da PVD \u0123ener\u0101ldirektora vietniece &#8211; Robe\u017ekontroles departamenta direktore Iveta \u0160ice \u2013 Tr\u0113de.<\/p>\n<p class=\"text-font font-size--text-xlarge margin-3--bottom\">\u201cSp\u0101ru vainags ierasti simboliz\u0113 un apliecina, ka apjom\u012bg\u0101kie izb\u016bves darbi ir paveikti un b\u016bvniec\u012bba p\u0101riet n\u0101kamaj\u0101 f\u0101z\u0113. \u0160\u012b trad\u012bcija simboliz\u0113 ne tikai b\u016btisku b\u016bvniec\u012bbas posma sasnieg\u0161anu, bet ar\u012bdzan kalpo k\u0101 veiksm\u012bgas savstarp\u0113j\u0101s sadarb\u012bbas apliecin\u0101jums. \u0160odienas sv\u0113tki ir pateic\u012bba ikvienam, kur\u0161 piedal\u0101s projekta \u012bsteno\u0161an\u0101 \u2013 no idejas l\u012bdz t\u0101s realiz\u0101cijai,\u201d nor\u0101da SIA \u201cBaltic Builders Allinace\u201d valdes priek\u0161s\u0113d\u0113t\u0101js Ivo \u010cerbakovs.<\/p>\n<p class=\"text-font font-size--text-xlarge margin-3--bottom\">VN\u012a vad\u012bb\u0101 Kundzi\u0146sal\u0101 \u0161obr\u012bd notiek robe\u017e\u0161\u0137\u0113rso\u0161anas vietas infrastrukt\u016bras izb\u016bve. Projekta ietvaros izveidos m\u016bsdienu pras\u012bb\u0101m atbilsto\u0161u, modernu infrastrukt\u016bru un darba vidi kontroles dienestu &#8211; Valsts ie\u0146\u0113mumu dienesta, Valsts robe\u017esardzes un P\u0101rtikas un veterin\u0101r\u0101 dienesta &#8211; funkciju \u012bsteno\u0161anai. Projekta \u012bsteno\u0161ana \u013caus uzlabot kontroles dienestu sadarb\u012bbu, uzraugot starptautisko tirdzniec\u012bbu, un nodro\u0161in\u0101s atbilsto\u0161u dro\u0161\u012bbas l\u012bmeni.<\/p>\n<p class=\"text-font font-size--text-xlarge margin-3--bottom\">Jaun\u0101 infrastrukt\u016bra \u013caus p\u0101rcelt R\u012bgas br\u012bvostas muitas kontroles punktu no Uriekstes ielas 16, R\u012bg\u0101, uz jaun\u0101m telp\u0101m, mazinot negat\u012bvo ietekmi uz R\u012bgas satiksmes pl\u016bsmu un gaisa kvalit\u0101ti, vienlaikus veicinot Eiropas transporta t\u012bkla (TEN\u2013T) infrastrukt\u016bras att\u012bst\u012bbu. Kundzi\u0146sal\u0101 pl\u0101nots izb\u016bv\u0113t st\u0101vlaukumus kravas un vieglajiem transportl\u012bdzek\u013ciem, k\u0101 ar\u012b kompleksu \u0113ku kopumu, kur\u0101 ietilps galven\u0101 administrat\u012bv\u0101 \u0113ka, kravu kontroles rentgena iek\u0101rtas \u0113ka, kontroles paviljoni un saimniec\u012bbas \u0113ka. Galven\u0101 \u0113ka, kur\u0101 str\u0101d\u0101s kontroles dienesti, paredz\u0113ta ar augst\u0101kaj\u0101m energoefektivit\u0101tes pras\u012bb\u0101m.<\/p>\n<p class=\"text-font font-size--text-xlarge margin-3--bottom\">Projekt\u0113\u0161anu un b\u016bvdarbus, k\u0101 ar\u012b kontroles dienestu funkciju izpildei nepiecie\u0161am\u0101 tehnolo\u0123isk\u0101 apr\u012bkojuma pieg\u0101di un uzst\u0101d\u012b\u0161anu veic personu apvien\u012bba \u201cSENSUM, BBA un AE\u201d, un paredzamais darbu izpildes termi\u0146\u0161 ir 2026. gada nogale, lai jau 2027.gad\u0101 dienesti var\u0113tu uzs\u0101kt darbu jaunaj\u0101 kompleks\u0101.<\/p>\n<p class=\"text-font font-size--text-xlarge margin-3--bottom\">B\u016bvdarbi norit neapb\u016bv\u0113t\u0101 ostas teritorij\u0101 Kundzi\u0146sal\u0101. Jaun\u0101 infrastrukt\u016bra aptvers 5,9 hekt\u0101ru plat\u012bbu.<\/p>\n<p class=\"text-font font-size--text-xlarge margin-3--bottom\">Projekta realiz\u0101cijai nepiecie\u0161amie l\u012bdzek\u013ci ir piesaist\u012bti no Eiropas Savien\u012bbas Atvese\u013co\u0161anas un notur\u012bbas meh\u0101nisma ietvaros Latvijai pie\u0161\u0137irt\u0101 finans\u0113juma granta veid\u0101 un valsts bud\u017eeta finans\u0113juma, kop\u0113jai summai sasniedzot 39 134 316 eiro. No Atvese\u013co\u0161anas un notur\u012bbas meh\u0101nisma projekta \u012bsteno\u0161anai pie\u0161\u0137irtais finans\u0113jums ir 15 437 180 eiro, savuk\u0101rt valsts bud\u017eeta finans\u0113jums ir 23 697 136 eiro.<\/p>\n<p class=\"text-font font-size--text-xlarge margin-3--bottom\">Kundzi\u0146sal\u0101 \u0161obr\u012bd tiek \u012bstenoti vair\u0101ki savstarp\u0113ji saist\u012bti projekti, kas \u013caus palielin\u0101t du\u0101l\u0101s izmanto\u0161anas transporta infrastrukt\u016bras kapacit\u0101ti un stiprin\u0101s milit\u0101r\u0101s mobilit\u0101tes t\u012bkla infrastrukt\u016bru. \u0160\u012b gada vid\u016b ekspluat\u0101cij\u0101 tiks nodots jaunais p\u0101rvads p\u0101r Sarkandaugavu, t\u0101pat vienlaikus darbu uzs\u0101kts ar\u012b viens no Baltij\u0101 \u0161obr\u012bd modern\u0101kajiem ostas caurlai\u017eu kontroles punktiem.<\/p>\n<p class=\"text-font font-size--text-xlarge margin-3--bottom\">Tiek pl\u0101nots, ka tuv\u0101kajos gados Kundzi\u0146sal\u0101, ieguldot vismaz 500 milj. eiro, no k\u0101 70% &#8211; tie\u0161\u0101s uz\u0146\u0113m\u0113ju invest\u012bcijas, darbu uzs\u0101ks v\u0113l vismaz septi\u0146i jauni uz\u0146\u0113mumi &#8211; kravu termin\u0101\u013ci, lo\u0123istikas centri, ener\u0123\u0113tikas uz\u0146\u0113mumi un viedas ra\u017eotnes, radot ap 800 jaun\u0101m darba viet\u0101m un veidojot \u0161o teritoriju par jauno R\u012bgas ostas ra\u017eo\u0161anas, lo\u0123istikas un augstas pievienot\u0101s v\u0113rt\u012bbas pakalpojumu un inov\u0101ciju centru.<\/p>\n<p>Skat\u012bties p\u0101r\u0113jos att\u0113lus<\/p>\n","protected":false},"excerpt":{"rendered":"Atz\u012bm\u0113jot Kundzi\u0146salas robe\u017e\u0161\u0137\u0113rso\u0161anas vietas (Uriekstes iel\u0101 42 B, R\u012bg\u0101) multifunkcion\u0101l\u0101 kompleksa administrat\u012bv\u0101s \u0113kas augst\u0101k\u0101 punkta sasnieg\u0161anu, VAS \u201cValsts&hellip;\n","protected":false},"author":2,"featured_media":104740,"comment_status":"","ping_status":"","sticky":false,"template":"","format":"standard","meta":{"footnotes":""},"categories":[12],"tags":[23,869,77,870,28,29,867,32,33,22,30,31,35,39,38,36,37,34,871,868,40,20,26,27,24,25,21],"class_list":{"0":"post-104739","1":"post","2":"type-post","3":"status-publish","4":"format-standard","5":"has-post-thumbnail","7":"category-latvija","8":"tag-aktualitates","9":"tag-biznesa-zinas","10":"tag-bizness","11":"tag-bizness-latvija","12":"tag-breaking-news","13":"tag-breakingnews","14":"tag-dienas-zinas","15":"tag-featured-news","16":"tag-featurednews","17":"tag-headlines","18":"tag-latest-news","19":"tag-latestnews","20":"tag-latvia","21":"tag-latvian","22":"tag-latviesu","23":"tag-latviesu-valoda","24":"tag-latviesuvaloda","25":"tag-latvija","26":"tag-latvijas-biznesa-zinas","27":"tag-latvijas-zinas","28":"tag-lv","29":"tag-news","30":"tag-popularakas-zinas","31":"tag-popularakaszinas","32":"tag-top-stories","33":"tag-topstories","34":"tag-zinas"},"share_on_mastodon":{"url":"https:\/\/pubeurope.com\/@lv\/115895154996667924","error":""},"_links":{"self":[{"href":"https:\/\/www.europesays.com\/lv\/wp-json\/wp\/v2\/posts\/104739","targetHints":{"allow":["GET"]}}],"collection":[{"href":"https:\/\/www.europesays.com\/lv\/wp-json\/wp\/v2\/posts"}],"about":[{"href":"https:\/\/www.europesays.com\/lv\/wp-json\/wp\/v2\/types\/post"}],"author":[{"embeddable":true,"href":"https:\/\/www.europesays.com\/lv\/wp-json\/wp\/v2\/users\/2"}],"replies":[{"embeddable":true,"href":"https:\/\/www.europesays.com\/lv\/wp-json\/wp\/v2\/comments?post=104739"}],"version-history":[{"count":0,"href":"https:\/\/www.europesays.com\/lv\/wp-json\/wp\/v2\/posts\/104739\/revisions"}],"wp:featuredmedia":[{"embeddable":true,"href":"https:\/\/www.europesays.com\/lv\/wp-json\/wp\/v2\/media\/104740"}],"wp:attachment":[{"href":"https:\/\/www.europesays.com\/lv\/wp-json\/wp\/v2\/media?parent=104739"}],"wp:term":[{"taxonomy":"category","embeddable":true,"href":"https:\/\/www.europesays.com\/lv\/wp-json\/wp\/v2\/categories?post=104739"},{"taxonomy":"post_tag","embeddable":true,"href":"https:\/\/www.europesays.com\/lv\/wp-json\/wp\/v2\/tags?post=104739"}],"curies":[{"name":"wp","href":"https:\/\/api.w.org\/{rel}","templated":true}]}}