{"id":104741,"date":"2026-01-14T19:41:08","date_gmt":"2026-01-14T19:41:08","guid":{"rendered":"https:\/\/www.europesays.com\/lv\/104741\/"},"modified":"2026-01-14T19:41:08","modified_gmt":"2026-01-14T19:41:08","slug":"asv-veselibas-ministrs-es-nezinu-ka-tramps-vel-ir-dzivs","status":"publish","type":"post","link":"https:\/\/www.europesays.com\/lv\/104741\/","title":{"rendered":"ASV vesel\u012bbas ministrs: Es nezinu, k\u0101 Tramps v\u0113l ir dz\u012bvs\u2026"},"content":{"rendered":"<p>    <img decoding=\"async\" src=\"https:\/\/www.europesays.com\/lv\/wp-content\/uploads\/2026\/01\/083c299a-3b36-4956-a319-82d66b837dbb-1024x683.jpg\" alt=\"&#10;Donalds Tramps&#10;\"\/><\/p>\n<p>Donalds Tramps<\/p>\n<p>Foto. Scanpix\/Win McNamee\/Getty Images\/AFP\n<\/p>\n<p>15:43, 14. janv\u0101ris 2026<\/p>\n<p>ASV prezidents Donalds Tramps tiek raksturots k\u0101 cilv\u0113ks ar \u012bpa\u0161i neparastiem \u0113\u0161anas paradumiem. T\u0101 apgalvo ASV vesel\u012bbas ministrs Roberts Kenedijs juniors, nor\u0101dot, ka Tramps bie\u017ei vien p\u0101rtiek no \u0101tro \u0113stuvju \u0113dieniem un visu laiku dzer di\u0113tisko kolu, v\u0113sta \u0101rzemju mediji.<\/p>\n<p>        Las\u012bt\u0101kie<br \/>\n        <a data-imagesrc=\"{&quot;300&quot;:&quot;https:\\\/\\\/lastatic.ams3.cdn.digitaloceanspaces.com\\\/2026\\\/01\\\/FotoJet-5-300x200.jpg&quot;,&quot;1024&quot;:&quot;https:\\\/\\\/lastatic.ams3.cdn.digitaloceanspaces.com\\\/2026\\\/01\\\/FotoJet-5-1024x683.jpg&quot;,&quot;1536&quot;:&quot;https:\\\/\\\/lastatic.ams3.cdn.digitaloceanspaces.com\\\/2026\\\/01\\\/FotoJet-5-1536x1024.jpg&quot;,&quot;500&quot;:&quot;https:\\\/\\\/lastatic.ams3.cdn.digitaloceanspaces.com\\\/2026\\\/01\\\/FotoJet-5-500x333.jpg&quot;,&quot;800&quot;:&quot;https:\\\/\\\/lastatic.ams3.cdn.digitaloceanspaces.com\\\/2026\\\/01\\\/FotoJet-5-800x533.jpg&quot;,&quot;1800&quot;:&quot;https:\\\/\\\/lastatic.ams3.cdn.digitaloceanspaces.com\\\/2026\\\/01\\\/FotoJet-5.jpg&quot;}\" data-focuspoint=\"&quot;&quot;\" data-p=\"2491277\" href=\"https:\/\/www.la.lv\/vecums-nav-spriedums-5-pazimes-kas-liecina-ka-jus-novecojat-loti-veiksmigi\" class=\"content-item lazy-load\" wp_automatic_readability=\"27\" rel=\"nofollow noopener\" target=\"_blank\"><\/p>\n<p>                                <img decoding=\"async\" src=\"\" alt=\"\" style=\"\" data-imageid=\"\"\/><\/p>\n<p>\n                                                Vecums nav spriedums: 5 paz\u012bmes, kas liecina, ka j\u016bs novecojat \u013coti veiksm\u012bgi\n                            <\/p>\n<p><\/a><a data-imagesrc=\"{&quot;300&quot;:&quot;https:\\\/\\\/lastatic.ams3.cdn.digitaloceanspaces.com\\\/2026\\\/01\\\/LET_21079616-300x196.jpg&quot;,&quot;1024&quot;:&quot;https:\\\/\\\/lastatic.ams3.cdn.digitaloceanspaces.com\\\/2026\\\/01\\\/LET_21079616-1024x670.jpg&quot;,&quot;1536&quot;:&quot;https:\\\/\\\/lastatic.ams3.cdn.digitaloceanspaces.com\\\/2026\\\/01\\\/LET_21079616-1536x1005.jpg&quot;,&quot;500&quot;:&quot;https:\\\/\\\/lastatic.ams3.cdn.digitaloceanspaces.com\\\/2026\\\/01\\\/LET_21079616-500x327.jpg&quot;,&quot;800&quot;:&quot;https:\\\/\\\/lastatic.ams3.cdn.digitaloceanspaces.com\\\/2026\\\/01\\\/LET_21079616-800x523.jpg&quot;,&quot;2560&quot;:&quot;https:\\\/\\\/lastatic.ams3.cdn.digitaloceanspaces.com\\\/2026\\\/01\\\/LET_21079616-scaled.jpg&quot;}\" data-focuspoint=\"&quot;&quot;\" data-p=\"2489693\" href=\"https:\/\/www.la.lv\/nebija-nekadu-bridinajuma-zimju-kamer-gimene-meza-bauda-ziemas-priekus-mednieki-blakus-sauj\" class=\"content-item lazy-load\" wp_automatic_readability=\"27\" rel=\"nofollow noopener\" target=\"_blank\"><\/p>\n<p>                                <img decoding=\"async\" src=\"\" alt=\"\" style=\"\" data-imageid=\"\"\/><\/p>\n<p>\n                                                \u201cNebija nek\u0101du br\u012bdin\u0101juma z\u012bmju!\u201d Kam\u0113r \u0123imene me\u017e\u0101 bauda ziemas priekus, mednieki blakus \u0161auj\n                            <\/p>\n<p><\/a><a data-imagesrc=\"{&quot;300&quot;:&quot;https:\\\/\\\/lastatic.ams3.cdn.digitaloceanspaces.com\\\/2026\\\/01\\\/diogo-cardoso-7h2-E6cYsP8-unsplash-300x200.jpg&quot;,&quot;1024&quot;:&quot;https:\\\/\\\/lastatic.ams3.cdn.digitaloceanspaces.com\\\/2026\\\/01\\\/diogo-cardoso-7h2-E6cYsP8-unsplash-1024x683.jpg&quot;,&quot;1536&quot;:&quot;https:\\\/\\\/lastatic.ams3.cdn.digitaloceanspaces.com\\\/2026\\\/01\\\/diogo-cardoso-7h2-E6cYsP8-unsplash-1536x1024.jpg&quot;,&quot;500&quot;:&quot;https:\\\/\\\/lastatic.ams3.cdn.digitaloceanspaces.com\\\/2026\\\/01\\\/diogo-cardoso-7h2-E6cYsP8-unsplash-500x333.jpg&quot;,&quot;800&quot;:&quot;https:\\\/\\\/lastatic.ams3.cdn.digitaloceanspaces.com\\\/2026\\\/01\\\/diogo-cardoso-7h2-E6cYsP8-unsplash-800x533.jpg&quot;,&quot;2560&quot;:&quot;https:\\\/\\\/lastatic.ams3.cdn.digitaloceanspaces.com\\\/2026\\\/01\\\/diogo-cardoso-7h2-E6cYsP8-unsplash-scaled.jpg&quot;}\" data-focuspoint=\"&quot;&quot;\" data-p=\"2493912\" href=\"https:\/\/www.la.lv\/katram-savi-tarakani-zodiaka-zimju-briesmigakie-ieradumi-kas-sagrauj-attiecibas\" class=\"content-item lazy-load\" wp_automatic_readability=\"26.5\" rel=\"nofollow noopener\" target=\"_blank\"><\/p>\n<p>                                <img decoding=\"async\" src=\"\" alt=\"\" style=\"\" data-imageid=\"\"\/><\/p>\n<p>                                Kokteilis<\/p>\n<p>\n                                                Katram savi \u201ctarak\u0101ni\u201d: zodiaka z\u012bmju briesm\u012bg\u0101kie ieradumi, kas sagrauj attiec\u012bbas\n                            <\/p>\n<p><\/a><br \/>\n        <a class=\"read-more\" href=\"https:\/\/www.la.lv\/top\" rel=\"nofollow noopener\" target=\"_blank\">Las\u012bt citas zi\u0146as<\/a><\/p>\n<p>\u201cInteresanta lieta par prezidentu ir t\u0101, ka vi\u0146\u0161 \u0113d \u013coti nevesel\u012bgu p\u0101rtiku, proti, McDonaldu, saldumus un visu laiku dzer di\u0113tisko kolu,\u201d Balt\u0101 nama person\u0101la vad\u012bt\u0101ja vietnieka St\u012bvena Millera sievas Keitijas Milleres podk\u0101st\u0101 apgalvoja Kenedijs.<\/p>\n<p>Vi\u0146\u0161 ar\u012b atkl\u0101ja, ka ce\u013cojot kop\u0101 ar Trampu, vi\u0146am radies iespaids, ka Tramps visu dienu vienk\u0101r\u0161i sevi \u201cpilda ar indi\u201d.<\/p>\n<p>    CITI \u0160OBR\u012aD LASA<\/p>\n<p>Neskatoties uz \u0161iem paradumiem, Kenedijs uzsver, ka Trampa fizisk\u0101 forma ir neticami laba: \u201cEs nezinu, k\u0101 vi\u0146\u0161 ir v\u0113l dz\u012bvs, bet vi\u0146\u0161 ir.\u201d <\/p>\n<p>Ta\u010du pats Tramps nor\u0101da, ka \u0101tro \u0113stuvju \u0113dienu vi\u0146\u0161 pat\u0113r\u0113 vien dodoties komand\u0113jumos vai ce\u013cojumos. Tom\u0113r, p\u0113c Kenedija teikt\u0101, ir neticami, k\u0101 Tramps sp\u0113j b\u016bt tik ener\u0123isks. \u201cVi\u0146\u0161 ir visener\u0123isk\u0101kais cilv\u0113ks, k\u0101du m\u0113s jebkad esam satiku\u0161i,\u201d podk\u0101st\u0101 sac\u012bja ASV vesel\u012bbas ministrs.<\/p>\n<p>Vienlaikus Kenedijs nor\u0101d\u012bja, ka Tramps m\u0113dz \u0113st ar\u012b vesel\u012bg\u0101ku p\u0101rtiku, turkl\u0101t vi\u0146a vesel\u012bbas r\u0101d\u012bt\u0101ji ir \u013coti labi. \u201cDr. Oz apskat\u012bja vi\u0146a medic\u012bniskos dokumentus un teica, ka vi\u0146am ir visaugst\u0101kais testosterona l\u012bmenis, k\u0101du vi\u0146\u0161 jebkad ir redz\u0113jis cilv\u0113kam, kas vec\u0101ks par 70 gadiem,\u201d sac\u012bja Kenedijs.<\/p>\n<p>Pag\u0101ju\u0161aj\u0101 m\u0113nes\u012b Balt\u0101 nama p\u0101rst\u0101vji public\u0113ja ar\u012b medic\u012bniskos rezult\u0101tus, kas apliecina, ka Tramps ir \u201cizcili vesels\u201d. <\/p>\n<blockquote class=\"twitter-tweet\" wp_automatic_readability=\"10.068965517241\">\n<p lang=\"en\" dir=\"ltr\">Katie Miller: &#8220;Who has the most unhinged eating habits?&#8221;<\/p>\n<p>RFK: &#8220;\u200aThe president\u2026I don&#8217;t know how he&#8217;s alive, but he is\u2026He&#8217;s just pumping himself full of poison all day long.&#8221; <a href=\"https:\/\/t.co\/i3CoSTh3KT\" rel=\"nofollow\">pic.twitter.com\/i3CoSTh3KT<\/a><\/p>\n<p>\u2014 Home of the Brave (@OfTheBraveUSA) <a href=\"https:\/\/twitter.com\/OfTheBraveUSA\/status\/2011266281174073613?ref_src=twsrc%5Etfw\" rel=\"nofollow noopener\" target=\"_blank\">January 14, 2026<\/a><\/p>\n<\/blockquote>\n<p>T\u0113mas<\/p>\n<p>    SAIST\u012aTIE RAKSTI<\/p>\n<p>                            <script async src=\"https:\/\/platform.twitter.com\/widgets.js\" charset=\"utf-8\"><\/script><\/p>\n","protected":false},"excerpt":{"rendered":"Donalds Tramps Foto. Scanpix\/Win McNamee\/Getty Images\/AFP 15:43, 14. janv\u0101ris 2026 ASV prezidents Donalds Tramps tiek raksturots k\u0101 cilv\u0113ks&hellip;\n","protected":false},"author":2,"featured_media":104742,"comment_status":"","ping_status":"","sticky":false,"template":"","format":"standard","meta":{"footnotes":""},"categories":[5],"tags":[23,28,29,32,33,22,30,31,35,39,38,36,37,34,40,20,26,27,24,25,21],"class_list":{"0":"post-104741","1":"post","2":"type-post","3":"status-publish","4":"format-standard","5":"has-post-thumbnail","7":"category-aktualitates","8":"tag-aktualitates","9":"tag-breaking-news","10":"tag-breakingnews","11":"tag-featured-news","12":"tag-featurednews","13":"tag-headlines","14":"tag-latest-news","15":"tag-latestnews","16":"tag-latvia","17":"tag-latvian","18":"tag-latviesu","19":"tag-latviesu-valoda","20":"tag-latviesuvaloda","21":"tag-latvija","22":"tag-lv","23":"tag-news","24":"tag-popularakas-zinas","25":"tag-popularakaszinas","26":"tag-top-stories","27":"tag-topstories","28":"tag-zinas"},"share_on_mastodon":{"url":"https:\/\/pubeurope.com\/@lv\/115895158896903466","error":""},"_links":{"self":[{"href":"https:\/\/www.europesays.com\/lv\/wp-json\/wp\/v2\/posts\/104741","targetHints":{"allow":["GET"]}}],"collection":[{"href":"https:\/\/www.europesays.com\/lv\/wp-json\/wp\/v2\/posts"}],"about":[{"href":"https:\/\/www.europesays.com\/lv\/wp-json\/wp\/v2\/types\/post"}],"author":[{"embeddable":true,"href":"https:\/\/www.europesays.com\/lv\/wp-json\/wp\/v2\/users\/2"}],"replies":[{"embeddable":true,"href":"https:\/\/www.europesays.com\/lv\/wp-json\/wp\/v2\/comments?post=104741"}],"version-history":[{"count":0,"href":"https:\/\/www.europesays.com\/lv\/wp-json\/wp\/v2\/posts\/104741\/revisions"}],"wp:featuredmedia":[{"embeddable":true,"href":"https:\/\/www.europesays.com\/lv\/wp-json\/wp\/v2\/media\/104742"}],"wp:attachment":[{"href":"https:\/\/www.europesays.com\/lv\/wp-json\/wp\/v2\/media?parent=104741"}],"wp:term":[{"taxonomy":"category","embeddable":true,"href":"https:\/\/www.europesays.com\/lv\/wp-json\/wp\/v2\/categories?post=104741"},{"taxonomy":"post_tag","embeddable":true,"href":"https:\/\/www.europesays.com\/lv\/wp-json\/wp\/v2\/tags?post=104741"}],"curies":[{"name":"wp","href":"https:\/\/api.w.org\/{rel}","templated":true}]}}