{"id":104747,"date":"2026-01-14T19:46:26","date_gmt":"2026-01-14T19:46:26","guid":{"rendered":"https:\/\/www.europesays.com\/lv\/104747\/"},"modified":"2026-01-14T19:46:26","modified_gmt":"2026-01-14T19:46:26","slug":"sarunu-festivala-lampa-tema-par-ko-nedrikst-runat-14-01-2026-ieraksts-replay-lv","status":"publish","type":"post","link":"https:\/\/www.europesays.com\/lv\/104747\/","title":{"rendered":"Sarunu festiv\u0101la &#8220;Lampa&#8221; t\u0113ma \u2013 par ko nedr\u012bkst run\u0101t? \/ 14.01.2026 \/ Ieraksts \/ REplay.lv"},"content":{"rendered":"<p>Kas ir t\u0113mas, par ko nedr\u012bkst nerun\u0101t? Tie\u0161i par t\u0101m ap\u0146\u0113mies run\u0101t sarunu festiv\u0101ls &#8220;Lampa&#8221;, kas jau tradicion\u0101li vasar\u0101 p\u0101ris dien\u0101 t\u016bksto\u0161us, lai veicin\u0101tu sarunu kult\u016bru un pied\u0101v\u0101tu diskusijas, debates, darbn\u012bcas, k\u0101 ar\u012b citas izzino\u0161as un iesaisto\u0161as aktivit\u0101tes.<\/p>\n<p>\u0160ovasar &#8220;Lampa&#8221; notiks C\u0113s\u012bs 10. un 11. j\u016blij\u0101, bet jau pa\u0161laik, veidojot festiv\u0101la programmu, t\u0101 dal\u012bbnieki no visda\u017e\u0101d\u0101kaj\u0101m jom\u0101m aicin\u0101ti pieteikt savas t\u0113mas un aktivit\u0101tes. Par to \u0161or\u012bt izvaic\u0101sim &#8220;Lampas&#8221; direktori Egitu Pr\u0101mu un Latvijas Jauno zin\u0101tnieku asoci\u0101cijas valdes locekli Rasmu P\u012bpi\u0137i.\u00a0<\/p>\n","protected":false},"excerpt":{"rendered":"Kas ir t\u0113mas, par ko nedr\u012bkst nerun\u0101t? Tie\u0161i par t\u0101m ap\u0146\u0113mies run\u0101t sarunu festiv\u0101ls &#8220;Lampa&#8221;, kas jau tradicion\u0101li&hellip;\n","protected":false},"author":2,"featured_media":104748,"comment_status":"","ping_status":"","sticky":false,"template":"","format":"standard","meta":{"footnotes":""},"categories":[12],"tags":[23,28,29,32,33,22,30,31,35,39,38,36,37,34,40,20,26,27,24,25,21],"class_list":{"0":"post-104747","1":"post","2":"type-post","3":"status-publish","4":"format-standard","5":"has-post-thumbnail","7":"category-latvija","8":"tag-aktualitates","9":"tag-breaking-news","10":"tag-breakingnews","11":"tag-featured-news","12":"tag-featurednews","13":"tag-headlines","14":"tag-latest-news","15":"tag-latestnews","16":"tag-latvia","17":"tag-latvian","18":"tag-latviesu","19":"tag-latviesu-valoda","20":"tag-latviesuvaloda","21":"tag-latvija","22":"tag-lv","23":"tag-news","24":"tag-popularakas-zinas","25":"tag-popularakaszinas","26":"tag-top-stories","27":"tag-topstories","28":"tag-zinas"},"share_on_mastodon":{"url":"https:\/\/pubeurope.com\/@lv\/115895178524616477","error":""},"_links":{"self":[{"href":"https:\/\/www.europesays.com\/lv\/wp-json\/wp\/v2\/posts\/104747","targetHints":{"allow":["GET"]}}],"collection":[{"href":"https:\/\/www.europesays.com\/lv\/wp-json\/wp\/v2\/posts"}],"about":[{"href":"https:\/\/www.europesays.com\/lv\/wp-json\/wp\/v2\/types\/post"}],"author":[{"embeddable":true,"href":"https:\/\/www.europesays.com\/lv\/wp-json\/wp\/v2\/users\/2"}],"replies":[{"embeddable":true,"href":"https:\/\/www.europesays.com\/lv\/wp-json\/wp\/v2\/comments?post=104747"}],"version-history":[{"count":0,"href":"https:\/\/www.europesays.com\/lv\/wp-json\/wp\/v2\/posts\/104747\/revisions"}],"wp:featuredmedia":[{"embeddable":true,"href":"https:\/\/www.europesays.com\/lv\/wp-json\/wp\/v2\/media\/104748"}],"wp:attachment":[{"href":"https:\/\/www.europesays.com\/lv\/wp-json\/wp\/v2\/media?parent=104747"}],"wp:term":[{"taxonomy":"category","embeddable":true,"href":"https:\/\/www.europesays.com\/lv\/wp-json\/wp\/v2\/categories?post=104747"},{"taxonomy":"post_tag","embeddable":true,"href":"https:\/\/www.europesays.com\/lv\/wp-json\/wp\/v2\/tags?post=104747"}],"curies":[{"name":"wp","href":"https:\/\/api.w.org\/{rel}","templated":true}]}}