{"id":104749,"date":"2026-01-14T19:49:13","date_gmt":"2026-01-14T19:49:13","guid":{"rendered":"https:\/\/www.europesays.com\/lv\/104749\/"},"modified":"2026-01-14T19:49:13","modified_gmt":"2026-01-14T19:49:13","slug":"startejot-sacensibas-ar-agresorvalstu-parstavjiem-latvijas-sportistiem-jadistancejas-no-tiem-olimpiskas-speles-2026-sportacentrs-com","status":"publish","type":"post","link":"https:\/\/www.europesays.com\/lv\/104749\/","title":{"rendered":"Start\u0113jot sacens\u012bb\u0101s ar agresorvalstu p\u0101rst\u0101vjiem, Latvijas sportistiem j\u0101distanc\u0113jas no tiem \u2013 Olimpisk\u0101s sp\u0113les 2026 \u2013 Sportacentrs.com"},"content":{"rendered":"<p>Iepriek\u0161 \u0161\u0101das vadl\u012bnijas biju\u0161as izstr\u0101d\u0101tas pirms Par\u012bzes olimpiskaj\u0101m sp\u0113l\u0113m, bet novembr\u012b atjaunotas atbilsto\u0161i situ\u0101cijai pirms Mil\u0101nas un Kort\u012bnas d&#8217;Ampeco olimpiskaj\u0101m sp\u0113l\u0113m.<\/p>\n<p>Septembr\u012b Starptautisk\u0101s Olimpisk\u0101s komitejas (SOK) Izpildkomiteja pie\u0146\u0113ma l\u0113mumu, ka Krievijas un Baltkrievijas sportistiem b\u016bs at\u013cauts piedal\u012bties 2026. gada Mil\u0101nas un Kort\u012bnas d&#8217;Ampeco ziemas olimpiskaj\u0101s sp\u0113l\u0113s zem neitr\u0101l\u0101 karoga.<\/p>\n<p>LOK nepiekr\u012bt \u0161iem SOK Izpildkomitejas pie\u0146emtajiem l\u0113mumiem, uzskatot jebk\u0101du ar agresorvalst\u012bm saist\u012btu sportistu dal\u012bbu starptautisk\u0101s sacens\u012bb\u0101s par p\u0101ragru un nepiem\u0113rotu olimpisko sp\u0113\u013cu form\u0101tam un b\u016bt\u012bbai.<\/p>\n<p>Vienlaikus, lai nodro\u0161in\u0101tu Latvijas sportistu dal\u012bbu olimpisko sp\u0113\u013cu kvalifik\u0101cijas sacens\u012bb\u0101s, k\u0101 ar\u012b cit\u0101s starptautisk\u0101s sacens\u012bb\u0101s, LOK Latvijas sportistiem un Latvijas deleg\u0101cijas p\u0101rst\u0101vjiem saskarsm\u0113 ar \u0161iem sportistiem izstr\u0101d\u0101jusi vadl\u012bnijas.<\/p>\n<p>Taj\u0101s teikts, ka sportistiem j\u0101iev\u0113ro attiec\u012bgo starptautisko sporta veidu feder\u0101ciju noteikumi, tai skait\u0101 tehniskie noteikumi un sacens\u012bbu protokols, tikt\u0101l, cik tas nepiecie\u0161ams, lai nodro\u0161in\u0101tu minim\u0101lo pras\u012bbu izpildi Latvijas sportistu atbilst\u012bbai un pilnv\u0113rt\u012bgai dal\u012bbai \u0161aj\u0101s sacens\u012bb\u0101s.<\/p>\n<p>Apbalvo\u0161anas un ziedu ceremonij\u0101s iesp\u0113ju robe\u017e\u0101s norobe\u017eoties no jebk\u0101das saskarsmes ar \u0161o valstu sportistiem, tai skait\u0101, iesp\u0113ju robe\u017e\u0101s iev\u0113rot distanci no vi\u0146iem un attur\u0113ties no kop\u012bgiem foto vai video, ja vien \u0161\u0101da nepiecie\u0161am\u012bba nav saist\u012bta ar sacens\u012bbu protokol\u0101 oblig\u0101ti noteikto pras\u012bbu iev\u0113ro\u0161anu.<\/p>\n<p>Rekomend\u0113ts ar\u012b \u0101rpus apbalvo\u0161anas un ziedu ceremonij\u0101m iesp\u0113ju robe\u017e\u0101s norobe\u017eoties no jebk\u0101das saskarsmes ar \u0161iem sportistiem, kas nav nepiecie\u0161ama norises nodro\u0161in\u0101\u0161anai.<\/p>\n<p>T\u0101pat ieteikts norobe\u017eoties no piedal\u012b\u0161an\u0101s preses konferenc\u0113s, tie\u0161raid\u0113s (kas nav nesaraujami saist\u012btas ar sacens\u012bbu pien\u0101c\u012bgu norisi), intervij\u0101s un cit\u0101s pirms un p\u0113c sacens\u012bbu publicit\u0101tes noris\u0113s kop\u0101 ar \u0161iem sportistiem. Latvijas atl\u0113tiem ar\u012b rekomend\u0113ts nepiedal\u012bties nek\u0101da veida soci\u0101lo t\u012bklu saskarsm\u0113 un diskusij\u0101s ar \u0161iem sportistiem, nedal\u012bties un nerea\u0123\u0113t uz vi\u0146u saturu, nepublic\u0113t kop\u012bgus foto un video materi\u0101lus k\u0101 attiec\u012bb\u0101 uz sacens\u012bb\u0101m, t\u0101 ar\u012b \u0101rpus sacens\u012bbu perioda.<\/p>\n<p>Latvijas sportistiem ar\u012b ieteikts inform\u0113t attiec\u012bgo starptautisko sporta veidu feder\u0101ciju un sacens\u012bbu organiz\u0113t\u0101ju, ja tiek konstat\u0113ti SOK Izpildkomitejas formul\u0113to un\/vai attiec\u012bgo starptautisko sporta veidu feder\u0101ciju noteikto pielaides nosac\u012bjumu p\u0101rk\u0101pumi.<\/p>\n<p>Gad\u012bjum\u0101, ja Latvijas sportists ir Nacion\u0101lo bru\u0146oto sp\u0113ku (NBS) vai Iek\u0161lietu ministrijas (IeM) strukt\u016bru darbinieks, papildus \u0161iem ieteikumiem iev\u0113rot attiec\u012bgo strukt\u016bru noteikumus un ieteikumus saskarsm\u0113 ar \u0161iem sportistiem.<\/p>\n<p>LOK ieteikumi ir attiecin\u0101mi gan uz saskarsmi ar krieviem un baltkrieviem, gan ar\u012b cit\u0101m person\u0101m, kas atbalsta agresorvalstu politiku un var kalpot to propagandas m\u0113r\u0137iem.<\/p>\n<p>Izmantotie resursi:<br \/>LETA<\/p>\n","protected":false},"excerpt":{"rendered":"Iepriek\u0161 \u0161\u0101das vadl\u012bnijas biju\u0161as izstr\u0101d\u0101tas pirms Par\u012bzes olimpiskaj\u0101m sp\u0113l\u0113m, bet novembr\u012b atjaunotas atbilsto\u0161i situ\u0101cijai pirms Mil\u0101nas un Kort\u012bnas&hellip;\n","protected":false},"author":2,"featured_media":104750,"comment_status":"","ping_status":"","sticky":false,"template":"","format":"standard","meta":{"footnotes":""},"categories":[17],"tags":[35,39,38,36,37,34,40,67],"class_list":{"0":"post-104749","1":"post","2":"type-post","3":"status-publish","4":"format-standard","5":"has-post-thumbnail","7":"category-sports","8":"tag-latvia","9":"tag-latvian","10":"tag-latviesu","11":"tag-latviesu-valoda","12":"tag-latviesuvaloda","13":"tag-latvija","14":"tag-lv","15":"tag-sports"},"share_on_mastodon":{"url":"https:\/\/pubeurope.com\/@lv\/115895190331850796","error":""},"_links":{"self":[{"href":"https:\/\/www.europesays.com\/lv\/wp-json\/wp\/v2\/posts\/104749","targetHints":{"allow":["GET"]}}],"collection":[{"href":"https:\/\/www.europesays.com\/lv\/wp-json\/wp\/v2\/posts"}],"about":[{"href":"https:\/\/www.europesays.com\/lv\/wp-json\/wp\/v2\/types\/post"}],"author":[{"embeddable":true,"href":"https:\/\/www.europesays.com\/lv\/wp-json\/wp\/v2\/users\/2"}],"replies":[{"embeddable":true,"href":"https:\/\/www.europesays.com\/lv\/wp-json\/wp\/v2\/comments?post=104749"}],"version-history":[{"count":0,"href":"https:\/\/www.europesays.com\/lv\/wp-json\/wp\/v2\/posts\/104749\/revisions"}],"wp:featuredmedia":[{"embeddable":true,"href":"https:\/\/www.europesays.com\/lv\/wp-json\/wp\/v2\/media\/104750"}],"wp:attachment":[{"href":"https:\/\/www.europesays.com\/lv\/wp-json\/wp\/v2\/media?parent=104749"}],"wp:term":[{"taxonomy":"category","embeddable":true,"href":"https:\/\/www.europesays.com\/lv\/wp-json\/wp\/v2\/categories?post=104749"},{"taxonomy":"post_tag","embeddable":true,"href":"https:\/\/www.europesays.com\/lv\/wp-json\/wp\/v2\/tags?post=104749"}],"curies":[{"name":"wp","href":"https:\/\/api.w.org\/{rel}","templated":true}]}}