{"id":104757,"date":"2026-01-14T20:11:09","date_gmt":"2026-01-14T20:11:09","guid":{"rendered":"https:\/\/www.europesays.com\/lv\/104757\/"},"modified":"2026-01-14T20:11:09","modified_gmt":"2026-01-14T20:11:09","slug":"sestdien-17-janvari-sabiedriskais-transports-kurses-pec-darba-dienu-grafika","status":"publish","type":"post","link":"https:\/\/www.europesays.com\/lv\/104757\/","title":{"rendered":"Sestdien, 17. janv\u0101r\u012b, sabiedriskais transports kurs\u0113s p\u0113c darba dienu grafika"},"content":{"rendered":"<p>Sestdiena, 17. janv\u0101ris, ir p\u0101rcelt\u0101 darba diena, t\u0101p\u0113c \u0161aj\u0101 dien\u0101 sabiedriskais transports kurs\u0113s p\u0113c darba dienu kust\u012bbas grafikiem. \u201cR\u012bgas satiksmes\u201d klientu centri str\u0101d\u0101s k\u0101 darba dien\u0101s, savuk\u0101rt autost\u0101vvietas darbosies, k\u0101 ierasts sestdien\u0101s.<\/p>\n<p>Sabiedriskais transports<\/p>\n<p>17. janv\u0101ris ir p\u0101rcelt\u0101 darba diena, jo pirms tam piektdiena, 2. janv\u0101ris, bija noteikta k\u0101 br\u012bvdiena. T\u0101p\u0113c 17. janv\u0101r\u012b sabiedriskais transports kurs\u0113s p\u0113c darba dienu kust\u012bbas grafikiem.<\/p>\n<p>Autost\u0101vvietas<\/p>\n<p>R\u012bgas pa\u0161vald\u012bbas maksas autost\u0101vvietas, kuras apsaimnieko \u201cR\u012bgas satiksme\u201d, 17. janv\u0101r\u012b darbosies k\u0101 sestdien\u0101s.<\/p>\n<ul>&#13;<\/p>\n<li>A, B, C un D tarifu zon\u0101s par autost\u0101vvietu j\u0101maks\u0101 no plkst. 9.00 l\u012bdz 17.00.<\/li>\n<p>&#13;<\/p>\n<li>R tarifu zon\u0101 maksa tiek piem\u0113rota no plkst. 6.00 l\u012bdz 24.00.<\/li>\n<p>&#13;\n<\/ul>\n<p>Apak\u0161zemes st\u0101vviet\u0101 K. Valdem\u0101ra iel\u0101 5A par automa\u0161\u012bnas novieto\u0161anu j\u0101maks\u0101 atbilsto\u0161i sp\u0113k\u0101 eso\u0161ajiem tarifiem.<\/p>\n<p>Klientu centru darba laiki 17. janv\u0101r\u012b:<\/p>\n<p>Pr\u0101gas iela 1 no plkst. 9.00 l\u012bdz 18.00<\/p>\n<p>Stacijas laukums 2 no plkst. 10.00 l\u012bdz 20.00<\/p>\n<p>Kurzemes prospekts 137 no plkst. 9.00 l\u012bdz 18.00<\/p>\n<p>Br\u012bv\u012bbas gatve 372 no plkst. 10.00 l\u012bdz 21.00<\/p>\n<p>Br\u012bv\u012bbas iela 49\/53 no plkst. 08.00 l\u012bdz 17.00<\/p>\n<p>Pla\u0161\u0101ku inform\u0101ciju par \u201cR\u012bgas satiksmes\u201d pied\u0101v\u0101tajiem pakalpojumiem, mar\u0161rutu sarakstiem, bi\u013ce\u0161u veidiem un citiem jaunumiem var sa\u0146emt m\u0101jaslap\u0101 www.rigassatiksme.lv vai soci\u0101lajos t\u012bklos \u201cX\u201d, \u201cfacebook\u201d un \u201cThreads\u201d.<\/p>\n<p>          <img decoding=\"async\" src=\"https:\/\/www.europesays.com\/lv\/wp-content\/uploads\/2026\/01\/1767645852_487_logo-lv.png\" alt=\"\"\/><\/p>\n<p>                  \u0160\u012b inform\u0101cija ir publisks pazi\u0146ojums un neatspogu\u013co LV port\u0101la viedokli. Par t\u0101s saturu atbild ies\u016bt\u012bt\u0101js. <a data-popup=\"rules\">Public\u0113\u0161anas noteikumi<\/a><\/p>\n","protected":false},"excerpt":{"rendered":"Sestdiena, 17. janv\u0101ris, ir p\u0101rcelt\u0101 darba diena, t\u0101p\u0113c \u0161aj\u0101 dien\u0101 sabiedriskais transports kurs\u0113s p\u0113c darba dienu kust\u012bbas grafikiem.&hellip;\n","protected":false},"author":2,"featured_media":104758,"comment_status":"","ping_status":"","sticky":false,"template":"","format":"standard","meta":{"footnotes":""},"categories":[5],"tags":[23,28,29,32,33,22,30,31,35,39,38,36,37,34,40,20,26,27,24,25,21],"class_list":{"0":"post-104757","1":"post","2":"type-post","3":"status-publish","4":"format-standard","5":"has-post-thumbnail","7":"category-aktualitates","8":"tag-aktualitates","9":"tag-breaking-news","10":"tag-breakingnews","11":"tag-featured-news","12":"tag-featurednews","13":"tag-headlines","14":"tag-latest-news","15":"tag-latestnews","16":"tag-latvia","17":"tag-latvian","18":"tag-latviesu","19":"tag-latviesu-valoda","20":"tag-latviesuvaloda","21":"tag-latvija","22":"tag-lv","23":"tag-news","24":"tag-popularakas-zinas","25":"tag-popularakaszinas","26":"tag-top-stories","27":"tag-topstories","28":"tag-zinas"},"share_on_mastodon":{"url":"https:\/\/pubeurope.com\/@lv\/115895276934648693","error":""},"_links":{"self":[{"href":"https:\/\/www.europesays.com\/lv\/wp-json\/wp\/v2\/posts\/104757","targetHints":{"allow":["GET"]}}],"collection":[{"href":"https:\/\/www.europesays.com\/lv\/wp-json\/wp\/v2\/posts"}],"about":[{"href":"https:\/\/www.europesays.com\/lv\/wp-json\/wp\/v2\/types\/post"}],"author":[{"embeddable":true,"href":"https:\/\/www.europesays.com\/lv\/wp-json\/wp\/v2\/users\/2"}],"replies":[{"embeddable":true,"href":"https:\/\/www.europesays.com\/lv\/wp-json\/wp\/v2\/comments?post=104757"}],"version-history":[{"count":0,"href":"https:\/\/www.europesays.com\/lv\/wp-json\/wp\/v2\/posts\/104757\/revisions"}],"wp:featuredmedia":[{"embeddable":true,"href":"https:\/\/www.europesays.com\/lv\/wp-json\/wp\/v2\/media\/104758"}],"wp:attachment":[{"href":"https:\/\/www.europesays.com\/lv\/wp-json\/wp\/v2\/media?parent=104757"}],"wp:term":[{"taxonomy":"category","embeddable":true,"href":"https:\/\/www.europesays.com\/lv\/wp-json\/wp\/v2\/categories?post=104757"},{"taxonomy":"post_tag","embeddable":true,"href":"https:\/\/www.europesays.com\/lv\/wp-json\/wp\/v2\/tags?post=104757"}],"curies":[{"name":"wp","href":"https:\/\/api.w.org\/{rel}","templated":true}]}}