{"id":104775,"date":"2026-01-14T20:34:14","date_gmt":"2026-01-14T20:34:14","guid":{"rendered":"https:\/\/www.europesays.com\/lv\/104775\/"},"modified":"2026-01-14T20:34:14","modified_gmt":"2026-01-14T20:34:14","slug":"atlaides-un-bezmaksas-biletes-svarigakais-par-braucienu-sabiedriskaja-transporta-2026-gada","status":"publish","type":"post","link":"https:\/\/www.europesays.com\/lv\/104775\/","title":{"rendered":"Atlaides un bezmaksas bi\u013cetes \u2013 svar\u012bg\u0101kais par braucienu sabiedriskaj\u0101 transport\u0101 2026. gad\u0101"},"content":{"rendered":"<p>Brauk\u0161anas maksas atvieglojumi sabiedriskaj\u0101 transport\u0101 2026. gad\u0101 noteikti pirmsskolas vecuma b\u0113rniem, b\u0113rniem b\u0101re\u0146iem, politiski repres\u0113t\u0101m person\u0101m, b\u0113rniem ar invalidit\u0101ti, person\u0101m, kur\u0101m noteikta I invalidit\u0101tes grupa un to pavado\u0161aj\u0101m person\u0101m, k\u0101 ar\u012b person\u0101m, kur\u0101m noteikta II invalidit\u0101tes grupa, un daudzb\u0113rnu \u0123imen\u0113m.<\/p>\n<p>Satiksmes ministrijas 2026. gada bud\u017eet\u0101 \u0161im m\u0113r\u0137im finans\u0113jums nav samazin\u0101ts. Tas ir palicis t\u0101ds pats k\u0101 iepriek\u0161\u0113jos gadus \u2013 25 miljoni eiro.<\/p>\n<p>Brauk\u0161anas maksas atvieglojumu sa\u0146em\u0161anai oblig\u0101ti j\u0101uzr\u0101da likumdo\u0161an\u0101 noteiktie personu apliecino\u0161ie dokumenti.<\/p>\n<p>Vilcienos un re\u0123ion\u0101lajos autobusos bez maksas p\u0101rvieto\u0161an\u0101s tiek nodro\u0161in\u0101ta pirmsskolas vecuma b\u0113rniem, b\u0113rniem b\u0101re\u0146iem un politiski repres\u0113t\u0101m person\u0101m.<\/p>\n<p>Savuk\u0101rt b\u0113rniem ar invalidit\u0101ti, person\u0101m, kur\u0101m noteikta I invalidit\u0101tes grupa un to pavado\u0161aj\u0101m person\u0101m un person\u0101m, kur\u0101m noteikta II invalidit\u0101tes grupa bez maksas p\u0101rvieto\u0161an\u0101s tiek nodro\u0161in\u0101ta gan re\u0123ion\u0101laj\u0101, gan valstpils\u0113tu sabiedriskaj\u0101 transport\u0101.<\/p>\n<p>Ar\u012b valstspils\u0113tu sabiedriskaj\u0101 transport\u0101 b\u0113rniem b\u0101re\u0146iem brauk\u0161ana tiek nodro\u0161in\u0101ta bez maksas.<\/p>\n<p>            <img loading=\"lazy\" decoding=\"async\" class=\"size-thumbnail wp-image-3722366 skaties-content-image\" title=\"Atvieglojumi sabiedriskaja transporta 2026 - 1\" src=\"https:\/\/www.europesays.com\/lv\/wp-content\/uploads\/2026\/01\/583d-696764f05b015-672x378.jpg\" alt=\"Atvieglojumi sabiedriskaja transporta 2026 - 1\" width=\"672\" height=\"378\"  \/><\/p>\n<p>                FOTO: PUBLICIT\u0100TES ATT\u0112LS\/SATIKSMES MINISTRIJA<\/p>\n<p>50% atlaide \u2013 \u201cGoda \u0123imen\u0113m\u201d<\/p>\n<p>Daudzb\u0113rnu \u0123ime\u0146u locek\u013ciem un \u0123imen\u0113m, kuru apr\u016bp\u0113 ir b\u0113rns ar invalidit\u0101ti vai pilngad\u012bga persona, kas nav sasniegusi 24 gadu vecumu, ja tai noteikta I vai II invalidit\u0101tes grupa, un \u012bpa\u0161um\u0101 ir apliec\u012bbu \u201cGoda \u0123imene\u201d, vilcienos un re\u0123ion\u0101lajos autobusos tiek nodro\u0161in\u0101tas atlaides 50 % apm\u0113r\u0101 no bi\u013cetes pilnas cenas. Savuk\u0101rt atlaide 40% apm\u0113r\u0101 tiek piem\u0113rota, ja tiek pirkts abonements,<\/p>\n<p>Brauk\u0161anas maksas atvieglojumi 90% apm\u0113r\u0101 no brauciena bi\u013cetes pilnas cenas tiek piem\u0113roti daudzb\u0113rnu \u0123ime\u0146u locek\u013ciem un \u0123imen\u0113m, kuru apr\u016bp\u0113 ir b\u0113rns ar invalidit\u0101ti vai pilngad\u012bga persona, kas nav sasniegusi 24 gadu vecumu, ja tai noteikta I vai II invalidit\u0101tes grupa, vai kuras apmekl\u0113 visp\u0101r\u0113j\u0101s pamatizgl\u012bt\u012bbas un vid\u0113j\u0101s izgl\u012bt\u012bbas iest\u0101des. T\u0101pat \u0161\u0101da atlaide tiek piem\u0113rota b\u0113rniem, kuri turpina visp\u0101r\u0113j\u0101s, profesion\u0101l\u0101s, augst\u0101k\u0101s vai speci\u0101l\u0101s izgl\u012bt\u012bbas ieg\u016b\u0161anu.<\/p>\n<p>4. maij\u0101, 11. un 18. novembr\u012b \u2013 \u0161ai iedz\u012bvot\u0101ju grupai, kas sa\u0146em 90% atlaidi braucieniem ikdien\u0101, viclienos un re\u0123ion\u0101lajos autobusos bi\u013cete ir piln\u012bb\u0101 bez maksas.<\/p>\n<p>Lai sa\u0146emtu brauk\u0161anas maksas atvieglojumus, oblig\u0101ts nosac\u012bjums ir personu apliecino\u0161u dokumentu uzr\u0101d\u012b\u0161ana. Tikai tad p\u0101rvad\u0101t\u0101jam ir ties\u012bbas izsniegt bi\u013ceti ar brauk\u0161anas maksas atvieglojumu.<\/p>\n<p>Piem\u0113ram, daudzb\u0113rnu \u0123ime\u0146u locek\u013ciem \u2013 uzr\u0101dot Latvijas Goda \u0123imenes apliec\u012bbu \u201cGoda \u0123imene\u201d un personu apliecino\u0161u dokumentu vai skol\u0113na vai studenta apliec\u012bbu.<\/p>\n","protected":false},"excerpt":{"rendered":"Brauk\u0161anas maksas atvieglojumi sabiedriskaj\u0101 transport\u0101 2026. gad\u0101 noteikti pirmsskolas vecuma b\u0113rniem, b\u0113rniem b\u0101re\u0146iem, politiski repres\u0113t\u0101m person\u0101m, b\u0113rniem ar&hellip;\n","protected":false},"author":2,"featured_media":104776,"comment_status":"","ping_status":"","sticky":false,"template":"","format":"standard","meta":{"footnotes":""},"categories":[12],"tags":[23,25155,28,29,32,33,22,30,31,35,39,38,36,37,34,40,20,26,27,24,25,21],"class_list":{"0":"post-104775","1":"post","2":"type-post","3":"status-publish","4":"format-standard","5":"has-post-thumbnail","7":"category-latvija","8":"tag-aktualitates","9":"tag-atlaidesberns-ar-invaliditatigoda-gimeneinvalidipasazieru-autobusspasazieru-parvadajumisabiedriskais-transports","10":"tag-breaking-news","11":"tag-breakingnews","12":"tag-featured-news","13":"tag-featurednews","14":"tag-headlines","15":"tag-latest-news","16":"tag-latestnews","17":"tag-latvia","18":"tag-latvian","19":"tag-latviesu","20":"tag-latviesu-valoda","21":"tag-latviesuvaloda","22":"tag-latvija","23":"tag-lv","24":"tag-news","25":"tag-popularakas-zinas","26":"tag-popularakaszinas","27":"tag-top-stories","28":"tag-topstories","29":"tag-zinas"},"share_on_mastodon":{"url":"https:\/\/pubeurope.com\/@lv\/115895367303490974","error":""},"_links":{"self":[{"href":"https:\/\/www.europesays.com\/lv\/wp-json\/wp\/v2\/posts\/104775","targetHints":{"allow":["GET"]}}],"collection":[{"href":"https:\/\/www.europesays.com\/lv\/wp-json\/wp\/v2\/posts"}],"about":[{"href":"https:\/\/www.europesays.com\/lv\/wp-json\/wp\/v2\/types\/post"}],"author":[{"embeddable":true,"href":"https:\/\/www.europesays.com\/lv\/wp-json\/wp\/v2\/users\/2"}],"replies":[{"embeddable":true,"href":"https:\/\/www.europesays.com\/lv\/wp-json\/wp\/v2\/comments?post=104775"}],"version-history":[{"count":0,"href":"https:\/\/www.europesays.com\/lv\/wp-json\/wp\/v2\/posts\/104775\/revisions"}],"wp:featuredmedia":[{"embeddable":true,"href":"https:\/\/www.europesays.com\/lv\/wp-json\/wp\/v2\/media\/104776"}],"wp:attachment":[{"href":"https:\/\/www.europesays.com\/lv\/wp-json\/wp\/v2\/media?parent=104775"}],"wp:term":[{"taxonomy":"category","embeddable":true,"href":"https:\/\/www.europesays.com\/lv\/wp-json\/wp\/v2\/categories?post=104775"},{"taxonomy":"post_tag","embeddable":true,"href":"https:\/\/www.europesays.com\/lv\/wp-json\/wp\/v2\/tags?post=104775"}],"curies":[{"name":"wp","href":"https:\/\/api.w.org\/{rel}","templated":true}]}}