{"id":104777,"date":"2026-01-14T20:36:07","date_gmt":"2026-01-14T20:36:07","guid":{"rendered":"https:\/\/www.europesays.com\/lv\/104777\/"},"modified":"2026-01-14T20:36:07","modified_gmt":"2026-01-14T20:36:07","slug":"eiropa-gaidamas-vairakas-augstdzimusu-paru-kazas-lente-lv","status":"publish","type":"post","link":"https:\/\/www.europesays.com\/lv\/104777\/","title":{"rendered":"Eirop\u0101 gaid\u0101mas vair\u0101kas augstdzimu\u0161u p\u0101ru k\u0101zas\u00a0\u2014\u00a0Lente.lv"},"content":{"rendered":"<p>Eiropas aristokr\u0101tij\u0101 gaid\u0101mie notikumi<\/p>\n<p>2026. gads iez\u012bm\u0113jas k\u0101 \u012bpa\u0161i romantisks gads Eiropas kara\u013cnamu un aristokr\u0101tijas kalend\u0101ros, jo gaid\u0101mas vair\u0101kas k\u0101zu ceremonijas. Lai gan kara\u013cnamu trad\u012bcija paredz k\u0101zu datumus izzi\u0146ot neilgi pirms notikuma, jau tagad ir zin\u0101ms, ka pie alt\u0101ra dosies gan tro\u0146mantnieki, gan citi sabiedr\u012bb\u0101 zin\u0101mi aristokr\u0101tijas p\u0101rst\u0101vji. K\u0101 zi\u0146o telekan\u0101ls TV3, \u0161is gads bag\u0101tin\u0101sies ar vair\u0101kiem augstdzimu\u0161u p\u0101ru savien\u012bb\u0101m.<\/p>\n<p>Lihten\u0161teinas princeses Tatjanas d\u0113la k\u0101zas<\/p>\n<p>Viena no gaid\u012btaj\u0101m ceremonij\u0101m b\u016bs Lihten\u0161teinas princeses Tatjanas d\u0113la, 20 gadus vec\u0101 barona Lukasa fon Latorfa, un gr\u0101fienes Marijas Magdal\u0113nas fon Vil\u010dekas k\u0101zas. P\u0101ris sabiedr\u012bb\u0101 pirmoreiz izg\u0101ja kop\u0101 2025. gada august\u0101, apmekl\u0113jot Lihten\u0161teinas princeses Marijas Karol\u012bnas un Leopoldo Maduro Folmera k\u0101zas. Barons Lukass, b\u016bdams vec\u0101kais no septi\u0146iem princeses Tatjanas un v\u0101cu aristokr\u0101ta Filipa fon Latorfa b\u0113rniem, tiek uzskat\u012bts par vienu no Eiropas iek\u0101rojam\u0101kajiem vecpuis\u012b\u0161iem, ne tikai pateicoties savai izcilajai izcelsmei, bet ar\u012b profesion\u0101lajiem sasniegumiem.<\/p>\n<p>Citas gaid\u0101m\u0101s ceremonijas un trad\u012bcijas<\/p>\n<p>Lai gan ofici\u0101lie pazi\u0146ojumi par vis\u0101m k\u0101z\u0101m v\u0113l nav izskan\u0113ju\u0161i, jau tagad ir skaidrs, ka 2026. gads bag\u0101tin\u0101sies ar vair\u0101kiem noz\u012bm\u012bgiem notikumiem Eiropas augst\u0101kaj\u0101 sabiedr\u012bb\u0101. Kara\u013cnami bie\u017ei vien r\u016bp\u012bgi pl\u0101no savas laul\u012bbu ceremonijas, piev\u0113r\u0161ot uzman\u012bbu gan trad\u012bcij\u0101m, gan sabiedr\u012bbas iesaistei. Iepriek\u0161\u0113jie gadi ir par\u0101d\u012bju\u0161i, ka \u0161\u0101di pas\u0101kumi bie\u017ei vien k\u013c\u016bst par glob\u0101liem notikumiem, ko uzman\u012bgi seko l\u012bdzi visa pasaule.<\/p>\n<p>Princis Viljams un Keita Midltone \u2013 karalisk\u0101 p\u0101ra ikdiena<\/p>\n<p>Lai gan nav zi\u0146u par prin\u010da Viljama un Velsas princeses Keitas Midltones k\u0101z\u0101m 2026. gad\u0101, vi\u0146u ikdiena un \u0123imenes dz\u012bve vienm\u0113r ir mediju uzman\u012bbas centr\u0101. Nesen publiskot\u0101 vi\u0146u 2025. gada Ziemassv\u0113tku apsveikuma atkl\u0101tnes fotogr\u0101fija, kur\u0101 redzama visa Velsas \u0123imene, ir sa\u0146\u0113musi daudz pozit\u012bvu v\u0113rt\u0113jumu. \u0160\u012b trad\u012bcija \u2013 dal\u012bties ar person\u012bgu \u0123imenes fotogr\u0101fiju sv\u0113tku laik\u0101 \u2013 ir sena britu karalisk\u0101s \u0123imenes para\u017ea, kas \u013cauj sabiedr\u012bbai tuv\u0101k iepaz\u012bt monarhijas p\u0101rst\u0101vjus.<\/p>\n","protected":false},"excerpt":{"rendered":"Eiropas aristokr\u0101tij\u0101 gaid\u0101mie notikumi 2026. gads iez\u012bm\u0113jas k\u0101 \u012bpa\u0161i romantisks gads Eiropas kara\u013cnamu un aristokr\u0101tijas kalend\u0101ros, jo gaid\u0101mas&hellip;\n","protected":false},"author":2,"featured_media":104778,"comment_status":"","ping_status":"","sticky":false,"template":"","format":"standard","meta":{"footnotes":""},"categories":[19],"tags":[25159,427,89,90,25156,35,39,38,36,37,34,40,25158,25157],"class_list":{"0":"post-104777","1":"post","2":"type-post","3":"status-publish","4":"format-standard","5":"has-post-thumbnail","7":"category-izklaide","8":"tag-aristokratija","9":"tag-eiropa","10":"tag-entertainment","11":"tag-izklaide","12":"tag-karaliskas-kazas","13":"tag-latvia","14":"tag-latvian","15":"tag-latviesu","16":"tag-latviesu-valoda","17":"tag-latviesuvaloda","18":"tag-latvija","19":"tag-lv","20":"tag-princese","21":"tag-princis"},"share_on_mastodon":{"url":"https:\/\/pubeurope.com\/@lv\/115895375147104096","error":""},"_links":{"self":[{"href":"https:\/\/www.europesays.com\/lv\/wp-json\/wp\/v2\/posts\/104777","targetHints":{"allow":["GET"]}}],"collection":[{"href":"https:\/\/www.europesays.com\/lv\/wp-json\/wp\/v2\/posts"}],"about":[{"href":"https:\/\/www.europesays.com\/lv\/wp-json\/wp\/v2\/types\/post"}],"author":[{"embeddable":true,"href":"https:\/\/www.europesays.com\/lv\/wp-json\/wp\/v2\/users\/2"}],"replies":[{"embeddable":true,"href":"https:\/\/www.europesays.com\/lv\/wp-json\/wp\/v2\/comments?post=104777"}],"version-history":[{"count":0,"href":"https:\/\/www.europesays.com\/lv\/wp-json\/wp\/v2\/posts\/104777\/revisions"}],"wp:featuredmedia":[{"embeddable":true,"href":"https:\/\/www.europesays.com\/lv\/wp-json\/wp\/v2\/media\/104778"}],"wp:attachment":[{"href":"https:\/\/www.europesays.com\/lv\/wp-json\/wp\/v2\/media?parent=104777"}],"wp:term":[{"taxonomy":"category","embeddable":true,"href":"https:\/\/www.europesays.com\/lv\/wp-json\/wp\/v2\/categories?post=104777"},{"taxonomy":"post_tag","embeddable":true,"href":"https:\/\/www.europesays.com\/lv\/wp-json\/wp\/v2\/tags?post=104777"}],"curies":[{"name":"wp","href":"https:\/\/api.w.org\/{rel}","templated":true}]}}