{"id":104779,"date":"2026-01-14T20:39:13","date_gmt":"2026-01-14T20:39:13","guid":{"rendered":"https:\/\/www.europesays.com\/lv\/104779\/"},"modified":"2026-01-14T20:39:13","modified_gmt":"2026-01-14T20:39:13","slug":"krievijas-sabiedrotie-sudzas-par-putinu-apollo-lv","status":"publish","type":"post","link":"https:\/\/www.europesays.com\/lv\/104779\/","title":{"rendered":"Krievijas sabiedrotie s\u016bdzas par Putinu &#8211; Apollo.lv"},"content":{"rendered":"<ol>\n<li><a href=\"https:\/\/news.google.com\/rss\/articles\/CBMieEFVX3lxTE9odndvUTFYNjZhc2dzdFdlMDlqR3F2a0N0aEk5c0llWjdNTWlIYnp0NGhINnVreWxKV2w4ZWJXS2xrUTliVUVwdWJWQll3VVFrRTJSR01oN3dnQXhkdjc5cGJId3ZTOVQ0ZjMtZERjcGJlLWdBSTlhcQ?oc=5\" target=\"_blank\" rel=\"nofollow noopener\">Krievijas sabiedrotie s\u016bdzas par Putinu<\/a>&nbsp;&nbsp;Apollo.lv<\/li>\n<li><a href=\"https:\/\/news.google.com\/rss\/articles\/CBMikAFBVV95cUxOdFRhTTN1QWs1V25scDA4dXMzNHVSU0xBa3M1cm81QS1yQ0p5aXloMUdQdXpudzUzN0xPMXU3NzdQT2dpQ2hrYlNfQkc0R1RBRWlocTEzMEJ5T3lYVXZYQmJfMWdpazJ4VmtpWGszTHFRTVcybVNoSEZZaVFrRjBqUzFVYUdNTkJXQ0pBZTRUVW8?oc=5\" target=\"_blank\" rel=\"nofollow noopener\">Trampa manevri no aizmugures; Putinam atliek v\u0113rot, k\u0101 kr\u012bt sabiedrotie<\/a>&nbsp;&nbsp;LA.LV<\/li>\n<li><a href=\"https:\/\/news.google.com\/rss\/articles\/CBMickFVX3lxTE5fUHhWbUdQQjBIQjlCUkctMlM3NTlnaTJvemxiVm1xNlAxdjBoaFVkQTR4ZkJvZ2RIZ2NURnZLVDE3NDJFN0M1MHBtaXlKMFVWWF92ZHltUkFTdnotbDFHbkVfQ0kyZk1DZ0t0MHl6bWl2QQ?oc=5\" target=\"_blank\" rel=\"nofollow noopener\">&#8220;Politico&#8221;: Putina Krievijas projektam tuvojas gals<\/a>&nbsp;&nbsp;NRA<\/li>\n<li><a href=\"https:\/\/news.google.com\/rss\/articles\/CBMisAFBVV95cUxQem81WG5QUW5UcF91b1E5RE9UUW9rRzFaZ1lfbTVxQ0ZBajRlcmVWU3JWN2FqdWNyUHJNeWJoOG1kNnpTLUJqZkVKYjU5dVhSMzNodDAzWFNzSloyWVY4djI2Mmtvc3J3MUprdzduazdUWmVRVWRJUGt6bHJTNDVqRl9uMDhVVDA5T0FuRmlfcS04WGNnemUwS2dCM1hjcThBTUhfeEFyczhCUmRHcjNFbg?oc=5\" target=\"_blank\" rel=\"nofollow noopener\">Trampa manevri no aizmugures; Putinam atliek v\u0113rot, k\u0101 sabiedrotie kr\u012bt<\/a>&nbsp;&nbsp;Inbox.lv<\/li>\n<li><a href=\"https:\/\/news.google.com\/rss\/articles\/CBMizgFBVV95cUxOT1FUMy1RLWxIOHFDRW82TV9sa05UeHltamo3NUktWXd5THlreEh4eGxIVjItSGZJMDBNZGxHdHEzZkhIOW40ZzlsVFNnNWszdk9hcm5sVzh3eGlMdGdPaEJsT2s0WnZXSTh1SW9nMTlNSGJqaGkyODd2cVhzanpaeFpBUXBDQWNydUJYeWJFaTRrNklwMEFsOHhjd1pKSTgtQVo4MnRzY21jek5vWVY0TnQwX3plQzVrZlhoczFIdkJvMVVGcXRfc3VsTGM4UQ?oc=5\" target=\"_blank\" rel=\"nofollow noopener\">Trampa p\u0113d\u0113j\u0101 laika darb\u012bbas, iesp\u0113jams, var\u0113tu dar\u012bt Putinu ba\u017e\u012bgu, uzskata Igaunijas \u0101rlietu ministrs<\/a>&nbsp;&nbsp;tv3.lv<\/li>\n<\/ol>\n","protected":false},"excerpt":{"rendered":"Krievijas sabiedrotie s\u016bdzas par Putinu&nbsp;&nbsp;Apollo.lv Trampa manevri no aizmugures; Putinam atliek v\u0113rot, k\u0101 kr\u012bt sabiedrotie&nbsp;&nbsp;LA.LV &#8220;Politico&#8221;: Putina Krievijas&hellip;\n","protected":false},"author":2,"featured_media":104780,"comment_status":"","ping_status":"","sticky":false,"template":"","format":"standard","meta":{"footnotes":""},"categories":[14],"tags":[23,57,292,28,29,32,33,22,2562,234,74,30,31,35,39,38,36,37,34,40,20,5168,26,27,24,25,276,358,235,54,55,56,21,58],"class_list":{"0":"post-104779","1":"post","2":"type-post","3":"status-publish","4":"format-standard","5":"has-post-thumbnail","7":"category-zinas-no-arvalstim","8":"tag-aktualitates","9":"tag-arvalstim","10":"tag-asv","11":"tag-breaking-news","12":"tag-breakingnews","13":"tag-featured-news","14":"tag-featurednews","15":"tag-headlines","16":"tag-irana","17":"tag-krievija","18":"tag-krievijas-iebrukums-ukraina","19":"tag-latest-news","20":"tag-latestnews","21":"tag-latvia","22":"tag-latvian","23":"tag-latviesu","24":"tag-latviesu-valoda","25":"tag-latviesuvaloda","26":"tag-latvija","27":"tag-lv","28":"tag-news","29":"tag-nikolass-maduro","30":"tag-popularakas-zinas","31":"tag-popularakaszinas","32":"tag-top-stories","33":"tag-topstories","34":"tag-ukraina","35":"tag-venecuela","36":"tag-vladimirs-putins","37":"tag-world","38":"tag-world-news","39":"tag-worldnews","40":"tag-zinas","41":"tag-zinas-no-arvalstim"},"share_on_mastodon":{"url":"https:\/\/pubeurope.com\/@lv\/115895387000233848","error":""},"_links":{"self":[{"href":"https:\/\/www.europesays.com\/lv\/wp-json\/wp\/v2\/posts\/104779","targetHints":{"allow":["GET"]}}],"collection":[{"href":"https:\/\/www.europesays.com\/lv\/wp-json\/wp\/v2\/posts"}],"about":[{"href":"https:\/\/www.europesays.com\/lv\/wp-json\/wp\/v2\/types\/post"}],"author":[{"embeddable":true,"href":"https:\/\/www.europesays.com\/lv\/wp-json\/wp\/v2\/users\/2"}],"replies":[{"embeddable":true,"href":"https:\/\/www.europesays.com\/lv\/wp-json\/wp\/v2\/comments?post=104779"}],"version-history":[{"count":0,"href":"https:\/\/www.europesays.com\/lv\/wp-json\/wp\/v2\/posts\/104779\/revisions"}],"wp:featuredmedia":[{"embeddable":true,"href":"https:\/\/www.europesays.com\/lv\/wp-json\/wp\/v2\/media\/104780"}],"wp:attachment":[{"href":"https:\/\/www.europesays.com\/lv\/wp-json\/wp\/v2\/media?parent=104779"}],"wp:term":[{"taxonomy":"category","embeddable":true,"href":"https:\/\/www.europesays.com\/lv\/wp-json\/wp\/v2\/categories?post=104779"},{"taxonomy":"post_tag","embeddable":true,"href":"https:\/\/www.europesays.com\/lv\/wp-json\/wp\/v2\/tags?post=104779"}],"curies":[{"name":"wp","href":"https:\/\/api.w.org\/{rel}","templated":true}]}}