{"id":104781,"date":"2026-01-14T20:40:14","date_gmt":"2026-01-14T20:40:14","guid":{"rendered":"https:\/\/www.europesays.com\/lv\/104781\/"},"modified":"2026-01-14T20:40:14","modified_gmt":"2026-01-14T20:40:14","slug":"reidos-jekabpili-un-aizkraukle-konstate-vairak-neka-30-parkapumus-jekabpils-laiks-jekabpils-zinas","status":"publish","type":"post","link":"https:\/\/www.europesays.com\/lv\/104781\/","title":{"rendered":"Reidos J\u0113kabpil\u012b un Aizkraukl\u0113 konstat\u0113 vair\u0101k nek\u0101 30 p\u0101rk\u0101pumus \/ J\u0113kabpils Laiks: J\u0113kabpils zi\u0146as"},"content":{"rendered":"<p><a href=\"https:\/\/www.jekabpilslaiks.lv\/lv\/zinas\/reids-jekabpili-nodilusu-riepu-del-zaude-auto-numura-zimes\/\" target=\"_blank\" rel=\"nofollow noopener\">Reid\u0101, ko 13. janv\u0101r\u012b J\u0113kabpil\u012b<\/a> organiz\u0113ja Valsts policija un Ce\u013cu satiksmes dro\u0161\u012bbas direkcija, tika p\u0101rbaud\u012bti 263 transportl\u012bdzek\u013ci. Kopum\u0101 tika konstat\u0113ti 18 da\u017e\u0101di p\u0101rk\u0101pumi, tostarp devi\u0146i transportl\u012bdzek\u013ci nebija apr\u012bkoti ar atbilsto\u0161\u0101m riep\u0101m. Septi\u0146\u0101m automa\u0161\u012bn\u0101m tika anul\u0113tas tehnisk\u0101s apskates, bet div\u0101m \u2013 no\u0146emtas valsts numura z\u012bmes. Se\u0161iem vad\u012bt\u0101jiem l\u012bdzi nebija personu apliecino\u0161u dokumentu un ties\u012bbu, bet vien\u0101 gad\u012bjum\u0101 vad\u012bt\u0101jam visp\u0101r nebija transportl\u012bdzek\u013ca vad\u012b\u0161anas ties\u012bbu. Konstat\u0113ts viens \u0161oferis, kur\u0161 nebija piespr\u0101dz\u0113jies, savuk\u0101rt k\u0101d\u0101 cit\u0101 gad\u012bjum\u0101 transportl\u012bdzeklim nedega apgaismojums.<\/p>\n<p>L\u012bdz\u012bgs reids notika ar\u012b Aizkraukl\u0113, kur tika p\u0101rbaud\u012bti 311 transportl\u012bdzek\u013ci un konstat\u0113ti 15 da\u017e\u0101di p\u0101rk\u0101pumi. Devi\u0146as automa\u0161\u012bnas nebija apr\u012bkotas ar atbilsto\u0161\u0101m riep\u0101m un kopum\u0101 devi\u0146iem transportl\u012bdzek\u013ciem tika anul\u0113tas tehnisk\u0101s apskates.<\/p>\n","protected":false},"excerpt":{"rendered":"Reid\u0101, ko 13. janv\u0101r\u012b J\u0113kabpil\u012b organiz\u0113ja Valsts policija un Ce\u013cu satiksmes dro\u0161\u012bbas direkcija, tika p\u0101rbaud\u012bti 263 transportl\u012bdzek\u013ci. Kopum\u0101&hellip;\n","protected":false},"author":2,"featured_media":104782,"comment_status":"","ping_status":"","sticky":false,"template":"","format":"standard","meta":{"footnotes":""},"categories":[12],"tags":[23,28,29,32,33,22,987,986,30,31,35,39,38,36,37,34,40,20,26,27,24,25,21],"class_list":{"0":"post-104781","1":"post","2":"type-post","3":"status-publish","4":"format-standard","5":"has-post-thumbnail","7":"category-latvija","8":"tag-aktualitates","9":"tag-breaking-news","10":"tag-breakingnews","11":"tag-featured-news","12":"tag-featurednews","13":"tag-headlines","14":"tag-jekabpils-zinas","15":"tag-jekabpilslaiks","16":"tag-latest-news","17":"tag-latestnews","18":"tag-latvia","19":"tag-latvian","20":"tag-latviesu","21":"tag-latviesu-valoda","22":"tag-latviesuvaloda","23":"tag-latvija","24":"tag-lv","25":"tag-news","26":"tag-popularakas-zinas","27":"tag-popularakaszinas","28":"tag-top-stories","29":"tag-topstories","30":"tag-zinas"},"share_on_mastodon":{"url":"https:\/\/pubeurope.com\/@lv\/115895390882241505","error":""},"_links":{"self":[{"href":"https:\/\/www.europesays.com\/lv\/wp-json\/wp\/v2\/posts\/104781","targetHints":{"allow":["GET"]}}],"collection":[{"href":"https:\/\/www.europesays.com\/lv\/wp-json\/wp\/v2\/posts"}],"about":[{"href":"https:\/\/www.europesays.com\/lv\/wp-json\/wp\/v2\/types\/post"}],"author":[{"embeddable":true,"href":"https:\/\/www.europesays.com\/lv\/wp-json\/wp\/v2\/users\/2"}],"replies":[{"embeddable":true,"href":"https:\/\/www.europesays.com\/lv\/wp-json\/wp\/v2\/comments?post=104781"}],"version-history":[{"count":0,"href":"https:\/\/www.europesays.com\/lv\/wp-json\/wp\/v2\/posts\/104781\/revisions"}],"wp:featuredmedia":[{"embeddable":true,"href":"https:\/\/www.europesays.com\/lv\/wp-json\/wp\/v2\/media\/104782"}],"wp:attachment":[{"href":"https:\/\/www.europesays.com\/lv\/wp-json\/wp\/v2\/media?parent=104781"}],"wp:term":[{"taxonomy":"category","embeddable":true,"href":"https:\/\/www.europesays.com\/lv\/wp-json\/wp\/v2\/categories?post=104781"},{"taxonomy":"post_tag","embeddable":true,"href":"https:\/\/www.europesays.com\/lv\/wp-json\/wp\/v2\/tags?post=104781"}],"curies":[{"name":"wp","href":"https:\/\/api.w.org\/{rel}","templated":true}]}}