{"id":104783,"date":"2026-01-14T20:42:07","date_gmt":"2026-01-14T20:42:07","guid":{"rendered":"https:\/\/www.europesays.com\/lv\/104783\/"},"modified":"2026-01-14T20:42:07","modified_gmt":"2026-01-14T20:42:07","slug":"sinfonietta-riga-atskanos-haidna-sumana-un-mainca-muziku-pirmaja-gada-koncertprogramma-lente-lv","status":"publish","type":"post","link":"https:\/\/www.europesays.com\/lv\/104783\/","title":{"rendered":"Sinfonietta R\u012bga atska\u0146os Haidna, \u0160\u016bma\u0146a un Mainca m\u016bziku pirmaj\u0101 gada koncertprogramm\u0101\u00a0\u2014\u00a0Lente.lv"},"content":{"rendered":"<p>Sinfonietta R\u012bga uzs\u0101k jauno koncertsezonu<\/p>\n<p>Kameror\u0137estris Sinfonietta R\u012bga, diri\u0123enta Normunda \u0160n\u0113 vad\u012bb\u0101, piektdien, 23. janv\u0101r\u012b, plkst. 19.00 Latvijas Universit\u0101tes Lielaj\u0101 aul\u0101 aicina uz savu pirmo \u0161\u012bgada koncertprogrammu. K\u0101 zi\u0146o av\u012bze Diena, \u0161is pas\u0101kums iez\u012bm\u0113s or\u0137estra gada koncertdarb\u012bbas s\u0101kumu, pied\u0101v\u0101jot klaus\u012bt\u0101jiem daudzveid\u012bgu un intri\u0123\u0113jo\u0161u muzik\u0101lu ce\u013cojumu. Sinfonietta R\u012bga, kas dibin\u0101ta 2006. gad\u0101, ir ieguvusi atzin\u012bbu par savu meistar\u012bbu un rado\u0161o pieeju m\u016bzikas interpret\u0101cij\u0101, sp\u0113l\u0113jot gan baroka, gan klasicisma, gan laikmet\u012bgo m\u016bziku.<\/p>\n<p>Programmas atsl\u0113gas punkti: Haidns, \u0160\u016bmanis un Maincs<\/p>\n<p>Koncert\u0101 skan\u0113s Jozefa Haidna 94. simfonija, kas paz\u012bstama ar savu ener\u0123isko raksturu un negaid\u012bto timp\u0101nu lomu, ieguvusi apak\u0161nosaukumu \u201cP\u0101rsteigums\u201d. Roberta \u0160\u016bma\u0146a monument\u0101lais ska\u0146darbs \u201cKonzertst\u00fcck\u201d \u010detriem me\u017eragiem un or\u0137estrim, kas atkl\u0101j komponista \u012bpa\u0161o saikni ar \u0161o instrumentu, tiks izpild\u012bts kop\u0101 ar vado\u0161ajiem Latvijas me\u017eradzniekiem. Papildus klasikas v\u0113rt\u012bb\u0101m programm\u0101 iek\u013cautas ar\u012b m\u016bsdienu v\u0101cu komponista Filipa Mainca ekspres\u012bv\u0101s ska\u0146u ainavas, kas iedvesmotas no Berl\u012bnes naktsdz\u012bves, radot ska\u0146u gleznojumu par il\u016bziju sadrup\u0161anu. T\u0101pat skan\u0113s it\u0101\u013cu avangarda komponista Lu\u010d\u0101no Berio opuss \u201cRequies\u201d, kas velt\u012bts vi\u0146a m\u016b\u017e\u012bb\u0101 aizsauktajai sievai, dzied\u0101t\u0101jai Ketijai Berberianai, un atspogu\u013co atmi\u0146u un emociju mijiedarb\u012bbu.<\/p>\n<p>Normunds \u0160n\u0113 un Sinfonietta R\u012bga: ilggad\u0113ja sadarb\u012bba<\/p>\n<p>Kameror\u0137estri Sinfonietta R\u012bga kop\u0161 t\u0101 dibin\u0101\u0161anas 2006. gad\u0101 vada diri\u0123ents Normunds \u0160n\u0113, kur\u0161 ir ne tikai muzik\u0101lais vad\u012bt\u0101js, bet ar\u012b viens no dibin\u0101t\u0101jiem. \u0160n\u0113, kur\u0161 ir ar\u012b obojists un ierakstu producents, ir ieguvis vair\u0101kas presti\u017eas balvas, tai skait\u0101 Lielo m\u016bzikas balvu, un vi\u0146a vad\u012btie kolekt\u012bvi ir sa\u0146\u0113mu\u0161i septi\u0146as \u0161\u0101das godalgas. Vi\u0146a ilgad\u0113j\u0101 pieredze un dzi\u013c\u0101 izpratne par m\u016bziku ir b\u016btiska Sinfonietta R\u012bga pan\u0101kumu atsl\u0113ga. \u0160\u012b sezona ir \u012bpa\u0161a, jo t\u0101 iez\u012bm\u0113 \u0160n\u0113 20 gadu ilgo sadarb\u012bbas posmu ar or\u0137estri.<\/p>\n<p>Sinfonietta R\u012bga \u2013 sasniegumi un n\u0101kotnes perspekt\u012bvas<\/p>\n<p>Sinfonietta R\u012bga ir ieguvusi Latvijas Lielo M\u016bzikas balvu par izcilu un daudzveid\u012bgu koncertdarb\u012bbu un interpret\u0101ciju. Or\u0137estris ir piedal\u012bjies ar\u012b starptautiskos projektos, tostarp albuma ierakst\u0101, kas ieguvis Grammy balvu. Lai gan diri\u0123ents Normunds \u0160n\u0113 ir pazi\u0146ojis par savas vad\u012bt\u0101ja pilnvaru nodo\u0161anu p\u0113c \u0161\u012bs sezonas, vi\u0146a devums or\u0137estra att\u012bst\u012bb\u0101 un profesion\u0101laj\u0101 izaugsm\u0113 ir nenoliedzams. Sinfonietta R\u012bga turpina att\u012bst\u012bties, mekl\u0113jot jaunus muzik\u0101lus izaicin\u0101jumus un pied\u0101v\u0101jot klaus\u012bt\u0101jiem kvalitat\u012bvu un daudzpus\u012bgu koncertprogrammu.<\/p>\n","protected":false},"excerpt":{"rendered":"Sinfonietta R\u012bga uzs\u0101k jauno koncertsezonu Kameror\u0137estris Sinfonietta R\u012bga, diri\u0123enta Normunda \u0160n\u0113 vad\u012bb\u0101, piektdien, 23. janv\u0101r\u012b, plkst. 19.00 Latvijas&hellip;\n","protected":false},"author":2,"featured_media":104784,"comment_status":"","ping_status":"","sticky":false,"template":"","format":"standard","meta":{"footnotes":""},"categories":[19],"tags":[89,25160,90,5763,35,39,38,36,37,34,40,11789,5917,25161],"class_list":{"0":"post-104783","1":"post","2":"type-post","3":"status-publish","4":"format-standard","5":"has-post-thumbnail","7":"category-izklaide","8":"tag-entertainment","9":"tag-haidna-simfonija","10":"tag-izklaide","11":"tag-kamermuzika","12":"tag-latvia","13":"tag-latvian","14":"tag-latviesu","15":"tag-latviesu-valoda","16":"tag-latviesuvaloda","17":"tag-latvija","18":"tag-lv","19":"tag-normunds-sne","20":"tag-sinfonietta-riga","21":"tag-sumana-koncertdarbs"},"share_on_mastodon":{"url":"https:\/\/pubeurope.com\/@lv\/115895398754302355","error":""},"_links":{"self":[{"href":"https:\/\/www.europesays.com\/lv\/wp-json\/wp\/v2\/posts\/104783","targetHints":{"allow":["GET"]}}],"collection":[{"href":"https:\/\/www.europesays.com\/lv\/wp-json\/wp\/v2\/posts"}],"about":[{"href":"https:\/\/www.europesays.com\/lv\/wp-json\/wp\/v2\/types\/post"}],"author":[{"embeddable":true,"href":"https:\/\/www.europesays.com\/lv\/wp-json\/wp\/v2\/users\/2"}],"replies":[{"embeddable":true,"href":"https:\/\/www.europesays.com\/lv\/wp-json\/wp\/v2\/comments?post=104783"}],"version-history":[{"count":0,"href":"https:\/\/www.europesays.com\/lv\/wp-json\/wp\/v2\/posts\/104783\/revisions"}],"wp:featuredmedia":[{"embeddable":true,"href":"https:\/\/www.europesays.com\/lv\/wp-json\/wp\/v2\/media\/104784"}],"wp:attachment":[{"href":"https:\/\/www.europesays.com\/lv\/wp-json\/wp\/v2\/media?parent=104783"}],"wp:term":[{"taxonomy":"category","embeddable":true,"href":"https:\/\/www.europesays.com\/lv\/wp-json\/wp\/v2\/categories?post=104783"},{"taxonomy":"post_tag","embeddable":true,"href":"https:\/\/www.europesays.com\/lv\/wp-json\/wp\/v2\/tags?post=104783"}],"curies":[{"name":"wp","href":"https:\/\/api.w.org\/{rel}","templated":true}]}}