{"id":104785,"date":"2026-01-14T20:46:14","date_gmt":"2026-01-14T20:46:14","guid":{"rendered":"https:\/\/www.europesays.com\/lv\/104785\/"},"modified":"2026-01-14T20:46:14","modified_gmt":"2026-01-14T20:46:14","slug":"zinatniskaja-konference-latvijas-un-arvalstu-eksperti-diskutes-par-maksliga-intelekta-ietekmi-uz-digitalo-transformaciju-lv-portals","status":"publish","type":"post","link":"https:\/\/www.europesays.com\/lv\/104785\/","title":{"rendered":"Zin\u0101tniskaj\u0101 konferenc\u0113 Latvijas un \u0101rvalstu eksperti diskut\u0113s par m\u0101ksl\u012bg\u0101 intelekta ietekmi uz digit\u0101lo transform\u0101ciju &#8211; LV port\u0101ls"},"content":{"rendered":"<ol>\n<li><a href=\"https:\/\/news.google.com\/rss\/articles\/CBMi-wFBVV95cUxNYXBGSGNTNkRJZGFkenN1YWM1eTM2SG00N3dXWG4taWJfaEQwOXZMWXp2RGp4bHNHY0hEbmxyV2JEMUVSNkNTRm9vbnc0X2xORVNNNWczc1JvWXdKc3kwV2VuNWdSMFZzeWVKdGZLdlpKbG9qdmExUzBocHZ2Und0YzZ5a1B3YUg2a3N3UE04UURYRTVmdmN4V1E3VENPUEZ5a3htWldqUG96MVlBOFhFWmdmUldTM3hsbkRlRXRPdTIyZ3lXSDVmWE5VblAtcmNMM2ViaGZ2SDNJdHlMbEtMcVFoR1U2a1ZFeEJNWEJCRTR0T3Z3MlhaYzVKdw?oc=5\" target=\"_blank\" rel=\"nofollow noopener\">Zin\u0101tniskaj\u0101 konferenc\u0113 Latvijas un \u0101rvalstu eksperti diskut\u0113s par m\u0101ksl\u012bg\u0101 intelekta ietekmi uz digit\u0101lo transform\u0101ciju<\/a>&nbsp;&nbsp;LV port\u0101ls<\/li>\n<li><a href=\"https:\/\/news.google.com\/rss\/articles\/CBMiwgFBVV95cUxOMVVCZUFudE5fd0pFNF85TTMtbVZ5TmxDTFhsdlZZWGNGT0xWRTNNbWVDZ2I4bVJQOVhRWmFLV3l4UnJjY0VFc0JVU21LS0tTSTdQSDhSSklfNmNSLTdDdUp6a3V4VTRtZFlGb0VBMW9MWWZOaHFQcW4xM01YSU05S2lmRGt4endyZXpUbkJzd1JJNVVJUl95MG1IUGpwN3B2U0xCeUZDT3hwMlk2cFNTbGZ2ZUZ5a2swYlgxWlhVcHZJUdIBxwFBVV95cUxNal9EY3NxcDcza0duQnV1Z2Q4anF1YWdGckEwb1c2Zkhlb2ctYjZpN2NhMTRueUtLcE1FY1RlOTg5enBIMHZ5NEJWUURTWGd4cFpXTndpYVFPZzBtRUhUMzdLLUs0Q25Ybk84aUxORkw0Z2hMTjZiV0J2c2xHRnBfcWszNDRrdmlVcHQ0QjFxTURYeXFoWHRHcEpXbV90RUhtN3BINk5jT3RkSHBMRE9UcWNKS2FWd2lYcFlZcTVORU9QVExzbFRJ?oc=5\" target=\"_blank\" rel=\"nofollow noopener\">M\u0101ksl\u012bgais intelekts izrais\u012bjis pla\u0161as p\u0101rmai\u0146as Rietumeiropas darba tirg\u016b<\/a>&nbsp;&nbsp;bb.lv<\/li>\n<li><a href=\"https:\/\/news.google.com\/rss\/articles\/CBMixgFBVV95cUxQWXVhQXdZbUFpS1J5UmwxQ00wSEdIay1kSDlkVmw0a0FFSEJ2MDhhZDVGZmwySUk3X2xGemNzMTFSWDZSV1BIRmoxajV5QmNRbUVaRmMzVUN2ZkdyYWszS0ZxSXk3TDZyd01ySUp4MkdZZnRfNXM5RzVHQXdET1dzOVZ3RWxsWG90eHFINVk2ZGtrYUx4akkxdnVEbThUczBjTG9va0dwaVdxRWNtWEtlQS1fbkVNcVNLa090bmV2QWQ5WE1tbEE?oc=5\" target=\"_blank\" rel=\"nofollow noopener\">Darba tirgus uz krasu p\u0101rmai\u0146u sliek\u0161\u0146a: kas tuv\u0101kaj\u0101 laik\u0101 main\u012bsies Latvijas str\u0101d\u0101jo\u0161o ikdien\u0101<\/a>&nbsp;&nbsp;Dzentlmenis.lv<\/li>\n<li><a href=\"https:\/\/news.google.com\/rss\/articles\/CBMikwFBVV95cUxQSDhzSGpZOG03cFllYUY2MklEdUJSMXpsNTBRalZOSl9mOW5JUUdjSndidEFqTlEyOFBVSDg5YzlzejM2dXNDVGl5SGtfRmxhZVhNOGU5NndrNm16djhON1FOeG9ON3gtZC1ONUNpdWdhRW1xSlhNSjNKVlZMSXZseHQwQk82S3hKYkR0MGFDUXNfQTg?oc=5\" target=\"_blank\" rel=\"nofollow noopener\">M\u0101ksl\u012bgo intelektu izmanto fragment\u0101ri<\/a>&nbsp;&nbsp;Diena<\/li>\n<li><a href=\"https:\/\/news.google.com\/rss\/articles\/CBMi6gFBVV95cUxNUVZJdXpnLUQ5N0VUR3pTQkl1aWJ4Wm5LMVJUSUdtZHI5dzByLXRsWmdPendwYVBYUkZOYV93N1pMVXduVnNEdjBNZkM4eVNmV2tPWVRTQ0NHc2ZZUHdXakdDQW9DdVRtclV3V2NYNkl1dEJId2F6T1NaT2gyMlplN1VGbVFzR2ljZWpqWnFZMWNpNVBUQVpHR0NYY0FRRnMxMDNBYUpwYzMxSGhNcnpwR0JpMThjUVpIX3Q2VnVCaDdOVzFaTi13UFByS2ZxRW9sREkxc2hmdHdzamJxWWZLVlNTSGhHWXZNUkE?oc=5\" target=\"_blank\" rel=\"nofollow noopener\">Latvijas uz\u0146\u0113mums &#8220;Apply&#8221; ar m\u0101ksl\u012bgo intelektu str\u0101d\u0101 vair\u0101k nek\u0101 10 gadu: br\u0101\u013ci Jakubovi\u010di st\u0101sta par milzu iesp\u0113j\u0101m<\/a>&nbsp;&nbsp;Jauns.lv<\/li>\n<\/ol>\n","protected":false},"excerpt":{"rendered":"Zin\u0101tniskaj\u0101 konferenc\u0113 Latvijas un \u0101rvalstu eksperti diskut\u0113s par m\u0101ksl\u012bg\u0101 intelekta ietekmi uz digit\u0101lo transform\u0101ciju&nbsp;&nbsp;LV port\u0101ls M\u0101ksl\u012bgais intelekts izrais\u012bjis&hellip;\n","protected":false},"author":2,"featured_media":97074,"comment_status":"","ping_status":"","sticky":false,"template":"","format":"standard","meta":{"footnotes":""},"categories":[12],"tags":[23,28,29,32,33,22,30,31,35,39,38,36,37,34,40,20,26,27,24,25,21],"class_list":{"0":"post-104785","1":"post","2":"type-post","3":"status-publish","4":"format-standard","5":"has-post-thumbnail","7":"category-latvija","8":"tag-aktualitates","9":"tag-breaking-news","10":"tag-breakingnews","11":"tag-featured-news","12":"tag-featurednews","13":"tag-headlines","14":"tag-latest-news","15":"tag-latestnews","16":"tag-latvia","17":"tag-latvian","18":"tag-latviesu","19":"tag-latviesu-valoda","20":"tag-latviesuvaloda","21":"tag-latvija","22":"tag-lv","23":"tag-news","24":"tag-popularakas-zinas","25":"tag-popularakaszinas","26":"tag-top-stories","27":"tag-topstories","28":"tag-zinas"},"share_on_mastodon":{"url":"https:\/\/pubeurope.com\/@lv\/115895414449441178","error":""},"_links":{"self":[{"href":"https:\/\/www.europesays.com\/lv\/wp-json\/wp\/v2\/posts\/104785","targetHints":{"allow":["GET"]}}],"collection":[{"href":"https:\/\/www.europesays.com\/lv\/wp-json\/wp\/v2\/posts"}],"about":[{"href":"https:\/\/www.europesays.com\/lv\/wp-json\/wp\/v2\/types\/post"}],"author":[{"embeddable":true,"href":"https:\/\/www.europesays.com\/lv\/wp-json\/wp\/v2\/users\/2"}],"replies":[{"embeddable":true,"href":"https:\/\/www.europesays.com\/lv\/wp-json\/wp\/v2\/comments?post=104785"}],"version-history":[{"count":0,"href":"https:\/\/www.europesays.com\/lv\/wp-json\/wp\/v2\/posts\/104785\/revisions"}],"wp:featuredmedia":[{"embeddable":true,"href":"https:\/\/www.europesays.com\/lv\/wp-json\/wp\/v2\/media\/97074"}],"wp:attachment":[{"href":"https:\/\/www.europesays.com\/lv\/wp-json\/wp\/v2\/media?parent=104785"}],"wp:term":[{"taxonomy":"category","embeddable":true,"href":"https:\/\/www.europesays.com\/lv\/wp-json\/wp\/v2\/categories?post=104785"},{"taxonomy":"post_tag","embeddable":true,"href":"https:\/\/www.europesays.com\/lv\/wp-json\/wp\/v2\/tags?post=104785"}],"curies":[{"name":"wp","href":"https:\/\/api.w.org\/{rel}","templated":true}]}}