{"id":104787,"date":"2026-01-14T20:51:30","date_gmt":"2026-01-14T20:51:30","guid":{"rendered":"https:\/\/www.europesays.com\/lv\/104787\/"},"modified":"2026-01-14T20:51:30","modified_gmt":"2026-01-14T20:51:30","slug":"krievijas-modificetie-geran-droni-rada-jaunus-draudus-ukrainas-pretgaisa-aizsardzibai-lente-lv-2","status":"publish","type":"post","link":"https:\/\/www.europesays.com\/lv\/104787\/","title":{"rendered":"Krievijas modific\u0113tie &#8220;Gera\u0146&#8221; droni rada jaunus draudus Ukrainas pretgaisa aizsardz\u012bbai\u00a0\u2014\u00a0Lente.lv"},"content":{"rendered":"<p>Krievija moderniz\u0113 uzbrukuma dronus<\/p>\n<p>ASV b\u0101z\u0113t\u0101 domn\u012bca &#8220;Institute For The Study Of War&#8221; (ISW) sav\u0101 jaun\u0101kaj\u0101 anal\u012bz\u0113 nor\u0101da, ka Krievija veic b\u016btiskus uzlabojumus Ir\u0101nas parauga uzbrukuma bezpilota lidapar\u0101tiem &#8220;Shahed&#8221;, kas Krievij\u0101 paz\u012bstami k\u0101 &#8220;Gera\u0146&#8221;. \u0160\u012bs modifik\u0101cijas ir v\u0113rstas uz Ukrainas pretgaisa aizsardz\u012bbas sist\u0113mu apgr\u016btin\u0101\u0161anu un rad\u012btu jaunu draudu l\u012bmeni.<\/p>\n<p>Jaunas sp\u0113jas un taktika<\/p>\n<p>P\u0113c ekspertu nov\u0113rojumiem, Krievija nav aprobe\u017eojusies tikai ar vienu moderniz\u0101cijas virzienu. Ir zi\u0146as par &#8220;Shahed&#8221; dronu apr\u012bko\u0161anu ar reakt\u012bvajiem dzin\u0113jiem, palielinot to \u0101trumu l\u012bdz pat 600 km\/h, kas apgr\u016btina radaru uztver\u0161anu un klasifik\u0101ciju. Tas liek Ukrainas pretgaisa aizsardz\u012bbai nep\u0101rtraukti piel\u0101goties jaunaj\u0101m tehnolo\u0123ij\u0101m. V\u0113l satrauco\u0161\u0101ka tendence ir zi\u0146as par &#8220;Shahed&#8221; dronu modifik\u0101cij\u0101m, kas apr\u012bkotas ar &#8220;gaiss-gaiss&#8221; tipa ra\u0137et\u0113m, piem\u0113ram, R-60. \u0160\u0101das izmai\u0146as potenci\u0101li var\u0113tu \u013caut droniem m\u0113r\u0137\u0113t Ukrainas lidapar\u0101tus un helikopterus, kas tiek izmantoti, lai notriektu uzbr\u016bko\u0161os dronus. Ir ar\u012b nov\u0113roti gad\u012bjumi, kad &#8220;Shahed&#8221; droni tiek apr\u012bkoti ar videokamer\u0101m un radio modemiem, \u013caujot att\u0101lin\u0101ti vad\u012bt tos no Krievijas teritorijas un prec\u012bz\u0101k veikt triecienus, tostarp pret Ukrainas avi\u0101ciju.<\/p>\n<p>Pretgaisa aizsardz\u012bbas piel\u0101go\u0161an\u0101s un izaicin\u0101jumi<\/p>\n<p>\u0160\u012bs jaun\u0101s &#8220;Gera\u0146&#8221; dronu modifik\u0101cijas rada iev\u0113rojamus izaicin\u0101jumus Ukrainas pretgaisa aizsardz\u012bbas sp\u0113kiem. Nep\u0101rtraukta tehnolo\u0123isk\u0101 att\u012bst\u012bba no Krievijas puses prasa no Ukrainas past\u0101v\u012bgu strat\u0113\u0123iju un taktikas atjaunin\u0101\u0161anu. Lai gan Ukraina izmanto gan modernas Rietumu sist\u0113mas, piem\u0113ram, &#8220;Patriot&#8221; un &#8220;NASAMS&#8221;, gan ar\u012b l\u0113t\u0101kus un inovat\u012bvus risin\u0101jumus, piem\u0113ram, akustisk\u0101s dronu noteik\u0161anas sist\u0113mas &#8220;Sky Fortress&#8221;, jaun\u0101s drona iesp\u0113jas var\u0113tu palielin\u0101t izdevumu slogu aizsardz\u012bbai. Ir zi\u0146ots, ka Krievija pl\u0101no ra\u017eot desmitiem t\u016bksto\u0161u \u0161\u0101da tipa dronu, t\u0101d\u0113j\u0101di palielinot savu pa\u0161pietiekam\u012bbu \u0161aj\u0101 jom\u0101.<\/p>\n<p>Iepriek\u0161\u0113jie uzbrukumi un eso\u0161\u0101 situ\u0101cija<\/p>\n<p>Kop\u0161 pilna m\u0113roga iebrukuma s\u0101kuma Krievija pret Ukrainu ir izmantojusi gandr\u012bz 29 000 Ir\u0101nas izstr\u0101d\u0101tos &#8220;Shahed&#8221; dronus. \u0160ie droni tradicion\u0101li tika izmantoti k\u0101 vienvirziena trieciena droni pret civilo un milit\u0101ro infrastrukt\u016bru. Tom\u0113r jaun\u0101s modifik\u0101cijas, kas apr\u012bkotas ar pretgaisa aizsardz\u012bbas ra\u0137et\u0113m vai sp\u0113j veikt uzbrukumus pret gaisa m\u0113r\u0137iem, iez\u012bm\u0113 noz\u012bm\u012bgu pav\u0113rsienu Krievijas dronu konfigur\u0101cij\u0101 un pielietojum\u0101, radot jaunu operacion\u0101lu risku ne tikai Ukrainas civiliedz\u012bvot\u0101jiem, bet ar\u012b t\u0101s gaisa sp\u0113kiem.<\/p>\n","protected":false},"excerpt":{"rendered":"Krievija moderniz\u0113 uzbrukuma dronus ASV b\u0101z\u0113t\u0101 domn\u012bca &#8220;Institute For The Study Of War&#8221; (ISW) sav\u0101 jaun\u0101kaj\u0101 anal\u012bz\u0113 nor\u0101da,&hellip;\n","protected":false},"author":2,"featured_media":102562,"comment_status":"","ping_status":"","sticky":false,"template":"","format":"standard","meta":{"footnotes":""},"categories":[14],"tags":[23,57,28,29,75,32,33,24895,22,30,31,35,39,38,36,37,34,40,20,26,27,9422,13600,24,25,276,54,55,56,21,58],"class_list":{"0":"post-104787","1":"post","2":"type-post","3":"status-publish","4":"format-standard","5":"has-post-thumbnail","7":"category-zinas-no-arvalstim","8":"tag-aktualitates","9":"tag-arvalstim","10":"tag-breaking-news","11":"tag-breakingnews","12":"tag-droni","13":"tag-featured-news","14":"tag-featurednews","15":"tag-geran","16":"tag-headlines","17":"tag-latest-news","18":"tag-latestnews","19":"tag-latvia","20":"tag-latvian","21":"tag-latviesu","22":"tag-latviesu-valoda","23":"tag-latviesuvaloda","24":"tag-latvija","25":"tag-lv","26":"tag-news","27":"tag-popularakas-zinas","28":"tag-popularakaszinas","29":"tag-pretgaisa-aizsardziba","30":"tag-shahed","31":"tag-top-stories","32":"tag-topstories","33":"tag-ukraina","34":"tag-world","35":"tag-world-news","36":"tag-worldnews","37":"tag-zinas","38":"tag-zinas-no-arvalstim"},"share_on_mastodon":{"url":"https:\/\/pubeurope.com\/@lv\/115895434138332002","error":""},"_links":{"self":[{"href":"https:\/\/www.europesays.com\/lv\/wp-json\/wp\/v2\/posts\/104787","targetHints":{"allow":["GET"]}}],"collection":[{"href":"https:\/\/www.europesays.com\/lv\/wp-json\/wp\/v2\/posts"}],"about":[{"href":"https:\/\/www.europesays.com\/lv\/wp-json\/wp\/v2\/types\/post"}],"author":[{"embeddable":true,"href":"https:\/\/www.europesays.com\/lv\/wp-json\/wp\/v2\/users\/2"}],"replies":[{"embeddable":true,"href":"https:\/\/www.europesays.com\/lv\/wp-json\/wp\/v2\/comments?post=104787"}],"version-history":[{"count":0,"href":"https:\/\/www.europesays.com\/lv\/wp-json\/wp\/v2\/posts\/104787\/revisions"}],"wp:featuredmedia":[{"embeddable":true,"href":"https:\/\/www.europesays.com\/lv\/wp-json\/wp\/v2\/media\/102562"}],"wp:attachment":[{"href":"https:\/\/www.europesays.com\/lv\/wp-json\/wp\/v2\/media?parent=104787"}],"wp:term":[{"taxonomy":"category","embeddable":true,"href":"https:\/\/www.europesays.com\/lv\/wp-json\/wp\/v2\/categories?post=104787"},{"taxonomy":"post_tag","embeddable":true,"href":"https:\/\/www.europesays.com\/lv\/wp-json\/wp\/v2\/tags?post=104787"}],"curies":[{"name":"wp","href":"https:\/\/api.w.org\/{rel}","templated":true}]}}