{"id":104788,"date":"2026-01-14T20:55:11","date_gmt":"2026-01-14T20:55:11","guid":{"rendered":"https:\/\/www.europesays.com\/lv\/104788\/"},"modified":"2026-01-14T20:55:11","modified_gmt":"2026-01-14T20:55:11","slug":"zala-klust-par-dakaras-rallija-lideri-smago-automasinu-klase","status":"publish","type":"post","link":"https:\/\/www.europesays.com\/lv\/104788\/","title":{"rendered":"\u017dala k\u013c\u016bst par Dakaras rallija l\u012bderi smago automa\u0161\u012bnu klas\u0113"},"content":{"rendered":"<p>Foto: Vaidotas \u017dala &#8211; N\u00f8rdis Team<\/p>\n<p>Dakaras rallija dev\u012bto posmu \u0161\u012bs dienas jubil\u0101rs (aprit\u0113ja 24 gadi) Mi\u010dels van den Brinks s\u0101ka k\u0101 l\u012bderis smago automa\u0161\u012bnu klas\u0113, tobr\u012bd par 35 min\u016bt\u0113m apsteidzot lietuvieti Vaidotu \u017dalu. <\/p>\n<p>Ta\u010du \u0161\u012bs dienas posms N\u012bderlandes sportistam bija gau\u017e\u0101m neveiksm\u012bgs. Vispirms pusass defekts, bet v\u0113l\u0101k ies\u0113\u0161an\u0101s k\u0101p\u0101s vi\u0146am maks\u0101ja stundu un 11 min\u016btes, kas kopv\u0113rt\u0113jum\u0101 vi\u0146u no pirm\u0101s poz\u012bcijas atsvieda uz tre\u0161o, 34 min\u016btes aiz jaun\u0101 l\u012bdera Vaidotas \u017dala, kur\u0161, savuk\u0101rt, otr\u0101s vietas ieguv\u0113ju Ale\u0161u Lopraisu tagad apsteidz par gandr\u012bz 19 min\u016bt\u0113m.<br \/>&#8221;Maratona \u0101trumposma otr\u0101 da\u013ca bija patie\u0161\u0101m \u013coti smaga \u2014 m\u012bkstas k\u0101pas un vid\u0113jais \u0101trums tikai ap 40 km\/h. Dar\u012bju visu iesp\u0113jamo, lai saudz\u0113tu tehniku, \u012bpa\u0161i balstiek\u0101rtu, jo jutu, ka viss k\u013c\u016bst \u013coti karsts. M\u0113s ar\u012b paman\u012bj\u0101m Ale\u0161u Lopraisu sev priek\u0161\u0101, kas \u013c\u0101va man kontrol\u0113t atstatumu. L\u012bdz fini\u0161am v\u0113l tr\u012bs dienas. Maratona pirmais posms nebija tik sare\u017e\u0123\u012bts, ta\u010du otr\u0101 puse mums patie\u0161\u0101m iedeva pa zobiem. Nekad nevar zin\u0101t, kas sagaida n\u0101kamaj\u0101 br\u012bd\u012b,&#8221; t\u0101 Vaidotas \u017dala.<\/p>\n<p>L\u012bdz Dakaras rallija fini\u0161am atliku\u0161as tr\u012bs dienas.<\/p>\n<p>Kopv\u0113rt\u0113jums:<\/p>\n<p><img loading=\"lazy\" decoding=\"async\" height=\"228\" width=\"420\" src=\"https:\/\/www.europesays.com\/lv\/wp-content\/uploads\/2026\/01\/Kopv_1.jpg\"\/><\/p>\n","protected":false},"excerpt":{"rendered":"Foto: Vaidotas \u017dala &#8211; N\u00f8rdis Team Dakaras rallija dev\u012bto posmu \u0161\u012bs dienas jubil\u0101rs (aprit\u0113ja 24 gadi) Mi\u010dels van&hellip;\n","protected":false},"author":2,"featured_media":104789,"comment_status":"","ping_status":"","sticky":false,"template":"","format":"standard","meta":{"footnotes":""},"categories":[17],"tags":[35,39,38,36,37,34,40,67],"class_list":{"0":"post-104788","1":"post","2":"type-post","3":"status-publish","4":"format-standard","5":"has-post-thumbnail","7":"category-sports","8":"tag-latvia","9":"tag-latvian","10":"tag-latviesu","11":"tag-latviesu-valoda","12":"tag-latviesuvaloda","13":"tag-latvija","14":"tag-lv","15":"tag-sports"},"share_on_mastodon":{"url":"https:\/\/pubeurope.com\/@lv\/115895449866596267","error":""},"_links":{"self":[{"href":"https:\/\/www.europesays.com\/lv\/wp-json\/wp\/v2\/posts\/104788","targetHints":{"allow":["GET"]}}],"collection":[{"href":"https:\/\/www.europesays.com\/lv\/wp-json\/wp\/v2\/posts"}],"about":[{"href":"https:\/\/www.europesays.com\/lv\/wp-json\/wp\/v2\/types\/post"}],"author":[{"embeddable":true,"href":"https:\/\/www.europesays.com\/lv\/wp-json\/wp\/v2\/users\/2"}],"replies":[{"embeddable":true,"href":"https:\/\/www.europesays.com\/lv\/wp-json\/wp\/v2\/comments?post=104788"}],"version-history":[{"count":0,"href":"https:\/\/www.europesays.com\/lv\/wp-json\/wp\/v2\/posts\/104788\/revisions"}],"wp:featuredmedia":[{"embeddable":true,"href":"https:\/\/www.europesays.com\/lv\/wp-json\/wp\/v2\/media\/104789"}],"wp:attachment":[{"href":"https:\/\/www.europesays.com\/lv\/wp-json\/wp\/v2\/media?parent=104788"}],"wp:term":[{"taxonomy":"category","embeddable":true,"href":"https:\/\/www.europesays.com\/lv\/wp-json\/wp\/v2\/categories?post=104788"},{"taxonomy":"post_tag","embeddable":true,"href":"https:\/\/www.europesays.com\/lv\/wp-json\/wp\/v2\/tags?post=104788"}],"curies":[{"name":"wp","href":"https:\/\/api.w.org\/{rel}","templated":true}]}}