{"id":104790,"date":"2026-01-14T20:57:07","date_gmt":"2026-01-14T20:57:07","guid":{"rendered":"https:\/\/www.europesays.com\/lv\/104790\/"},"modified":"2026-01-14T20:57:07","modified_gmt":"2026-01-14T20:57:07","slug":"ir-skaidrs-ka-trampam-ir-velme-iekarot-grenlandi","status":"publish","type":"post","link":"https:\/\/www.europesays.com\/lv\/104790\/","title":{"rendered":"Ir skaidrs, ka Trampam ir v\u0113lme iekarot Grenlandi"},"content":{"rendered":"<p>Reiz\u0113 ar Rasmusenu sarun\u0101s piedal\u012bj\u0101s Grenlandes \u0101rlietu ministre Viviana Mocfelta.<\/p>\n<p>&#8220;Mums neizdev\u0101s main\u012bt amerik\u0101\u0146u poz\u012bciju. Ir skaidrs, ka prezidentam [Donaldam Trampam] ir v\u0113lme iekarot Grenlandi,&#8221; \u017eurn\u0101listiem sac\u012bja Rasmusens. &#8220;Un m\u0113s \u013coti, \u013coti skaidri pateic\u0101m, ka tas nav karalistes interes\u0113s,&#8221; vi\u0146\u0161 uzsv\u0113ra.<\/p>\n<p>Rasmusens nor\u0101d\u012bja, ka Grenlandes un D\u0101nijas iedz\u012bvot\u0101jiem \u0161is jaut\u0101jums ir &#8220;\u013coti emocion\u0101ls&#8221;.<\/p>\n<p>&#8220;Idejas, kas nerespekt\u0113tu D\u0101nijas Karalistes teritori\u0101lo integrit\u0101ti un Grenlandes iedz\u012bvot\u0101ju pa\u0161noteik\u0161an\u0101s ties\u012bbas, protams, ir piln\u012bgi nepie\u0146emamas. (..) T\u0101p\u0113c mums joproj\u0101m ir fundament\u0101las domstarp\u012bbas,&#8221; pazi\u0146oja Rasmusens.<\/p>\n<p>Vi\u0146\u0161 nor\u0101d\u012bja, ka tik\u0161an\u0101s m\u0113r\u0137is bija atrast kop\u012bgu ce\u013cu uz priek\u0161u Arktikas dro\u0161\u012bbas jaut\u0101jum\u0101, un abas puses vienoj\u0101s izveidot darba grupu, lai apspriestu veidus domstarp\u012bbu p\u0101rvar\u0113\u0161anai.<\/p>\n<p>&#8220;M\u016bsupr\u0101t, grupai b\u016btu j\u0101koncentr\u0113jas uz to, k\u0101 risin\u0101t Amerikas ba\u017eas par dro\u0161\u012bbu, vienlaikus iev\u0113rojot D\u0101nijas Karalistes sarkan\u0101s l\u012bnijas,&#8221; pazi\u0146oja Rasmusens.<\/p>\n<p>Jau v\u0113st\u012bts, ka Rasmusens un Mocfelta \u0161odien Va\u0161ington\u0101 tik\u0101s ar Vensu un Rubio. Da\u017eas stundas pirms \u0161\u012bm sarun\u0101m D\u0101nijas aizsardz\u012bbas ministrs Troelss Lunds Poulsens, cen\u0161oties mazin\u0101t <a href=\"https:\/\/www.tvnet.lv\/term\/555410\/asv\" class=\"topicLink\" target=\"_blank\" rel=\"nofollow noopener\">ASV<\/a> ba\u017eas par Grenlandes dro\u0161\u012bbu, pazi\u0146oja, ka Kopenh\u0101gena stiprin\u0101s savu milit\u0101ro kl\u0101tb\u016btni sal\u0101, k\u0101 ar\u012b ved sarunas ar sabiedrotajiem par NATO kl\u0101tb\u016btnes palielin\u0101\u0161anu Arktik\u0101.<\/p>\n<p>ASV prezidents <a href=\"https:\/\/www.tvnet.lv\/term\/555636\/donalds-tramps\" class=\"topicLink\" target=\"_blank\" rel=\"nofollow noopener\">Donalds Tramps<\/a> iepriek\u0161 pazi\u0146oja, ka ASV kontrole p\u0101r Grenlandi ir vit\u0101li nepiecie\u0161ama, lai \u012bstenotu vi\u0146a ieceri izveidot pretgaisa un pretra\u0137e\u0161u aizsardz\u012bbas sist\u0113mu &#8220;Zelta kupols&#8221;.<\/p>\n","protected":false},"excerpt":{"rendered":"Reiz\u0113 ar Rasmusenu sarun\u0101s piedal\u012bj\u0101s Grenlandes \u0101rlietu ministre Viviana Mocfelta. &#8220;Mums neizdev\u0101s main\u012bt amerik\u0101\u0146u poz\u012bciju. Ir skaidrs, ka&hellip;\n","protected":false},"author":2,"featured_media":104791,"comment_status":"","ping_status":"","sticky":false,"template":"","format":"standard","meta":{"footnotes":""},"categories":[14],"tags":[23,57,292,28,29,1418,542,32,33,20878,22,30,31,35,39,38,36,37,34,40,20,26,27,24,25,54,55,56,21,58],"class_list":{"0":"post-104790","1":"post","2":"type-post","3":"status-publish","4":"format-standard","5":"has-post-thumbnail","7":"category-zinas-no-arvalstim","8":"tag-aktualitates","9":"tag-arvalstim","10":"tag-asv","11":"tag-breaking-news","12":"tag-breakingnews","13":"tag-danija","14":"tag-donalds-tramps","15":"tag-featured-news","16":"tag-featurednews","17":"tag-grenlande","18":"tag-headlines","19":"tag-latest-news","20":"tag-latestnews","21":"tag-latvia","22":"tag-latvian","23":"tag-latviesu","24":"tag-latviesu-valoda","25":"tag-latviesuvaloda","26":"tag-latvija","27":"tag-lv","28":"tag-news","29":"tag-popularakas-zinas","30":"tag-popularakaszinas","31":"tag-top-stories","32":"tag-topstories","33":"tag-world","34":"tag-world-news","35":"tag-worldnews","36":"tag-zinas","37":"tag-zinas-no-arvalstim"},"share_on_mastodon":{"url":"https:\/\/pubeurope.com\/@lv\/115895458147794832","error":""},"_links":{"self":[{"href":"https:\/\/www.europesays.com\/lv\/wp-json\/wp\/v2\/posts\/104790","targetHints":{"allow":["GET"]}}],"collection":[{"href":"https:\/\/www.europesays.com\/lv\/wp-json\/wp\/v2\/posts"}],"about":[{"href":"https:\/\/www.europesays.com\/lv\/wp-json\/wp\/v2\/types\/post"}],"author":[{"embeddable":true,"href":"https:\/\/www.europesays.com\/lv\/wp-json\/wp\/v2\/users\/2"}],"replies":[{"embeddable":true,"href":"https:\/\/www.europesays.com\/lv\/wp-json\/wp\/v2\/comments?post=104790"}],"version-history":[{"count":0,"href":"https:\/\/www.europesays.com\/lv\/wp-json\/wp\/v2\/posts\/104790\/revisions"}],"wp:featuredmedia":[{"embeddable":true,"href":"https:\/\/www.europesays.com\/lv\/wp-json\/wp\/v2\/media\/104791"}],"wp:attachment":[{"href":"https:\/\/www.europesays.com\/lv\/wp-json\/wp\/v2\/media?parent=104790"}],"wp:term":[{"taxonomy":"category","embeddable":true,"href":"https:\/\/www.europesays.com\/lv\/wp-json\/wp\/v2\/categories?post=104790"},{"taxonomy":"post_tag","embeddable":true,"href":"https:\/\/www.europesays.com\/lv\/wp-json\/wp\/v2\/tags?post=104790"}],"curies":[{"name":"wp","href":"https:\/\/api.w.org\/{rel}","templated":true}]}}