{"id":104796,"date":"2026-01-14T21:03:07","date_gmt":"2026-01-14T21:03:07","guid":{"rendered":"https:\/\/www.europesays.com\/lv\/104796\/"},"modified":"2026-01-14T21:03:07","modified_gmt":"2026-01-14T21:03:07","slug":"situacija-kijiva-ir-loti-sarezgita-zelenskis-izsludinas-arkartejo-stavokli-ukrainas-energetika","status":"publish","type":"post","link":"https:\/\/www.europesays.com\/lv\/104796\/","title":{"rendered":"&#8220;Situ\u0101cija Kijiv\u0101 ir \u013coti sare\u017e\u0123\u012bta.&#8221; Zelenskis izsludin\u0101s \u0101rk\u0101rt\u0113jo st\u0101vokli Ukrainas ener\u0123\u0113tik\u0101"},"content":{"rendered":"<p>Krievija p\u0113d\u0113jos m\u0113ne\u0161os katru dienu ir uzbrukusi Ukrainai ar droniem un ra\u0137et\u0113m, m\u0113r\u0137\u0113jot uz ener\u0123\u0113tikas infrastrukt\u016bru un p\u0101rtraucot elektroapg\u0101di ziemas sal\u0101.<\/p>\n<p>&#8220;Tiks izveidots past\u0101v\u012bgs koordin\u0101cijas \u0161t\u0101bs, lai risin\u0101tu situ\u0101ciju Kijiv\u0101. Kopum\u0101 Ukrainas ener\u0123\u0113tikas nozar\u0113 tiks izsludin\u0101ts \u0101rk\u0101rt\u0113jais st\u0101voklis,&#8221; pazi\u0146oja Zelenskis.<\/p>\n<p>Vi\u0146\u0161 ar\u012b nor\u0101d\u012bja, ka devis r\u012bkojumu vald\u012bbai pastiprin\u0101t centienus, lai sa\u0146emtu atbalstu no sabiedrotajiem, vienk\u0101r\u0161otu noteikumus rezerves energoapg\u0101dei un p\u0101rskat\u012btu komandantstundas noteikumus.<\/p>\n<p>&#8220;Tiek str\u0101d\u0101ts ar\u012b pie t\u0101, lai iev\u0113rojami palielin\u0101tu Ukrainas elektroener\u0123ijas importa apjomu,&#8221; piebilda prezidents.<\/p>\n<p>Kijivas m\u0113rs Vit\u0101lijs Kli\u010dko nor\u0101d\u012bja, ka pag\u0101ju\u0161aj\u0101 piektdien\u0101 p\u0113c Krievijas masveida uzbrukuma puse galvaspils\u0113tas s\u0101kotn\u0113ji palika bez apkures un gaismas.<\/p>\n<blockquote class=\"quote ck-widget\" contenteditable=\"false\">\n<p>&#8220;Situ\u0101cija Kijiv\u0101 ir \u013coti sare\u017e\u0123\u012bta. \u0160\u0101ds m\u0113rogs ir pirmais \u010detru gadu laik\u0101, kop\u0161 notiek pilna m\u0113roga kar\u0161,&#8221; soci\u0101lajos t\u012bklos nor\u0101d\u012bja m\u0113rs.<\/p>\n<\/blockquote>\n<p>Temperat\u016bra Kijiv\u0101 nakt\u012b var\u0113tu nosl\u012bd\u0113t zem m\u012bnus 15 gr\u0101diem p\u0113c Celsija.<\/p>\n<p>Kop\u0161 pag\u0101ju\u0161\u0101s piektdienas varasiest\u0101des ir izveidoju\u0161as Kijiv\u0101 aptuveni 1200 punktus, kur cilv\u0113ki var sasild\u012bties, uzl\u0101d\u0113t ier\u012bces un sa\u0146emt siltu \u0113dienu un dz\u0113rienus.<\/p>\n<p>Kli\u010dko iepriek\u0161 aicin\u0101ja Kijivas iedz\u012bvot\u0101jus, kam ir t\u0101da iesp\u0113ja, uz laiku atst\u0101t pils\u0113tu, kam\u0113r tiek veikti atjauno\u0161anas darbi.<\/p>\n","protected":false},"excerpt":{"rendered":"Krievija p\u0113d\u0113jos m\u0113ne\u0161os katru dienu ir uzbrukusi Ukrainai ar droniem un ra\u0137et\u0113m, m\u0113r\u0137\u0113jot uz ener\u0123\u0113tikas infrastrukt\u016bru un p\u0101rtraucot&hellip;\n","protected":false},"author":2,"featured_media":81724,"comment_status":"","ping_status":"","sticky":false,"template":"","format":"standard","meta":{"footnotes":""},"categories":[14],"tags":[23,57,28,29,32,33,22,74,30,31,35,39,38,36,37,34,40,20,26,27,24,25,276,178,54,55,56,21,58],"class_list":{"0":"post-104796","1":"post","2":"type-post","3":"status-publish","4":"format-standard","5":"has-post-thumbnail","7":"category-zinas-no-arvalstim","8":"tag-aktualitates","9":"tag-arvalstim","10":"tag-breaking-news","11":"tag-breakingnews","12":"tag-featured-news","13":"tag-featurednews","14":"tag-headlines","15":"tag-krievijas-iebrukums-ukraina","16":"tag-latest-news","17":"tag-latestnews","18":"tag-latvia","19":"tag-latvian","20":"tag-latviesu","21":"tag-latviesu-valoda","22":"tag-latviesuvaloda","23":"tag-latvija","24":"tag-lv","25":"tag-news","26":"tag-popularakas-zinas","27":"tag-popularakaszinas","28":"tag-top-stories","29":"tag-topstories","30":"tag-ukraina","31":"tag-volodimirs-zelenskis","32":"tag-world","33":"tag-world-news","34":"tag-worldnews","35":"tag-zinas","36":"tag-zinas-no-arvalstim"},"share_on_mastodon":{"url":"https:\/\/pubeurope.com\/@lv\/115895481235350927","error":""},"_links":{"self":[{"href":"https:\/\/www.europesays.com\/lv\/wp-json\/wp\/v2\/posts\/104796","targetHints":{"allow":["GET"]}}],"collection":[{"href":"https:\/\/www.europesays.com\/lv\/wp-json\/wp\/v2\/posts"}],"about":[{"href":"https:\/\/www.europesays.com\/lv\/wp-json\/wp\/v2\/types\/post"}],"author":[{"embeddable":true,"href":"https:\/\/www.europesays.com\/lv\/wp-json\/wp\/v2\/users\/2"}],"replies":[{"embeddable":true,"href":"https:\/\/www.europesays.com\/lv\/wp-json\/wp\/v2\/comments?post=104796"}],"version-history":[{"count":0,"href":"https:\/\/www.europesays.com\/lv\/wp-json\/wp\/v2\/posts\/104796\/revisions"}],"wp:featuredmedia":[{"embeddable":true,"href":"https:\/\/www.europesays.com\/lv\/wp-json\/wp\/v2\/media\/81724"}],"wp:attachment":[{"href":"https:\/\/www.europesays.com\/lv\/wp-json\/wp\/v2\/media?parent=104796"}],"wp:term":[{"taxonomy":"category","embeddable":true,"href":"https:\/\/www.europesays.com\/lv\/wp-json\/wp\/v2\/categories?post=104796"},{"taxonomy":"post_tag","embeddable":true,"href":"https:\/\/www.europesays.com\/lv\/wp-json\/wp\/v2\/tags?post=104796"}],"curies":[{"name":"wp","href":"https:\/\/api.w.org\/{rel}","templated":true}]}}