{"id":104801,"date":"2026-01-14T21:22:08","date_gmt":"2026-01-14T21:22:08","guid":{"rendered":"https:\/\/www.europesays.com\/lv\/104801\/"},"modified":"2026-01-14T21:22:08","modified_gmt":"2026-01-14T21:22:08","slug":"polija-klust-par-eiropas-drosibas-smaguma-centru-diena","status":"publish","type":"post","link":"https:\/\/www.europesays.com\/lv\/104801\/","title":{"rendered":"Polija k\u013c\u016bst par Eiropas dro\u0161\u012bbas smaguma centru \/ Diena"},"content":{"rendered":"<p>Politi\u0137is sac\u012bja, ka Latvijas un Polijas sadarb\u012bba aizsardz\u012bbas un dro\u0161\u012bbas jom\u0101 balst\u0101s kop\u012bg\u0101 v\u0113stur\u0113 un praktisk\u0101 pieredz\u0113, tostarp ener\u0123\u0113tikas, transporta un infrastrukt\u016bras projektos, k\u0101 ar\u012b sadarb\u012bb\u0101 milit\u0101raj\u0101 sektor\u0101. Ku\u010dinskis sprieda, ka ab\u0101m valst\u012bm ir l\u012bdz\u012bga dro\u0161\u012bbas situ\u0101cijas izpratne, \u012bpa\u0161i attiec\u012bb\u0101 uz Krievijas un Baltkrievijas rad\u012btajiem izaicin\u0101jumiem.<\/p>\n<p>&#13;<br \/>\n&#13;<\/p>\n<blockquote><p>&#13;<\/p>\n<p>Ku\u010dinskis atz\u012bm\u0113ja, ka Eiropas dro\u0161\u012bbas politikas smaguma centrs pak\u0101peniski p\u0101rvietojas uz Centr\u0101leiropu un Austrumeiropu, kur valstis var pie\u0146emt l\u0113mumus \u0101tr\u0101k un r\u012bkoties izl\u0113m\u012bg\u0101k.<\/p>\n<p>&#13;\n<\/p><\/blockquote>\n<p>&#13;<br \/>\n&#13;<\/p>\n<p>Biju\u0161ais Ministru prezidents atz\u012bm\u0113ja, ka dro\u0161\u012bba un ekonomika ir cie\u0161i saist\u012btas, un Polijas piem\u0113rs apliecina, ka aizsardz\u012bbas politika nav atdal\u0101ma no ekonomisk\u0101s izaugsmes un r\u016bpniec\u012bbas att\u012bst\u012bbas. Vi\u0146\u0161 dom\u0101, ka Latvijai ir potenci\u0101ls iesaist\u012bties Eiropas dro\u0161\u012bbas pieg\u0101\u017eu \u0137\u0113d\u0113s, izmantojot industri\u0101lo kapacit\u0101ti, specializ\u0113to komponen\u0161u ra\u017eo\u0161anu, uztur\u0113\u0161anas pakalpojumus un div\u0113j\u0101da lietojuma tehnolo\u0123ijas.<\/p>\n<p>&#13;<br \/>\n&#13;<\/p>\n<p>Run\u0101jot par parlamenta lomu, Ku\u010dinskis uzsv\u0113ra, ka Saeimai j\u0101b\u016bt gatavai piel\u0101got normat\u012bvo regul\u0113jumu, lai veicin\u0101tu aizsardz\u012bbas industrijas att\u012bst\u012bbu un starpvalstu sadarb\u012bbu. P\u0113c vi\u0146a v\u0101rdiem, gad\u012bjumos, kad likumdo\u0161ana kav\u0113 dro\u0161\u012bbas stiprin\u0101\u0161anu vai industri\u0101lo sadarb\u012bbu, parlamentam j\u0101sp\u0113j r\u012bkoties savlaic\u012bgi.<\/p>\n<p>&#13;<\/p>\n","protected":false},"excerpt":{"rendered":"Politi\u0137is sac\u012bja, ka Latvijas un Polijas sadarb\u012bba aizsardz\u012bbas un dro\u0161\u012bbas jom\u0101 balst\u0101s kop\u012bg\u0101 v\u0113stur\u0113 un praktisk\u0101 pieredz\u0113, tostarp&hellip;\n","protected":false},"author":2,"featured_media":104802,"comment_status":"","ping_status":"","sticky":false,"template":"","format":"standard","meta":{"footnotes":""},"categories":[12],"tags":[23,28,29,32,33,22,30,31,35,39,38,36,37,34,40,20,26,27,24,25,21],"class_list":{"0":"post-104801","1":"post","2":"type-post","3":"status-publish","4":"format-standard","5":"has-post-thumbnail","7":"category-latvija","8":"tag-aktualitates","9":"tag-breaking-news","10":"tag-breakingnews","11":"tag-featured-news","12":"tag-featurednews","13":"tag-headlines","14":"tag-latest-news","15":"tag-latestnews","16":"tag-latvia","17":"tag-latvian","18":"tag-latviesu","19":"tag-latviesu-valoda","20":"tag-latviesuvaloda","21":"tag-latvija","22":"tag-lv","23":"tag-news","24":"tag-popularakas-zinas","25":"tag-popularakaszinas","26":"tag-top-stories","27":"tag-topstories","28":"tag-zinas"},"share_on_mastodon":{"url":"https:\/\/pubeurope.com\/@lv\/115895555979231539","error":""},"_links":{"self":[{"href":"https:\/\/www.europesays.com\/lv\/wp-json\/wp\/v2\/posts\/104801","targetHints":{"allow":["GET"]}}],"collection":[{"href":"https:\/\/www.europesays.com\/lv\/wp-json\/wp\/v2\/posts"}],"about":[{"href":"https:\/\/www.europesays.com\/lv\/wp-json\/wp\/v2\/types\/post"}],"author":[{"embeddable":true,"href":"https:\/\/www.europesays.com\/lv\/wp-json\/wp\/v2\/users\/2"}],"replies":[{"embeddable":true,"href":"https:\/\/www.europesays.com\/lv\/wp-json\/wp\/v2\/comments?post=104801"}],"version-history":[{"count":0,"href":"https:\/\/www.europesays.com\/lv\/wp-json\/wp\/v2\/posts\/104801\/revisions"}],"wp:featuredmedia":[{"embeddable":true,"href":"https:\/\/www.europesays.com\/lv\/wp-json\/wp\/v2\/media\/104802"}],"wp:attachment":[{"href":"https:\/\/www.europesays.com\/lv\/wp-json\/wp\/v2\/media?parent=104801"}],"wp:term":[{"taxonomy":"category","embeddable":true,"href":"https:\/\/www.europesays.com\/lv\/wp-json\/wp\/v2\/categories?post=104801"},{"taxonomy":"post_tag","embeddable":true,"href":"https:\/\/www.europesays.com\/lv\/wp-json\/wp\/v2\/tags?post=104801"}],"curies":[{"name":"wp","href":"https:\/\/api.w.org\/{rel}","templated":true}]}}