{"id":104807,"date":"2026-01-14T21:35:09","date_gmt":"2026-01-14T21:35:09","guid":{"rendered":"https:\/\/www.europesays.com\/lv\/104807\/"},"modified":"2026-01-14T21:35:09","modified_gmt":"2026-01-14T21:35:09","slug":"eiropas-savieniba-divu-gadu-laika-pieskirs-ukrainai-90-miljardus-eiro","status":"publish","type":"post","link":"https:\/\/www.europesays.com\/lv\/104807\/","title":{"rendered":"Eiropas Savien\u012bba divu gadu laik\u0101 pie\u0161\u0137irs Ukrainai 90 miljardus eiro"},"content":{"rendered":"<p>&#8220;M\u0113s visi v\u0113lamies mieru Ukrain\u0101, un, lai to pan\u0101ktu, Ukrainai ir j\u0101b\u016bt sp\u0113c\u012bgai,&#8221; uzsv\u0113ra Leiena.<\/p>\n<p>Aizdevumu pakete nodro\u0161in\u0101s &#8220;stabilu un paredzamu finans\u0113jumu&#8221; un &#8220;v\u0113lreiz apliecina Eiropas nelok\u0101mo ap\u0146em\u0161anos stiprin\u0101t Ukrainas dro\u0161\u012bbu, aizsardz\u012bbu un turpm\u0101ko labkl\u0101j\u012bbu,&#8221; vi\u0146a piebilda.<\/p>\n<p>Divas tre\u0161da\u013cas l\u012bdzek\u013cu ir paredz\u0113tas milit\u0101rajam atbalstam. Saska\u0146\u0101 ar pl\u0101nu Ukrainai b\u016bs j\u0101izlieto \u0161\u012b nauda Ukrain\u0101 un Eirop\u0101 ra\u017eotai kara tehnikai, ta\u010du t\u0101 var\u0113s ieg\u0101d\u0101ties iero\u010dus ar\u012b no tre\u0161aj\u0101m valst\u012bm, ja Eirop\u0101 neb\u016bs pieejams nepiecie\u0161amais bru\u0146ojums, skaidroja Leiena.<\/p>\n<p>Paredz\u0113ts, ka \u0161\u0101da milit\u0101r\u0101 pal\u012bdz\u012bba ne tikai stiprin\u0101s Ukrainas sp\u0113jas st\u0101ties pret\u012b Krievijai, bet ar\u012b sekm\u0113s Ukrainas integr\u0101ciju Eiropas aizsardz\u012bbas r\u016bpniec\u012bb\u0101.<\/p>\n<p>30 miljardi eiro ir paredz\u0113ti Ukrainas bud\u017eeta atbalstam, ta\u010du tie ir saist\u012bti ar turpm\u0101k\u0101m reform\u0101m demokr\u0101tijas, tiesiskuma un korupcijas apkaro\u0161anas jom\u0101s. \u0160\u0101di nosac\u012bjumi izvirz\u012bti, &#8220;lai nodro\u0161in\u0101tu, ka <a href=\"https:\/\/www.tvnet.lv\/term\/8497\/ukraina\" class=\"topicLink\" target=\"_blank\" rel=\"nofollow noopener\">Ukraina<\/a> virz\u0101s uz priek\u0161u ce\u013c\u0101 uz pievieno\u0161anos Eiropas Savien\u012bbai&#8221;, un tie &#8220;nav apsprie\u017eami attiec\u012bb\u0101 uz jebk\u0101du finansi\u0101lu atbalstu&#8221;, nor\u0101d\u012bja Leiena.<\/p>\n<p>Vi\u0146a pauda cer\u012bbu, ka pirmais maks\u0101jums Kijivai var\u0113tu tikt p\u0101rskait\u012bts jau apr\u012bl\u012b, tikl\u012bdz Eiropas Parlaments (EP) un ES dal\u012bbvalstis b\u016bs r\u016bp\u012bgi izskat\u012bju\u0161as priek\u0161likumu.<\/p>\n","protected":false},"excerpt":{"rendered":"&#8220;M\u0113s visi v\u0113lamies mieru Ukrain\u0101, un, lai to pan\u0101ktu, Ukrainai ir j\u0101b\u016bt sp\u0113c\u012bgai,&#8221; uzsv\u0113ra Leiena. Aizdevumu pakete nodro\u0161in\u0101s&hellip;\n","protected":false},"author":2,"featured_media":104808,"comment_status":"","ping_status":"","sticky":false,"template":"","format":"standard","meta":{"footnotes":""},"categories":[5],"tags":[23,28,29,514,32,33,22,74,30,31,35,39,38,36,37,34,40,20,26,27,24,25,276,5507,21],"class_list":{"0":"post-104807","1":"post","2":"type-post","3":"status-publish","4":"format-standard","5":"has-post-thumbnail","7":"category-aktualitates","8":"tag-aktualitates","9":"tag-breaking-news","10":"tag-breakingnews","11":"tag-eiropas-savieniba","12":"tag-featured-news","13":"tag-featurednews","14":"tag-headlines","15":"tag-krievijas-iebrukums-ukraina","16":"tag-latest-news","17":"tag-latestnews","18":"tag-latvia","19":"tag-latvian","20":"tag-latviesu","21":"tag-latviesu-valoda","22":"tag-latviesuvaloda","23":"tag-latvija","24":"tag-lv","25":"tag-news","26":"tag-popularakas-zinas","27":"tag-popularakaszinas","28":"tag-top-stories","29":"tag-topstories","30":"tag-ukraina","31":"tag-urzula-fon-der-leiena","32":"tag-zinas"},"share_on_mastodon":{"url":"https:\/\/pubeurope.com\/@lv\/115895607194879961","error":""},"_links":{"self":[{"href":"https:\/\/www.europesays.com\/lv\/wp-json\/wp\/v2\/posts\/104807","targetHints":{"allow":["GET"]}}],"collection":[{"href":"https:\/\/www.europesays.com\/lv\/wp-json\/wp\/v2\/posts"}],"about":[{"href":"https:\/\/www.europesays.com\/lv\/wp-json\/wp\/v2\/types\/post"}],"author":[{"embeddable":true,"href":"https:\/\/www.europesays.com\/lv\/wp-json\/wp\/v2\/users\/2"}],"replies":[{"embeddable":true,"href":"https:\/\/www.europesays.com\/lv\/wp-json\/wp\/v2\/comments?post=104807"}],"version-history":[{"count":0,"href":"https:\/\/www.europesays.com\/lv\/wp-json\/wp\/v2\/posts\/104807\/revisions"}],"wp:featuredmedia":[{"embeddable":true,"href":"https:\/\/www.europesays.com\/lv\/wp-json\/wp\/v2\/media\/104808"}],"wp:attachment":[{"href":"https:\/\/www.europesays.com\/lv\/wp-json\/wp\/v2\/media?parent=104807"}],"wp:term":[{"taxonomy":"category","embeddable":true,"href":"https:\/\/www.europesays.com\/lv\/wp-json\/wp\/v2\/categories?post=104807"},{"taxonomy":"post_tag","embeddable":true,"href":"https:\/\/www.europesays.com\/lv\/wp-json\/wp\/v2\/tags?post=104807"}],"curies":[{"name":"wp","href":"https:\/\/api.w.org\/{rel}","templated":true}]}}