{"id":104811,"date":"2026-01-14T21:37:08","date_gmt":"2026-01-14T21:37:08","guid":{"rendered":"https:\/\/www.europesays.com\/lv\/104811\/"},"modified":"2026-01-14T21:37:08","modified_gmt":"2026-01-14T21:37:08","slug":"latvijas-sportiste-nikola-fomcenkova-eiropas-cempionata-dailslidosana-aizvadijusi-iso-programmu","status":"publish","type":"post","link":"https:\/\/www.europesays.com\/lv\/104811\/","title":{"rendered":"Latvijas sportiste Nikola Fom\u010denkova Eiropas \u010dempion\u0101t\u0101 dai\u013cslido\u0161an\u0101 aizvad\u012bjusi \u012bso programmu"},"content":{"rendered":"<p>No 38 sportist\u0113m izv\u0113les programmai kvalific\u0113sies 24 lab\u0101ko rezult\u0101tu \u012bpa\u0161nieces. \u0160obr\u012bd Fom\u010denkova ir pirmsp\u0113d\u0113j\u0101 no 26 start\u0113ju\u0161aj\u0101m sportist\u0113m un izv\u0113les programmai nekvalific\u0113sies. P\u0113d\u0113j\u0101s grup\u0101s start\u0113 sportistes, kur\u0101m l\u012bdz \u0161im biju\u0161i augstv\u0113rt\u012bg\u0101ki rezult\u0101ti, l\u012bdz ar to Fom\u010denkova meistarsac\u012bkstes nosl\u0113gs, visticam\u0101k, 37. poz\u012bcij\u0101.<\/p>\n","protected":false},"excerpt":{"rendered":"No 38 sportist\u0113m izv\u0113les programmai kvalific\u0113sies 24 lab\u0101ko rezult\u0101tu \u012bpa\u0161nieces. \u0160obr\u012bd Fom\u010denkova ir pirmsp\u0113d\u0113j\u0101 no 26 start\u0113ju\u0161aj\u0101m sportist\u0113m&hellip;\n","protected":false},"author":2,"featured_media":104812,"comment_status":"","ping_status":"","sticky":false,"template":"","format":"standard","meta":{"footnotes":""},"categories":[17],"tags":[35,39,38,36,37,34,40,67],"class_list":{"0":"post-104811","1":"post","2":"type-post","3":"status-publish","4":"format-standard","5":"has-post-thumbnail","7":"category-sports","8":"tag-latvia","9":"tag-latvian","10":"tag-latviesu","11":"tag-latviesu-valoda","12":"tag-latviesuvaloda","13":"tag-latvija","14":"tag-lv","15":"tag-sports"},"share_on_mastodon":{"url":"https:\/\/pubeurope.com\/@lv\/115895614984125633","error":""},"_links":{"self":[{"href":"https:\/\/www.europesays.com\/lv\/wp-json\/wp\/v2\/posts\/104811","targetHints":{"allow":["GET"]}}],"collection":[{"href":"https:\/\/www.europesays.com\/lv\/wp-json\/wp\/v2\/posts"}],"about":[{"href":"https:\/\/www.europesays.com\/lv\/wp-json\/wp\/v2\/types\/post"}],"author":[{"embeddable":true,"href":"https:\/\/www.europesays.com\/lv\/wp-json\/wp\/v2\/users\/2"}],"replies":[{"embeddable":true,"href":"https:\/\/www.europesays.com\/lv\/wp-json\/wp\/v2\/comments?post=104811"}],"version-history":[{"count":0,"href":"https:\/\/www.europesays.com\/lv\/wp-json\/wp\/v2\/posts\/104811\/revisions"}],"wp:featuredmedia":[{"embeddable":true,"href":"https:\/\/www.europesays.com\/lv\/wp-json\/wp\/v2\/media\/104812"}],"wp:attachment":[{"href":"https:\/\/www.europesays.com\/lv\/wp-json\/wp\/v2\/media?parent=104811"}],"wp:term":[{"taxonomy":"category","embeddable":true,"href":"https:\/\/www.europesays.com\/lv\/wp-json\/wp\/v2\/categories?post=104811"},{"taxonomy":"post_tag","embeddable":true,"href":"https:\/\/www.europesays.com\/lv\/wp-json\/wp\/v2\/tags?post=104811"}],"curies":[{"name":"wp","href":"https:\/\/api.w.org\/{rel}","templated":true}]}}